{"id":556594,"date":"2025-11-25T01:40:23","date_gmt":"2025-11-25T01:40:23","guid":{"rendered":"https:\/\/www.europesays.com\/fr\/556594\/"},"modified":"2025-11-25T01:40:23","modified_gmt":"2025-11-25T01:40:23","slug":"la-ville-de-marseille-poursuit-les-multiproprietaires-airbnb","status":"publish","type":"post","link":"https:\/\/www.europesays.com\/fr\/556594\/","title":{"rendered":"la Ville de Marseille poursuit les multipropri\u00e9taires Airbnb"},"content":{"rendered":"<p>\u00ab\u00a0Mon client voulait faire des logements pour les \u00e9tudiants en m\u00e9decine mais n\u2019a pas r\u00e9ussi et chang\u00e9 de projet.\u00a0\u00bb Me Pierre Le Beller a fait rire (jaune) le nombreux public de la salle d\u2019audience du tribunal judiciaire de Marseille. Son client, le chirurgien Vincent Challier, \u00e9tait assign\u00e9 par la Ville, ce lundi 24\u00a0novembre, <a href=\"https:\/\/www.laprovence.com\/article\/region\/4391931680928114\/airbnb-les-multiproprietaires-toujours-dans-le-viseur-de-la-ville-de-marseillle\" target=\"_blank\" rel=\"noopener\">comme trois autres multipropri\u00e9taires qui ont lou\u00e9 ill\u00e9galement des appartements sur Airbnb<\/a>. L\u2019adjoint (GRS) en charge du logement, Patrick Amico, lui, n\u2019a que peu go\u00fbt\u00e9 la tentative de l\u2019avocat. \u00ab\u00a0\u00c7a ne m\u2019a pas amus\u00e9. Mais il faut se f\u00e9liciter d\u2019en \u00eatre l\u00e0, cela montre que le travail de la brigade de contr\u00f4le paie.\u00a0\u00bb<\/p>\n<p>Celle-ci avait \u00e9t\u00e9 bien aid\u00e9e par un reportage de Compl\u00e9ment d\u2019enqu\u00eate, diffus\u00e9 en janvier\u00a02024, pour tomber sur Vincent Challier. Orthop\u00e9diste de P\u00e9rigueux, il avait rachet\u00e9, via sa soci\u00e9t\u00e9 La Niche, un immeuble du 1er arrondissement (30\u00a0rue Thiers) et transform\u00e9 les six appartements en 14 chambres. \u00ab\u00a0<a href=\"https:\/\/www.laprovence.com\/article\/region\/33923248949515\/compensation-des-le-premier-bien-a-marseille-quelle-efficacite-pour-la-nouvelle-reglementation-anti-airbnb\" target=\"_blank\" rel=\"noopener\">L\u2019offre Airbnb, \u00e0 Marseille<\/a>, marche bien. C\u2019est important la l\u00e9galit\u00e9, mais ici tout le monde m\u2019a dit\u00a0: &lsquo;C\u2019est Marseille b\u00e9b\u00e9&rsquo;. C\u2019est-\u00e0-dire qu\u2019on doit se d\u00e9brouiller, c\u2019est un flagrant d\u00e9lit d\u2019ill\u00e9galit\u00e9. Mais est-ce que j\u2019ai tu\u00e9 quelqu\u2019un\u00a0? Je n\u2019empois&#8230;<\/p>\n","protected":false},"excerpt":{"rendered":"\u00ab\u00a0Mon client voulait faire des logements pour les \u00e9tudiants en m\u00e9decine mais n\u2019a pas r\u00e9ussi et chang\u00e9 de&hellip;\n","protected":false},"author":2,"featured_media":556595,"comment_status":"","ping_status":"","sticky":false,"template":"","format":"standard","meta":{"footnotes":""},"categories":[2814],"tags":[17,1111,11,7622,154,1777,674,67403,1011,27,884,12,15757,882,16,25,27322,4824],"class_list":{"0":"post-556594","1":"post","2":"type-post","3":"status-publish","4":"format-standard","5":"has-post-thumbnail","7":"category-marseille","8":"tag-17","9":"tag-actu","10":"tag-actualites","11":"tag-amendes","12":"tag-des","13":"tag-eu","14":"tag-europe","15":"tag-exemplaires","16":"tag-fr","17":"tag-france","18":"tag-marseille","19":"tag-news","20":"tag-pedagogique","21":"tag-provence-alpes-cote-dazur","22":"tag-region","23":"tag-republique-francaise","24":"tag-valeur","25":"tag-ville"},"share_on_mastodon":{"url":"https:\/\/pubeurope.com\/@fr\/115607792891634041","error":""},"_links":{"self":[{"href":"https:\/\/www.europesays.com\/fr\/wp-json\/wp\/v2\/posts\/556594","targetHints":{"allow":["GET"]}}],"collection":[{"href":"https:\/\/www.europesays.com\/fr\/wp-json\/wp\/v2\/posts"}],"about":[{"href":"https:\/\/www.europesays.com\/fr\/wp-json\/wp\/v2\/types\/post"}],"author":[{"embeddable":true,"href":"https:\/\/www.europesays.com\/fr\/wp-json\/wp\/v2\/users\/2"}],"replies":[{"embeddable":true,"href":"https:\/\/www.europesays.com\/fr\/wp-json\/wp\/v2\/comments?post=556594"}],"version-history":[{"count":0,"href":"https:\/\/www.europesays.com\/fr\/wp-json\/wp\/v2\/posts\/556594\/revisions"}],"wp:featuredmedia":[{"embeddable":true,"href":"https:\/\/www.europesays.com\/fr\/wp-json\/wp\/v2\/media\/556595"}],"wp:attachment":[{"href":"https:\/\/www.europesays.com\/fr\/wp-json\/wp\/v2\/media?parent=556594"}],"wp:term":[{"taxonomy":"category","embeddable":true,"href":"https:\/\/www.europesays.com\/fr\/wp-json\/wp\/v2\/categories?post=556594"},{"taxonomy":"post_tag","embeddable":true,"href":"https:\/\/www.europesays.com\/fr\/wp-json\/wp\/v2\/tags?post=556594"}],"curies":[{"name":"wp","href":"https:\/\/api.w.org\/{rel}","templated":true}]}}