{"id":556596,"date":"2025-11-25T01:41:12","date_gmt":"2025-11-25T01:41:12","guid":{"rendered":"https:\/\/www.europesays.com\/fr\/556596\/"},"modified":"2025-11-25T01:41:12","modified_gmt":"2025-11-25T01:41:12","slug":"gregory-doucet-denonce-la-liste-des-genocidaires-a-boycotter-du-prof-de-lyon-2","status":"publish","type":"post","link":"https:\/\/www.europesays.com\/fr\/556596\/","title":{"rendered":"Gr\u00e9gory Doucet d\u00e9nonce la liste des \u00ab\u00a0g\u00e9nocidaires \u00e0 boycotter\u00a0\u00bb du prof de Lyon 2"},"content":{"rendered":"<p itemprop=\"description\"><strong>Seul contre tous.<\/strong><\/p>\n<p>En diffusant en septembre dernier une liste de 20 personnalit\u00e9s, essentiellement de confession juive, d\u00e9sign\u00e9es comme des \u00ab\u00a0sionistes g\u00e9nocidaires \u00e0 boycotter\u00a0\u00bb, <a href=\"https:\/\/www.lyonmag.com\/article\/148458\/le-prof-d-histoire-listait-les-sionistes-genocidaires-a-boycotter-nouveau-scandale-a-l-universite-lyon-2\" target=\"_blank\" rel=\"noopener\">Julien Th\u00e9ry se retrouve au coeur du cyclone<\/a>.<\/p>\n<p>Ce lundi soir, c&rsquo;est au tour du maire de Lyon Gr\u00e9gory Doucet de d\u00e9noncer cette \u00ab\u00a0publication indigne aux relents naus\u00e9abonds\u00a0\u00bb du professeur d&rsquo;histoire m\u00e9di\u00e9vale de l&rsquo;universit\u00e9 Lyon 2. \u00ab\u00a0\u00c0 l\u2019heure o\u00f9 l\u2019antis\u00e9mitisme prend des proportions plus qu\u2019inqui\u00e9tantes en France, dresser de telles listes revient \u00e0 mettre une cible sur les personnalit\u00e9s cit\u00e9es et ne peut que susciter un profond \u00e9moi. Je condamne sans \u00e9quivoque cette mise au ban et salue la r\u00e9action imm\u00e9diate de l\u2019Universit\u00e9 Lumi\u00e8re Lyon 2, qui s\u2019est clairement d\u00e9solidaris\u00e9e et a indiqu\u00e9 engager les mesures qui s\u2019imposent\u00a0\u00bb, poursuit l&rsquo;\u00e9dile \u00e9cologiste.<\/p>\n<p>Ce jeudi, Gr\u00e9gory Doucet plantera un arbre en hommage \u00e0 Ilan Halimi, r\u00e9pondant favorablement \u00e0 l&rsquo;appel lanc\u00e9 par l&rsquo;avocat lyonnais Alain Jakubowicz. Un acte qui sera \u00ab\u00a0une nouvelle d\u00e9monstration\u00a0\u00bb de la d\u00e9fense \u00ab\u00a0sans rel\u00e2che des valeurs r\u00e9publicaines et de lutte contre toutes les formes de haine\u00a0\u00bb de la Ville de Lyon selon le maire.<\/p>\n","protected":false},"excerpt":{"rendered":"Seul contre tous. En diffusant en septembre dernier une liste de 20 personnalit\u00e9s, essentiellement de confession juive, d\u00e9sign\u00e9es&hellip;\n","protected":false},"author":2,"featured_media":556597,"comment_status":"","ping_status":"","sticky":false,"template":"","format":"standard","meta":{"footnotes":""},"categories":[1889],"tags":[1111,11,2813,2190,2430,1109,251,1112,2811,1777,674,118,1011,27,1922,1110,1114,2428,2810,12,241,316,25,2812,517,800],"class_list":{"0":"post-556596","1":"post","2":"type-post","3":"status-publish","4":"format-standard","5":"has-post-thumbnail","7":"category-lyon","8":"tag-actu","9":"tag-actualites","10":"tag-article","11":"tag-asvel","12":"tag-auvergne-rhone-alpes","13":"tag-breves","14":"tag-culture","15":"tag-depeches","16":"tag-economique","17":"tag-eu","18":"tag-europe","19":"tag-faits-divers","20":"tag-fr","21":"tag-france","22":"tag-info","23":"tag-informations","24":"tag-infos","25":"tag-lyon","26":"tag-lyonmag","27":"tag-news","28":"tag-ol","29":"tag-politique","30":"tag-republique-francaise","31":"tag-sociale","32":"tag-sport","33":"tag-transports"},"share_on_mastodon":{"url":"https:\/\/pubeurope.com\/@fr\/115607796915550440","error":""},"_links":{"self":[{"href":"https:\/\/www.europesays.com\/fr\/wp-json\/wp\/v2\/posts\/556596","targetHints":{"allow":["GET"]}}],"collection":[{"href":"https:\/\/www.europesays.com\/fr\/wp-json\/wp\/v2\/posts"}],"about":[{"href":"https:\/\/www.europesays.com\/fr\/wp-json\/wp\/v2\/types\/post"}],"author":[{"embeddable":true,"href":"https:\/\/www.europesays.com\/fr\/wp-json\/wp\/v2\/users\/2"}],"replies":[{"embeddable":true,"href":"https:\/\/www.europesays.com\/fr\/wp-json\/wp\/v2\/comments?post=556596"}],"version-history":[{"count":0,"href":"https:\/\/www.europesays.com\/fr\/wp-json\/wp\/v2\/posts\/556596\/revisions"}],"wp:featuredmedia":[{"embeddable":true,"href":"https:\/\/www.europesays.com\/fr\/wp-json\/wp\/v2\/media\/556597"}],"wp:attachment":[{"href":"https:\/\/www.europesays.com\/fr\/wp-json\/wp\/v2\/media?parent=556596"}],"wp:term":[{"taxonomy":"category","embeddable":true,"href":"https:\/\/www.europesays.com\/fr\/wp-json\/wp\/v2\/categories?post=556596"},{"taxonomy":"post_tag","embeddable":true,"href":"https:\/\/www.europesays.com\/fr\/wp-json\/wp\/v2\/tags?post=556596"}],"curies":[{"name":"wp","href":"https:\/\/api.w.org\/{rel}","templated":true}]}}