{"id":556598,"date":"2025-11-25T01:42:18","date_gmt":"2025-11-25T01:42:18","guid":{"rendered":"https:\/\/www.europesays.com\/fr\/556598\/"},"modified":"2025-11-25T01:42:18","modified_gmt":"2025-11-25T01:42:18","slug":"un-enseignant-de-lyon-ii-vilipende-pour-avoir-publie-une-liste-de-genocidaires-liberation","status":"publish","type":"post","link":"https:\/\/www.europesays.com\/fr\/556598\/","title":{"rendered":"Un enseignant de Lyon-II vilipend\u00e9 pour avoir publi\u00e9 une liste de \u00abg\u00e9nocidaires\u00bb \u2013 Lib\u00e9ration"},"content":{"rendered":"<p class=\"sc-cPiKLX AiZTS text-element\">Une liste de vingt noms avec un court message l\u2019accompagnant\u00a0: \u00abg\u00e9nocidaires \u00e0 boycotter\u00bb. L\u2019auteur de ce document, un enseignant-chercheur de <a href=\"https:\/\/www.liberation.fr\/idees-et-debats\/universite-des-conditions-detudes-marquees-par-un-climat-sexiste-et-sexualise-20221019_IPRYDQMXQVGAJDWDWGCXSFIESA\/?redirected=1\" target=\"_blank\" rel=\"noreferrer noopener\" title=\"https:\/\/www.liberation.fr\/idees-et-debats\/universite-des-conditions-detudes-marquees-par-un-climat-sexiste-et-sexualise-20221019_IPRYDQMXQVGAJDWDWGCXSFIESA\/?redirected=1\">l\u2019universit\u00e9 Lyon-II<\/a>, a essuy\u00e9 de vives critiques apr\u00e8s avoir publi\u00e9 sur son compte Facebook le 20\u00a0septembre le nom de vingt personnalit\u00e9s, dont une majorit\u00e9 de confession juive. La Ligue contre le racisme et l\u2019antis\u00e9mitisme (Licra) a mis au jour vendredi ce message d\u2019un professeur d\u2019histoire m\u00e9di\u00e9vale. Le post de l\u2019enseignant n\u2019est plus disponible.<\/p>\n<p class=\"sc-cPiKLX AiZTS text-element\">Sous la mention \u00ab20 g\u00e9nocidaires \u00e0 boycotter en toutes circonstances\u00bb, figuraient les noms d\u2019Arthur, des acteurs <a href=\"https:\/\/www.liberation.fr\/portraits\/charlotte-gainsbourg-salleger-20250429_M2IE54ZJG5GJNM4WZDABWJI7DU\/\" target=\"_blank\" rel=\"noreferrer noopener\" title=\"https:\/\/www.liberation.fr\/portraits\/charlotte-gainsbourg-salleger-20250429_M2IE54ZJG5GJNM4WZDABWJI7DU\/\">Charlotte Gainsbourg<\/a> et Philippe Torreton, ou encore du philosophe Bernard-Henri L\u00e9vy, assortis de leurs photos. La veille de la publication de ce post, ces personnalit\u00e9s avaient publi\u00e9 dans le Figaro une <a href=\"https:\/\/www.liberation.fr\/idees-et-debats\/tribunes\/charlotte-gainsbourg-ma-mere-et-la-palestine-par-jean-yves-halimi-20251002_4T4WE3RK2ZHGFKONKSORTGW43Y\/\" target=\"_blank\" rel=\"noreferrer noopener\" title=\"https:\/\/www.liberation.fr\/idees-et-debats\/tribunes\/charlotte-gainsbourg-ma-mere-et-la-palestine-par-jean-yves-halimi-20251002_4T4WE3RK2ZHGFKONKSORTGW43Y\/\">lettre ouverte \u00e0 Emmanuel Macron<\/a>, qui s\u2019appr\u00eatait \u00e0 reconna\u00eetre au nom de la France l\u2019Etat palestinien, pour lui demander d\u2019exiger d\u2019abord la lib\u00e9ration de tous les otages retenus \u00e0 Gaza et le d\u00e9mant\u00e8lement du Hamas.<\/p>\n<p class=\"sc-cPiKLX AiZTS text-element\">\u00abL\u2019appel au boycott des personnes physiques, c\u2019est de la provocation \u00e0 la discrimination et \u00e0 la violence\u00bb, d\u00e9nonce la Licra en accusant l\u2019enseignant de \u00abfaire des listes, comme on en faisait sous l\u2019Occupation\u00bb. De son c\u00f4t\u00e9, la pr\u00e9sidence de l\u2019\u00e9tablissement s\u2019est d\u00e9solidaris\u00e9e du professeur\u00a0: \u00abNous condamnons avec la plus grande fermet\u00e9 le contenu de cette publication, qui ne repr\u00e9sente aucunement notre universit\u00e9 ni les valeurs qu\u2019elle d\u00e9fend et transmet\u00bb, a-t-elle comment\u00e9 sur son site internet.<\/p>\n<p class=\"sc-cPiKLX AiZTS text-element\">\u00abTout en reconnaissant \u00e0 ce coll\u00e8gue, qui n\u2019exerce aucune fonction de repr\u00e9sentation de notre \u00e9tablissement, un droit absolu d\u2019expression \u00e0 titre individuel et priv\u00e9, nous n\u2019en sommes pas moins tr\u00e8s choqu\u00e9s par un proc\u00e9d\u00e9 dont nous nous d\u00e9solidarisons compl\u00e8tement\u00bb, ajoute-t-elle, pr\u00e9cisant r\u00e9fl\u00e9chir aux \u00abmesures qui s\u2019imposent\u00bb.<\/p>\n<p class=\"sc-cPiKLX AiZTS text-element\">Dans un autre message sur X, le ministre de l\u2019Enseignement sup\u00e9rieur, <a href=\"https:\/\/www.liberation.fr\/societe\/education\/un-ministre-de-lenseignement-superieur-passe-par-totalenergies-preuve-de-son-influence-dans-tous-les-champs-de-la-societe-20241225_E7XM6OVVCFFSVGNLJUXV5DSJN4\/\" target=\"_blank\" rel=\"noreferrer noopener\" title=\"https:\/\/www.liberation.fr\/societe\/education\/un-ministre-de-lenseignement-superieur-passe-par-totalenergies-preuve-de-son-influence-dans-tous-les-champs-de-la-societe-20241225_E7XM6OVVCFFSVGNLJUXV5DSJN4\/\">Philippe Baptiste<\/a>, a \u00abpris acte\u00bb de cette r\u00e9action et apport\u00e9 tout son \u00absoutien aux personnes cit\u00e9es, \u00e0 tous ceux que cette liste a choqu\u00e9s\u00bb.<\/p>\n<p class=\"sc-cPiKLX AiZTS text-element\">Le chef des d\u00e9put\u00e9s LR Laurent Wauquiez a pour sa part jug\u00e9 ce message \u00abproprement hallucinant\u00bb et d\u00e9nonc\u00e9 sur X \u00abl\u2019antis\u00e9mitisme ordinaire d\u2019extr\u00eame gauche dans nos universit\u00e9s\u00bb se disant confort\u00e9 dans son choix de suspendre les aides r\u00e9gionales \u00e0 Lyon-II. En mai, Laurent Wauquiez avait annonc\u00e9 en tant que conseiller sp\u00e9cial aupr\u00e8s du pr\u00e9sident de la r\u00e9gion Auvergne-Rh\u00f4ne-Alpes la suspension de ces subventions, apr\u00e8s l\u2019interruption d\u2019un cours de Fabrice Balanche, sp\u00e9cialiste de l\u2019Irak et de la Syrie, par des militants qui l\u2019avaient tax\u00e9 de \u00absioniste\u00bb.<\/p>\n<p class=\"sc-cPiKLX AiZTS text-element\">Une enqu\u00eate pour apologie du terrorisme a \u00e9galement \u00e9t\u00e9 ouverte apr\u00e8s des propos laudateurs sur le Hezbollah attribu\u00e9s au vice-pr\u00e9sident Willy Beauvallet-Haddad, qui a quitt\u00e9 ses fonctions depuis.<\/p>\n","protected":false},"excerpt":{"rendered":"Une liste de vingt noms avec un court message l\u2019accompagnant\u00a0: \u00abg\u00e9nocidaires \u00e0 boycotter\u00bb. L\u2019auteur de ce document, un&hellip;\n","protected":false},"author":2,"featured_media":556599,"comment_status":"","ping_status":"","sticky":false,"template":"","format":"standard","meta":{"footnotes":""},"categories":[1889],"tags":[1111,11,6155,2430,1777,674,1011,27,3517,3523,2428,12,25],"class_list":{"0":"post-556598","1":"post","2":"type-post","3":"status-publish","4":"format-standard","5":"has-post-thumbnail","7":"category-lyon","8":"tag-actu","9":"tag-actualites","10":"tag-antisemitisme","11":"tag-auvergne-rhone-alpes","12":"tag-eu","13":"tag-europe","14":"tag-fr","15":"tag-france","16":"tag-gaza-l-escalade","17":"tag-israel-palestine-conflit","18":"tag-lyon","19":"tag-news","20":"tag-republique-francaise"},"share_on_mastodon":{"url":"https:\/\/pubeurope.com\/@fr\/115607800573712724","error":""},"_links":{"self":[{"href":"https:\/\/www.europesays.com\/fr\/wp-json\/wp\/v2\/posts\/556598","targetHints":{"allow":["GET"]}}],"collection":[{"href":"https:\/\/www.europesays.com\/fr\/wp-json\/wp\/v2\/posts"}],"about":[{"href":"https:\/\/www.europesays.com\/fr\/wp-json\/wp\/v2\/types\/post"}],"author":[{"embeddable":true,"href":"https:\/\/www.europesays.com\/fr\/wp-json\/wp\/v2\/users\/2"}],"replies":[{"embeddable":true,"href":"https:\/\/www.europesays.com\/fr\/wp-json\/wp\/v2\/comments?post=556598"}],"version-history":[{"count":0,"href":"https:\/\/www.europesays.com\/fr\/wp-json\/wp\/v2\/posts\/556598\/revisions"}],"wp:featuredmedia":[{"embeddable":true,"href":"https:\/\/www.europesays.com\/fr\/wp-json\/wp\/v2\/media\/556599"}],"wp:attachment":[{"href":"https:\/\/www.europesays.com\/fr\/wp-json\/wp\/v2\/media?parent=556598"}],"wp:term":[{"taxonomy":"category","embeddable":true,"href":"https:\/\/www.europesays.com\/fr\/wp-json\/wp\/v2\/categories?post=556598"},{"taxonomy":"post_tag","embeddable":true,"href":"https:\/\/www.europesays.com\/fr\/wp-json\/wp\/v2\/tags?post=556598"}],"curies":[{"name":"wp","href":"https:\/\/api.w.org\/{rel}","templated":true}]}}