{"id":556602,"date":"2025-11-25T01:47:14","date_gmt":"2025-11-25T01:47:14","guid":{"rendered":"https:\/\/www.europesays.com\/fr\/556602\/"},"modified":"2025-11-25T01:47:14","modified_gmt":"2025-11-25T01:47:14","slug":"avec-la-reine-des-neiges-disneyland-paris-inaugure-une-nouvelle-ere-actualites","status":"publish","type":"post","link":"https:\/\/www.europesays.com\/fr\/556602\/","title":{"rendered":"Avec la Reine des Neiges, Disneyland Paris inaugure une nouvelle \u00e8re : Actualit\u00e9s"},"content":{"rendered":"<p class=\"lead \">\u00ab\u00a0Lib\u00e9r\u00e9e, d\u00e9livr\u00e9e\u00a0\u00bb: Disneyland Paris inaugurera le 29 mars son espace d\u00e9di\u00e9 \u00e0 \u00ab\u00a0La Reine des Neiges\u00a0\u00bb, nouvelle \u00e9tape d&rsquo;un projet d&rsquo;extension \u00e0 deux milliards d&rsquo;euros cens\u00e9 renforcer la domination du parc d&rsquo;attractions, premi\u00e8re destination touristique priv\u00e9e d&rsquo;Europe. <\/p>\n<p class=\"lead \">Les fans d&rsquo;Anna et d&rsquo;Elsa pourront bient\u00f4t chanter \u00e0 tue-t\u00eate \u00e0 bord d&rsquo;un bateau dans une nouvelle attraction&#8230; Ou simplement en parcourant le somptueux village norv\u00e9gien fictif d&rsquo;Arendelle, surplomb\u00e9 d&rsquo;une montagne enneig\u00e9e haute de 36 m\u00e8tres, elle-m\u00eame couronn\u00e9e d&rsquo;un palais de glace, au sein du parc Walt Disney Studios. <\/p>\n<p class=\"lead \">Ce dernier, ouvert en 2002, soit dix ans apr\u00e8s le parc classique, \u00e0 Chessy (Seine-et-Marne) sera rebaptis\u00e9 pour l&rsquo;occasion Disney Adventure World. <\/p>\n<p class=\"lead \">Il accueillera dans les ann\u00e9es \u00e0 venir un univers et une attraction aux couleurs d&rsquo;un autre grand succ\u00e8s de la firme aux grandes oreilles, \u00ab\u00a0Le Roi Lion\u00a0\u00bb, dont la construction a d\u00e9marr\u00e9 cet automne. <\/p>\n<p class=\"lead \">Au terme de sa transformation, ce parc g\u00e9n\u00e9ralement moins appr\u00e9ci\u00e9 que son grand fr\u00e8re aura \u00ab\u00a0quasiment doubl\u00e9 de taille\u00a0\u00bb, s&rsquo;est f\u00e9licit\u00e9e Natacha Rafalski, pr\u00e9sidente de Disneyland Paris, en amont d&rsquo;une visite organis\u00e9e pour de nombreux m\u00e9dias fran\u00e7ais et internationaux, ainsi que des fans et influenceurs. <\/p>\n<p class=\"lead \">\u00ab\u00a0Il s&rsquo;agit d&rsquo;une \u00e9tape d\u00e9cisive pour Disneyland Paris\u00a0\u00bb, a-t-elle insist\u00e9.<\/p>\n<p class=\"lead \">&#8211; Innovations &#8211;<\/p>\n<p class=\"lead \">En attendant Simba et autres animaux de la savane, Disney Adventure World s&rsquo;organisera autour d&rsquo;un lac de trois hectares con\u00e7u pour un nouveau spectacle nocturne de 16 minutes \u00e0 360\u00b0 alliant jets d&rsquo;eau, effets pyrotechniques, 279 drones a\u00e9riens et 100 drones aquatiques \u00e0 la technologie in\u00e9dite, selon Disneyand Paris.<\/p>\n<p class=\"lead \">\u00ab\u00a0Disney Adventure World permettra non seulement \u00e0 nos visiteurs de vivre une exp\u00e9rience immersive encore plus intense, mais repoussera \u00e9galement les limites technologiques telles que nous les connaissons aujourd&rsquo;hui\u00a0\u00bb, a promis Bruce Vaughn, pr\u00e9sident et directeur cr\u00e9atif de Walt Disney Imagineering.<\/p>\n<p class=\"lead \">En t\u00e9moigne selon lui le robot dernier cri d&rsquo;Olaf, le bonhomme de neige et ami des soeurs d&rsquo;Arendelle, pr\u00e9sent\u00e9 \u00e0 la presse et qui pourra interagir avec les visiteurs.<\/p>\n<p class=\"lead \">La nouvelle mouture du parc proposera aussi une attraction in\u00e9dite inspir\u00e9e du film \u00ab\u00a0Raiponce\u00a0\u00bb, similaire dans son principe aux tasses tournoyantes d'\u00a0\u00bbAlice aux pays des merveilles\u00a0\u00bb situ\u00e9es dans l&rsquo;autre parc, des espaces v\u00e9g\u00e9talis\u00e9s, un nouveau restaurant haut de gamme de style art d\u00e9co, aux couleurs des princesses Disney, ainsi que le tout premier bar des deux parcs.<\/p>\n<p class=\"lead \">A terme, l&rsquo;univers du film Pixar \u00ab\u00a0L\u00e0-Haut\u00a0\u00bb sera \u00e9galement au coeur d&rsquo;une attraction de types chaises volantes.<\/p>\n<p class=\"lead \">Financ\u00e9 par la maison m\u00e8re the Walt Disney Company, le projet d&rsquo;extension du parc, annonc\u00e9 en 2018, repose sur un plan d&rsquo;investissement de deux milliards d&rsquo;euros.<\/p>\n<p class=\"lead \">&#8211; Tarification dynamique &#8211;<\/p>\n<p class=\"lead \">Sera-t-il accompagn\u00e9 d&rsquo;une hausse des prix d&rsquo;entr\u00e9e? Sollicit\u00e9e par l&rsquo;AFP, Disneyland Paris, qui a mis en place l&rsquo;ann\u00e9e derni\u00e8re la tarification dynamique (variation des prix en fonction de la demande) n&rsquo;avait pas r\u00e9pondu lundi soir.<\/p>\n<p class=\"lead \">L&rsquo;agrandissement et le rafra\u00eechissement du second parc, qui propose aussi des zones d\u00e9di\u00e9es \u00e0 Marvel et Pixar, devrait dans tous les cas attirer de nouveaux visiteurs.<\/p>\n<p class=\"lead \">Et permettre de d\u00e9sengorger son voisin, dont le spectacle nocturne sur le ch\u00e2teau de la Belle au bois dormant aura d\u00e9sormais de la concurrence.<\/p>\n<p class=\"lead \">Initialement pens\u00e9 comme une immersion dans les coulisses du cin\u00e9ma, assez pauvre en attractions, le Walt Disney Studios ne n\u00e9cessitait pas vraiment d&rsquo;y passer une journ\u00e9e enti\u00e8re, malgr\u00e9 l&rsquo;ouverture d&rsquo;attractions inspir\u00e9es du \u00ab\u00a0Monde de Nemo\u00a0\u00bb en 2007 et de \u00ab\u00a0Ratatouille\u00a0\u00bb en 2014.<\/p>\n<p class=\"lead \">Sa mue a d\u00e9marr\u00e9 en 2022 avec l&rsquo;inauguration du Marvel Avengers Campus, o\u00f9 s&rsquo;est notamment install\u00e9e une attraction Spider-Man.<\/p>\n<p class=\"lead \">Enti\u00e8rement red\u00e9cor\u00e9, le b\u00e2timent \u00ab\u00a0World Premiere\u00a0\u00bb, qui c\u00e9l\u00e9brait les coulisses de la fabrication des films, avait rouvert en mai pour transporter les visiteurs au milieu d&rsquo;une soir\u00e9e hollywoodienne c\u00e9l\u00e9brant une avant-premi\u00e8re de film.<\/p>\n<p class=\"lead \">Disneyland Paris, qui emploie 19.000 salari\u00e9s, ne communique pas ses chiffres de fr\u00e9quentation. Mais sa croissance a tir\u00e9 celle des parcs Disney hors des Etats-Unis, selon les derniers r\u00e9sultats trimestriels de sa maison m\u00e8re.<\/p>\n<p class=\"small font-weight-bold text-gray3 \"> publi\u00e9 le 24 novembre \u00e0 23h02, AFP<\/p>\n<p>                             Partager<\/p>\n","protected":false},"excerpt":{"rendered":"\u00ab\u00a0Lib\u00e9r\u00e9e, d\u00e9livr\u00e9e\u00a0\u00bb: Disneyland Paris inaugurera le 29 mars son espace d\u00e9di\u00e9 \u00e0 \u00ab\u00a0La Reine des Neiges\u00a0\u00bb, nouvelle \u00e9tape&hellip;\n","protected":false},"author":2,"featured_media":556603,"comment_status":"","ping_status":"","sticky":false,"template":"","format":"standard","meta":{"footnotes":""},"categories":[1888],"tags":[1111,1928,11,1927,45124,1771,1972,4476,1777,674,1011,27,1116,9555,12,1926,626,1925,25,602,308],"class_list":{"0":"post-556602","1":"post","2":"type-post","3":"status-publish","4":"format-standard","5":"has-post-thumbnail","7":"category-paris","8":"tag-actu","9":"tag-actu-paris","10":"tag-actualites","11":"tag-actualites-paris","12":"tag-btiment","13":"tag-btp","14":"tag-cinma","15":"tag-construction","16":"tag-eu","17":"tag-europe","18":"tag-fr","19":"tag-france","20":"tag-immobilier","21":"tag-mdias","22":"tag-news","23":"tag-news-paris","24":"tag-paris","25":"tag-paris-news","26":"tag-republique-francaise","27":"tag-tourisme","28":"tag-usa"},"share_on_mastodon":{"url":"https:\/\/pubeurope.com\/@fr\/115607820317007889","error":""},"_links":{"self":[{"href":"https:\/\/www.europesays.com\/fr\/wp-json\/wp\/v2\/posts\/556602","targetHints":{"allow":["GET"]}}],"collection":[{"href":"https:\/\/www.europesays.com\/fr\/wp-json\/wp\/v2\/posts"}],"about":[{"href":"https:\/\/www.europesays.com\/fr\/wp-json\/wp\/v2\/types\/post"}],"author":[{"embeddable":true,"href":"https:\/\/www.europesays.com\/fr\/wp-json\/wp\/v2\/users\/2"}],"replies":[{"embeddable":true,"href":"https:\/\/www.europesays.com\/fr\/wp-json\/wp\/v2\/comments?post=556602"}],"version-history":[{"count":0,"href":"https:\/\/www.europesays.com\/fr\/wp-json\/wp\/v2\/posts\/556602\/revisions"}],"wp:featuredmedia":[{"embeddable":true,"href":"https:\/\/www.europesays.com\/fr\/wp-json\/wp\/v2\/media\/556603"}],"wp:attachment":[{"href":"https:\/\/www.europesays.com\/fr\/wp-json\/wp\/v2\/media?parent=556602"}],"wp:term":[{"taxonomy":"category","embeddable":true,"href":"https:\/\/www.europesays.com\/fr\/wp-json\/wp\/v2\/categories?post=556602"},{"taxonomy":"post_tag","embeddable":true,"href":"https:\/\/www.europesays.com\/fr\/wp-json\/wp\/v2\/tags?post=556602"}],"curies":[{"name":"wp","href":"https:\/\/api.w.org\/{rel}","templated":true}]}}