{"id":556614,"date":"2025-11-25T01:53:13","date_gmt":"2025-11-25T01:53:13","guid":{"rendered":"https:\/\/www.europesays.com\/fr\/556614\/"},"modified":"2025-11-25T01:53:13","modified_gmt":"2025-11-25T01:53:13","slug":"revers-pour-trump-la-justice-annule-deux-inculpations-contre-ses-ennemis-designes","status":"publish","type":"post","link":"https:\/\/www.europesays.com\/fr\/556614\/","title":{"rendered":"Revers pour Trump, la justice annule deux inculpations contre ses ennemis d\u00e9sign\u00e9s"},"content":{"rendered":"<p>Une juge f\u00e9d\u00e9rale a mis un coup d\u2019arr\u00eat majeur aux poursuites lanc\u00e9es par l\u2019administration <a href=\"https:\/\/www.20minutes.fr\/dossier\/donald_trump\" target=\"_blank\" class=\"c-link c-link--is-underlined\" rel=\"noopener\">Trump<\/a> contre l\u2019ex-directeur du <a href=\"https:\/\/www.20minutes.fr\/dossier\/fbi\" target=\"_blank\" class=\"c-link c-link--is-underlined\" rel=\"noopener\">FBI<\/a> James Comey et la procureure g\u00e9n\u00e9rale de New York Letitia James, estimant que la proc\u00e9dure avait \u00e9t\u00e9 engag\u00e9e de mani\u00e8re irr\u00e9guli\u00e8re. En invalidant la nomination de Lindsey Halligan \u2013 la procureure install\u00e9e par Donald Trump apr\u00e8s la mise \u00e0 l\u2019\u00e9cart du procureur du district est de Virginie \u2013 la magistrate a automatiquement annul\u00e9 les deux actes d\u2019inculpation, privant la <a href=\"https:\/\/www.20minutes.fr\/dossier\/maison_blanche\" target=\"_blank\" class=\"c-link c-link--is-underlined\" rel=\"noopener\">Maison-Blanche<\/a> de deux victoires judiciaires symboliques.<\/p>\n<p>La d\u00e9cision rel\u00e8ve que la <a href=\"https:\/\/www.20minutes.fr\/dossier\/ministre_de_la_justice\" target=\"_blank\" class=\"c-link c-link--is-underlined\" rel=\"noopener\">ministre de la Justice<\/a>, Pam Bondi, ne pouvait pas l\u00e9gitimer \u00ab\u00a0r\u00e9troactivement\u00a0\u00bb les actions de la procureure d\u00e9sign\u00e9e, avertissant qu\u2019accepter cette logique reviendrait \u00e0 permettre au gouvernement \u00ab\u00a0d\u2019envoyer n\u2019importe quel particulier [\u2026] devant un grand jury\u00a0\u00bb si l\u2019aval du minist\u00e8re venait apr\u00e8s coup. Le minist\u00e8re de la Justice conserve toutefois la possibilit\u00e9 de repr\u00e9senter de nouveaux actes d\u2019accusation, m\u00eame si ceux visant <a href=\"https:\/\/www.20minutes.fr\/monde\/etats-unis\/4175388-20250926-etats-unis-ex-directeur-fbi-james-comey-inculpe-entrave-justice-fausses-declarations\" target=\"_blank\" class=\"c-link c-link--is-underlined\" rel=\"noopener\">James Comey<\/a> semblent d\u00e9sormais caducs en raison de la prescription, \u00e9chue fin septembre.<\/p>\n<p>Revers pour l\u2019ex\u00e9cutif<\/p>\n<p>Cette annulation repr\u00e9sente un revers pour l\u2019ex\u00e9cutif, alors que Donald Trump avait multipli\u00e9 les pressions publiques sur Pam Bondi pour obtenir l\u2019inculpation de plusieurs adversaires politiques, dont James Comey, Letitia James et le s\u00e9nateur d\u00e9mocrate Adam Schiff. Le pr\u00e9sident avait fait de ces poursuites une promesse de campagne, affirmant vouloir r\u00e9gler ses comptes avec ceux qu\u2019il qualifie d\u2019\u00ab\u00a0ennemis personnels\u00a0\u00bb.<\/p>\n<\/p>\n<p>James Comey, accus\u00e9 d\u2019avoir menti sous serment sur l\u2019autorisation donn\u00e9e \u00e0 un adjoint de parler anonymement \u00e0 la presse au sujet d\u2019enqu\u00eates sensibles, a salu\u00e9 la d\u00e9cision. Selon lui, elle \u00ab\u00a0envoie le message que le pr\u00e9sident des <a href=\"https:\/\/www.20minutes.fr\/monde\/etats-unis\/\" target=\"_blank\" class=\"c-link c-link--is-underlined\" rel=\"noopener\">Etats-Unis<\/a> ne peut pas utiliser le minist\u00e8re de la Justice pour s\u2019en prendre \u00e0 ses ennemis politiques\u00a0\u00bb, d\u00e9non\u00e7ant des poursuites \u00ab\u00a0fond\u00e9es sur la malveillance et l\u2019incomp\u00e9tence\u00a0\u00bb. L\u2019ancien responsable du FBI avait \u00e9t\u00e9 limog\u00e9 en\u00a02017 alors que son agence enqu\u00eatait sur d\u2019\u00e9ventuelles ing\u00e9rences russes dans l\u2019\u00e9lection de\u00a02016.<\/p>\n<p>\u00ab\u00a0Encourag\u00e9e par cette victoire\u00a0\u00bb<\/p>\n<p>Letitia James, vis\u00e9e pour sa part par deux chefs d\u2019accusation de fausses d\u00e9clarations lors de l\u2019obtention d\u2019un pr\u00eat bancaire, a elle aussi exprim\u00e9 sa satisfaction. \u00ab\u00a0Encourag\u00e9e par cette victoire\u00a0\u00bb, elle a assur\u00e9 qu\u2019elle ne se laisserait \u00ab\u00a0pas intimider par ces accusations infond\u00e9es\u00a0\u00bb. La procureure, qui avait obtenu en f\u00e9vrier\u00a02024 la condamnation de Donald Trump \u00e0 pr\u00e8s d\u2019un demi-milliard de dollars \u2013 une amende finalement annul\u00e9e en appel car jug\u00e9e \u00ab\u00a0excessive\u00a0\u00bb \u2013 a introduit d\u2019autres recours visant \u00e0 faire enti\u00e8rement tomber ces poursuites.<\/p>\n<p><a href=\"https:\/\/www.20minutes.fr\/monde\/etats-unis\/\" target=\"_blank\" class=\"c-link c-btn c-btn--primary\" rel=\"noopener\">Notre dossier sur les Etats-Unis<\/a><\/p>\n<p>Pam Bondi a promis de ne pas en rester l\u00e0, affirmant que le gouvernement allait \u00ab\u00a0exercer tous les recours juridiques possibles, y compris en faisant imm\u00e9diatement appel pour que Letitia James et James Comey rendent compte de leurs actes illicites\u00a0\u00bb. La justice doit encore examiner d\u2019autres requ\u00eates d\u00e9pos\u00e9es par les deux int\u00e9ress\u00e9s, qui soutiennent que ces dossiers n\u2019\u00e9taient motiv\u00e9s que par la \u00ab\u00a0rancune personnelle\u00a0\u00bb du pr\u00e9sident am\u00e9ricain.<\/p>\n","protected":false},"excerpt":{"rendered":"Une juge f\u00e9d\u00e9rale a mis un coup d\u2019arr\u00eat majeur aux poursuites lanc\u00e9es par l\u2019administration Trump contre l\u2019ex-directeur du&hellip;\n","protected":false},"author":2,"featured_media":556615,"comment_status":"","ping_status":"","sticky":false,"template":"","format":"standard","meta":{"footnotes":""},"categories":[1589],"tags":[47,11,75,73,1866,18120,303,78,4145,74,12,1864,1865,1863,308,31620],"class_list":{"0":"post-556614","1":"post","2":"type-post","3":"status-publish","4":"format-standard","5":"has-post-thumbnail","7":"category-etats-unis","8":"tag-actualite","9":"tag-actualites","10":"tag-donald-trump","11":"tag-etats-unis","12":"tag-etats-unis-damerique","13":"tag-fbi","14":"tag-justice","15":"tag-maison-blanche","16":"tag-ministre-de-la-justice","17":"tag-monde","18":"tag-news","19":"tag-united-states","20":"tag-united-states-of-america","21":"tag-us","22":"tag-usa","23":"tag-virginie"},"share_on_mastodon":{"url":"https:\/\/pubeurope.com\/@fr\/115607844017890606","error":""},"_links":{"self":[{"href":"https:\/\/www.europesays.com\/fr\/wp-json\/wp\/v2\/posts\/556614","targetHints":{"allow":["GET"]}}],"collection":[{"href":"https:\/\/www.europesays.com\/fr\/wp-json\/wp\/v2\/posts"}],"about":[{"href":"https:\/\/www.europesays.com\/fr\/wp-json\/wp\/v2\/types\/post"}],"author":[{"embeddable":true,"href":"https:\/\/www.europesays.com\/fr\/wp-json\/wp\/v2\/users\/2"}],"replies":[{"embeddable":true,"href":"https:\/\/www.europesays.com\/fr\/wp-json\/wp\/v2\/comments?post=556614"}],"version-history":[{"count":0,"href":"https:\/\/www.europesays.com\/fr\/wp-json\/wp\/v2\/posts\/556614\/revisions"}],"wp:featuredmedia":[{"embeddable":true,"href":"https:\/\/www.europesays.com\/fr\/wp-json\/wp\/v2\/media\/556615"}],"wp:attachment":[{"href":"https:\/\/www.europesays.com\/fr\/wp-json\/wp\/v2\/media?parent=556614"}],"wp:term":[{"taxonomy":"category","embeddable":true,"href":"https:\/\/www.europesays.com\/fr\/wp-json\/wp\/v2\/categories?post=556614"},{"taxonomy":"post_tag","embeddable":true,"href":"https:\/\/www.europesays.com\/fr\/wp-json\/wp\/v2\/tags?post=556614"}],"curies":[{"name":"wp","href":"https:\/\/api.w.org\/{rel}","templated":true}]}}