{"id":556618,"date":"2025-11-25T01:55:21","date_gmt":"2025-11-25T01:55:21","guid":{"rendered":"https:\/\/www.europesays.com\/fr\/556618\/"},"modified":"2025-11-25T01:55:21","modified_gmt":"2025-11-25T01:55:21","slug":"une-tempete-de-neige-balaie-lallemagne-faisant-4-morts-et-perturbant-les-transports","status":"publish","type":"post","link":"https:\/\/www.europesays.com\/fr\/556618\/","title":{"rendered":"Une temp\u00eate de neige balaie l&rsquo;Allemagne, faisant 4 morts et perturbant les transports"},"content":{"rendered":"<p>Xinhua  25.11.2025 08h19<\/p>\n<tr>\n<td align=\"center\"><img decoding=\"async\" src=\"https:\/\/www.europesays.com\/fr\/wp-content\/uploads\/2025\/11\/FOREIGN176403000160304GBL60PRB.jpg\" alt=\"Une temp\u00eate de neige balaie l'Allemagne, faisant 4 morts et perturbant les transports\"\/><\/td>\n<\/tr>\n<tr>\n<td class=\"picdesc\" align=\"center\">(Xinhua\/Zhang Haofu)<\/td>\n<\/tr>\n<p>La premi\u00e8re grande temp\u00eate hivernale de la saison en Allemagne a fait au moins quatre morts et plusieurs bless\u00e9s lundi, la neige et le verglas ayant provoqu\u00e9 de nombreux accidents et perturb\u00e9 les d\u00e9placements.<\/p>\n<p>En Bavi\u00e8re, dans le sud du pays, trois personnes ont perdu la vie dans une collision impliquant deux poids lourds et une voiture, les forces de l&rsquo;ordre signalant des routes extr\u00eamement glissantes. Deux autres personnes ont subi des blessures critiques, et plusieurs ont \u00e9t\u00e9 l\u00e9g\u00e8rement touch\u00e9es.<\/p>\n<p>Une quatri\u00e8me victime a \u00e9t\u00e9 recens\u00e9e dans l&rsquo;Etat m\u00e9ridional du Bade-Wurtemberg, o\u00f9 un homme de 68 ans est d\u00e9c\u00e9d\u00e9 apr\u00e8s avoir perdu le contr\u00f4le de son v\u00e9hicule sur une section verglac\u00e9e de la route et percut\u00e9 un autre v\u00e9hicule. Le second conducteur a \u00e9t\u00e9 gri\u00e8vement bless\u00e9.<\/p>\n<p>Dans l&rsquo;Etat de Hesse, dans le centre du pays, neuf personnes ont \u00e9t\u00e9 bless\u00e9es, la neige tomb\u00e9e dans la nuit et le verglas ayant provoqu\u00e9 des dizaines d&rsquo;accidents. La police a indiqu\u00e9 plus de 30 accidents li\u00e9s aux intemp\u00e9ries entre dimanche soir et lundi matin.<\/p>\n<p>D&rsquo;autres Etats f\u00e9d\u00e9raux ont \u00e9galement rapport\u00e9 des incidents ponctuels et des perturbations du trafic routier et ferroviaire, avec des cons\u00e9quences relativement mineures dans la plupart des cas.<\/p>\n<p>Selon le Service m\u00e9t\u00e9orologique allemand, les conditions devraient rester difficiles, avec du verglas et de faibles gel\u00e9es attendus dans l&rsquo;est du pays en soir\u00e9e, des risques de verglas suppl\u00e9mentaires du centre et du sud, et des chutes de neige dans la r\u00e9gion alpine.<\/p>\n<p>(Web editor: Ying Xie, Yishuang Liu)<\/p>\n","protected":false},"excerpt":{"rendered":"Xinhua 25.11.2025 08h19 (Xinhua\/Zhang Haofu) La premi\u00e8re grande temp\u00eate hivernale de la saison en Allemagne a fait au&hellip;\n","protected":false},"author":2,"featured_media":556619,"comment_status":"","ping_status":"","sticky":false,"template":"","format":"standard","meta":{"footnotes":""},"categories":[1587],"tags":[11,672,1804,1805,1803,1777,674,1801,12,1802],"class_list":{"0":"post-556618","1":"post","2":"type-post","3":"status-publish","4":"format-standard","5":"has-post-thumbnail","7":"category-allemagne","8":"tag-actualites","9":"tag-allemagne","10":"tag-bundesrepublik-deutschland","11":"tag-de","12":"tag-deutschland","13":"tag-eu","14":"tag-europe","15":"tag-germany","16":"tag-news","17":"tag-republique-federale-dallemagne"},"share_on_mastodon":{"url":"https:\/\/pubeurope.com\/@fr\/115607852005047428","error":""},"_links":{"self":[{"href":"https:\/\/www.europesays.com\/fr\/wp-json\/wp\/v2\/posts\/556618","targetHints":{"allow":["GET"]}}],"collection":[{"href":"https:\/\/www.europesays.com\/fr\/wp-json\/wp\/v2\/posts"}],"about":[{"href":"https:\/\/www.europesays.com\/fr\/wp-json\/wp\/v2\/types\/post"}],"author":[{"embeddable":true,"href":"https:\/\/www.europesays.com\/fr\/wp-json\/wp\/v2\/users\/2"}],"replies":[{"embeddable":true,"href":"https:\/\/www.europesays.com\/fr\/wp-json\/wp\/v2\/comments?post=556618"}],"version-history":[{"count":0,"href":"https:\/\/www.europesays.com\/fr\/wp-json\/wp\/v2\/posts\/556618\/revisions"}],"wp:featuredmedia":[{"embeddable":true,"href":"https:\/\/www.europesays.com\/fr\/wp-json\/wp\/v2\/media\/556619"}],"wp:attachment":[{"href":"https:\/\/www.europesays.com\/fr\/wp-json\/wp\/v2\/media?parent=556618"}],"wp:term":[{"taxonomy":"category","embeddable":true,"href":"https:\/\/www.europesays.com\/fr\/wp-json\/wp\/v2\/categories?post=556618"},{"taxonomy":"post_tag","embeddable":true,"href":"https:\/\/www.europesays.com\/fr\/wp-json\/wp\/v2\/tags?post=556618"}],"curies":[{"name":"wp","href":"https:\/\/api.w.org\/{rel}","templated":true}]}}