{"id":556622,"date":"2025-11-25T01:57:22","date_gmt":"2025-11-25T01:57:22","guid":{"rendered":"https:\/\/www.europesays.com\/fr\/556622\/"},"modified":"2025-11-25T01:57:22","modified_gmt":"2025-11-25T01:57:22","slug":"la-diplomatie-semballe-mais-le-kremlin-souffle-le-froid","status":"publish","type":"post","link":"https:\/\/www.europesays.com\/fr\/556622\/","title":{"rendered":"la diplomatie s&#8217;emballe mais le Kremlin souffle le froid"},"content":{"rendered":"<p><strong>En Ukraine, l\u2019activit\u00e9 diplomatique s\u2019intensifie, mais les positions demeurent inchang\u00e9es. <\/strong><\/p>\n<p>Tandis que le plan am\u00e9ricain en 28 points provoque des remous, l\u2019Europe tente une contre-offensive diplomatique que Moscou rejette s\u00e8chement. \u00c0 Gen\u00e8ve, Am\u00e9ricains, Europ\u00e9ens et Ukrainiens affirment progresser, mais le Kremlin continue de doucher les espoirs.<\/p>\n<p>Les derniers d\u00e9veloppements avec Ababacar Tounkara<\/p>\n","protected":false},"excerpt":{"rendered":"En Ukraine, l\u2019activit\u00e9 diplomatique s\u2019intensifie, mais les positions demeurent inchang\u00e9es. Tandis que le plan am\u00e9ricain en 28 points&hellip;\n","protected":false},"author":2,"featured_media":556623,"comment_status":"","ping_status":"","sticky":false,"template":"","format":"standard","meta":{"footnotes":""},"categories":[1586],"tags":[11,1777,674,1779,1011,27,12,25,132,1778,220,364],"class_list":{"0":"post-556622","1":"post","2":"type-post","3":"status-publish","4":"format-standard","5":"has-post-thumbnail","7":"category-europe","8":"tag-actualites","9":"tag-eu","10":"tag-europe","11":"tag-european-union","12":"tag-fr","13":"tag-france","14":"tag-news","15":"tag-republique-francaise","16":"tag-russie","17":"tag-ue","18":"tag-ukraine","19":"tag-union-europeenne"},"share_on_mastodon":{"url":"https:\/\/pubeurope.com\/@fr\/115607859718482773","error":""},"_links":{"self":[{"href":"https:\/\/www.europesays.com\/fr\/wp-json\/wp\/v2\/posts\/556622","targetHints":{"allow":["GET"]}}],"collection":[{"href":"https:\/\/www.europesays.com\/fr\/wp-json\/wp\/v2\/posts"}],"about":[{"href":"https:\/\/www.europesays.com\/fr\/wp-json\/wp\/v2\/types\/post"}],"author":[{"embeddable":true,"href":"https:\/\/www.europesays.com\/fr\/wp-json\/wp\/v2\/users\/2"}],"replies":[{"embeddable":true,"href":"https:\/\/www.europesays.com\/fr\/wp-json\/wp\/v2\/comments?post=556622"}],"version-history":[{"count":0,"href":"https:\/\/www.europesays.com\/fr\/wp-json\/wp\/v2\/posts\/556622\/revisions"}],"wp:featuredmedia":[{"embeddable":true,"href":"https:\/\/www.europesays.com\/fr\/wp-json\/wp\/v2\/media\/556623"}],"wp:attachment":[{"href":"https:\/\/www.europesays.com\/fr\/wp-json\/wp\/v2\/media?parent=556622"}],"wp:term":[{"taxonomy":"category","embeddable":true,"href":"https:\/\/www.europesays.com\/fr\/wp-json\/wp\/v2\/categories?post=556622"},{"taxonomy":"post_tag","embeddable":true,"href":"https:\/\/www.europesays.com\/fr\/wp-json\/wp\/v2\/tags?post=556622"}],"curies":[{"name":"wp","href":"https:\/\/api.w.org\/{rel}","templated":true}]}}