{"id":556626,"date":"2025-11-25T01:59:23","date_gmt":"2025-11-25T01:59:23","guid":{"rendered":"https:\/\/www.europesays.com\/fr\/556626\/"},"modified":"2025-11-25T01:59:23","modified_gmt":"2025-11-25T01:59:23","slug":"la-personnalite-de-maylis-daubon-accusee-davoir-empoisonne-ses-deux-filles-decortiquee-devant-les-assises","status":"publish","type":"post","link":"https:\/\/www.europesays.com\/fr\/556626\/","title":{"rendered":"la personnalit\u00e9 de Maylis Daubon, accus\u00e9e d&rsquo;avoir empoisonn\u00e9 ses deux filles, d\u00e9cortiqu\u00e9e devant les assises"},"content":{"rendered":"<p class=\"article__intro\">Elle est jug\u00e9e devant la cour d&rsquo;assises des Landes depuis ce lundi 24 novembre. Maylis Daubon, 53 ans, est accus\u00e9e d&rsquo;avoir empoisonn\u00e9 ses deux filles, Enea et Luan. L&rsquo;accus\u00e9e est d\u00e9crite par de nombreux t\u00e9moins comme \u00ab\u00a0mythomane\u00a0\u00bb, \u00ab\u00a0affabulatrice\u00a0\u00bb et \u00ab\u00a0extravagante\u00a0\u00bb. Mais qui se cache r\u00e9ellement derri\u00e8re cette m\u00e8re de famille ?<\/p>\n<p>\n      La Quotidienne Soci\u00e9t\u00e9\n    <\/p>\n<p>\n      De la vie quotidienne aux grands enjeux, recevez tous les jours les sujets qui font la soci\u00e9t\u00e9 locale, comme la justice, l\u2019\u00e9ducation, la sant\u00e9 et la famille.\n    <\/p>\n<p>    France T\u00e9l\u00e9visions utilise votre adresse e-mail afin de vous envoyer la newsletter \u00ab\u00a0La Quotidienne Soci\u00e9t\u00e9\u00a0\u00bb. Vous pouvez vous d\u00e9sinscrire \u00e0 tout moment via le lien en bas de cette newsletter. <a target=\"_blank\" href=\"https:\/\/www.francetelevisions.fr\/groupe\/confidentialite\/politique-de-confidentialite\/politique-de-confidentialite-de-france-televisions-6503\" rel=\"noopener\">Notre politique de confidentialit\u00e9<\/a><\/p>\n<p>L&rsquo;enqu\u00eateur de personnalit\u00e9 est invit\u00e9 \u00e0 la barre, d\u00e8s la reprise d&rsquo;audience en d\u00e9but d&rsquo;apr\u00e8s-midi ce 24 novembre, afin de r\u00e9pondre aux questions de la cour. Un moment tr\u00e8s attendu car depuis 2022, et sa mise en examen, Maylis Daubon ne cesse de crier son innocence quant aux faits qui lui sont reproch\u00e9s. Une innocence \u00e0 laquelle bon nombre de t\u00e9moins et de proches de l&rsquo;accus\u00e9e ont du mal \u00e0 croire, beaucoup parlent d&rsquo;une \u00ab\u00a0mythomane\u00a0\u00bb.<\/p>\n<p><a data-article-figure=\"\" href=\"https:\/\/france3-regions.franceinfo.fr\/image\/p_KIYnSxjHMgymjJs9aLZ4VwWNc\/1920x1080\/regions\/2025\/11\/24\/bord-bord-1-04-06-01-02-1-00-09-26-20-69249c604c821827408309.jpg\" data-pswp-width=\"1920\" data-pswp-height=\"1080\" target=\"_blank\" rel=\"noopener\"><\/p>\n<p>          <img width=\"600\" height=\"400\" class=\"article-image lazy\" data-src=\"https:\/\/www.europesays.com\/fr\/wp-content\/uploads\/2025\/11\/bord-bord-1-04-06-01-02-1-00-09-26-20-69249c604c821827408309.jpg\" alt=\"Yannick Reverdy, le p\u00e8re d'Enea s'est constitu\u00e9 partie civile au proc\u00e8s. \" fetchpriority=\"high\" as=\"image\"\/><\/p>\n<p>\n            Yannick Reverdy, le p\u00e8re d&rsquo;Enea s&rsquo;est constitu\u00e9 partie civile au proc\u00e8s.<br \/>\n                           \u2022<br \/>\n                                      \u00a9 France 3 Nouvelle-Aquitaine\n                      <\/p>\n<p><\/a><\/p>\n<p>Le premier n&rsquo;est autre que Yannick Reverdy, ex-\u00e9poux de l&rsquo;accus\u00e9e et p\u00e8re d&rsquo;Enea et Luan, pr\u00e9sent au proc\u00e8s en tant que partie civile. D\u00e8s son entr\u00e9e dans la salle d&rsquo;audience un peu avant 9 heures ce lundi matin, il prend place sur le banc qui lui est r\u00e9serv\u00e9, \u00e9paul\u00e9 de sa compagne, f\u00e9briles tous les deux. \u00c0 ses pieds, Uxi, le chien d&rsquo;assistance judiciaire du tribunal de Mont-de-Marsan. Ce jeune labrador noir sera l\u00e0 tout au long du proc\u00e8s pour accompagner, aider et apaiser les victimes dans les proc\u00e9dures judiciaires. \u00ab\u00a0J&rsquo;ai besoin de m&rsquo;apaiser\u00a0\u00bb, souffle-t-il, la main pos\u00e9e sur l&rsquo;animal.\u00a0\u00bbJ&rsquo;ai envie d&rsquo;entendre ce qu&rsquo;elle va nous dire, j&rsquo;ai envie qu&rsquo;elle nous dise des choses\u00a0\u00bb, bredouille-t-il, la voix tremblante.<\/p>\n<p>Depuis 2009, et son divorce avec Maylis Daubon, l&rsquo;homme ne cesse d&rsquo;alerter sur le comportement de son ex-femme. \u00ab\u00a0Je pr\u00eache dans le d\u00e9sert, je l&rsquo;ai dit aux magistrats, c&rsquo;est un d\u00e9mon\u00a0\u00bb, se d\u00e9sole le p\u00e8re de famille. Alors qu&rsquo;il revoyait son ex-femme pour la premi\u00e8re fois depuis des ann\u00e9es, Yannick Reverdy appuie qu&rsquo;\u00e0 la barre, Maylis Daubon \u00ab\u00a0reproduit ce qu&rsquo;elle a fait pendant 16 ans, Enea est d\u00e9c\u00e9d\u00e9e \u00e0 cause de ce comportement\u00a0\u00bb.<\/p>\n<blockquote class=\"ftvi_content_quote\">\n<p class=\"ftvi_citation_quote\">Elle a fait ce jeu-l\u00e0 devant les juges pour enfants.<\/p>\n<p>Yannick Reverdy<\/p>\n<p class=\"ftvi_citation_source\">P\u00e8re d&rsquo;Enea et Luan<\/p>\n<\/blockquote>\n<p>\u00c0 la barre, l&rsquo;enqu\u00eateur de personnalit\u00e9 dresse le portrait d&rsquo;une femme \u00ab\u00a0distingu\u00e9e\u00a0\u00bb, \u00ab\u00a0tr\u00e8s intelligente\u00a0\u00bb, \u00ab\u00a0cultiv\u00e9e\u00a0\u00bb et au langage \u00ab\u00a0parfois pr\u00e9cieux\u00a0\u00bb. Mais il parle aussi d&rsquo;une femme au comportement \u00ab\u00a0hautain\u00a0\u00bb, surjouant les \u00e9motions et aux postures \u00ab\u00a0th\u00e9\u00e2trales\u00a0\u00bb.\u00a0\u00bbTout est extravagant\u00a0\u00bb, l\u00e2che Me Victor Font, l&rsquo;un des deux avocats de Yannick Reverdy \u00e0 la suspension d&rsquo;audience.<\/p>\n<p><a data-article-figure=\"\" href=\"https:\/\/france3-regions.franceinfo.fr\/image\/taxBB4EGjYmTPPWslD6eJM9bDFE\/1920x1080\/regions\/2025\/11\/24\/bord-bord-1-04-06-01-01-1-00-00-21-06-69249cc02ae86462745669.jpg\" data-pswp-width=\"1920\" data-pswp-height=\"1080\" target=\"_blank\" rel=\"noopener\"><\/p>\n<p>          <img width=\"600\" height=\"400\" class=\"article-image lazy\" data-src=\"https:\/\/www.europesays.com\/fr\/wp-content\/uploads\/2025\/11\/bord-bord-1-04-06-01-01-1-00-00-21-06-69249cc02ae86462745669.jpg\" alt=\"Me Large et Me Font d\u00e9fendent Yannick Reverdy.\" fetchpriority=\"high\" as=\"image\"\/><\/p>\n<p>\n            Me Large et Me Font d\u00e9fendent Yannick Reverdy.<br \/>\n                           \u2022<br \/>\n                                      \u00a9 France 3 Nouvelle-Aquitaine\n                      <\/p>\n<p><\/a><\/p>\n<p>Lorsqu&rsquo;on l&rsquo;interroge sur son parcours professionnel, l&rsquo;accus\u00e9e r\u00e9pond qu&rsquo;elle est \u00ab\u00a0ing\u00e9nieure dans les industries de l&rsquo;accueil\u00a0\u00bb,\u00a0\u00bbdipl\u00f4m\u00e9e en h\u00f4tellerie, tourisme et restauration\u00a0\u00bb, mais aussi \u00ab\u00a0ing\u00e9nieure consultante sur diff\u00e9rents projets comme charg\u00e9e de mission\u00a0\u00bb. Les t\u00e9moins, nombreux \u00e0 la barre, parlent tant\u00f4t d&rsquo;une ancienne Casque Bleu aupr\u00e8s de l&rsquo;ONU, d&rsquo;une professeure de langues mortes, ou encore d&rsquo;une professeure \u00e0 la Sorbonne. Questionn\u00e9e, Maylis Daubon nie, ou esquive. \u00ab\u00a0\u00c7a n&rsquo;a aucun sens, c&rsquo;est n&rsquo;importe quoi\u00a0\u00bb, r\u00e9torque-t-elle depuis le box des accus\u00e9s.<\/p>\n<p><a data-article-figure=\"\" href=\"https:\/\/france3-regions.franceinfo.fr\/image\/tdlTmN4Ij03aaIvYNW7Bvy5KNTs\/1920x1080\/regions\/2025\/11\/24\/bord-bord-1-04-06-01-01-1-00-03-16-02-69249bc09cb37061470751.jpg\" data-pswp-width=\"1920\" data-pswp-height=\"1080\" target=\"_blank\" rel=\"noopener\"><\/p>\n<p>          <img width=\"600\" height=\"400\" class=\"article-image lazy\" data-src=\"https:\/\/www.europesays.com\/fr\/wp-content\/uploads\/2025\/11\/bord-bord-1-04-06-01-01-1-00-03-16-02-69249bc09cb37061470751.jpg\" alt=\"Me Carine Monzat est l'une de deux avocats de l'accus\u00e9e. \" fetchpriority=\"high\" as=\"image\"\/><\/p>\n<p>\n            Me Carine Monzat est l&rsquo;une de deux avocats de l&rsquo;accus\u00e9e.<br \/>\n                           \u2022<br \/>\n                                      \u00a9 France 3 Nouvelle-Aquitaine\n                      <\/p>\n<p><\/a><\/p>\n<p>\u00ab\u00a0Elle a accompli des missions extravagantes \u00e0 l&rsquo;\u00e9tranger, reprend Me Font, quand on v\u00e9rifie il n&rsquo;y a rien du tout, elle n&rsquo;a quasiment jamais travaill\u00e9 de sa vie, elle a v\u00e9cu gr\u00e2ce \u00e0 l\u2019argent des parents\u00a0\u00bb.\u00a0L&rsquo;enqu\u00eateur de personnalit\u00e9 \u00e9voque aussi une m\u00e8re de famille \u00ab\u00a0aimante\u00a0\u00bb. Mais elle est pr\u00e9sent\u00e9e par son fr\u00e8re Lilian et par certains proches comme \u00ab\u00a0menteuse\u00a0\u00bb et \u00ab\u00a0mythomane\u00a0\u00bb.\u00a0\u00bbCertains t\u00e9moins assurent m\u00eame qu&rsquo;elle leur a dit qu&rsquo;elle avait construit la centrale nucl\u00e9aire de Blaye en 1976, mais elle est n\u00e9e en 1972&Prime;, sourit Me Font.<\/p>\n<blockquote class=\"ftvi_content_quote\">\n<p class=\"ftvi_citation_quote\">Se faire mousser sur son CV, ce n&rsquo;est pas le drame de l&rsquo;ann\u00e9e. <\/p>\n<p>Carine Monzat<\/p>\n<p class=\"ftvi_citation_source\">Avocate de Maylis Daubon<\/p>\n<\/blockquote>\n<p><a data-article-figure=\"\" href=\"https:\/\/france3-regions.franceinfo.fr\/image\/nJS2oh4_AdVDklK24H8C8CQ2o-c\/1600x1200\/regions\/2025\/11\/24\/image00002-692477cec789c920492321.jpg\" data-pswp-width=\"1600\" data-pswp-height=\"1200\" target=\"_blank\" rel=\"noopener\"><\/p>\n<p>          <img width=\"600\" height=\"400\" class=\"article-image lazy\" data-src=\"https:\/\/www.europesays.com\/fr\/wp-content\/uploads\/2025\/11\/image00002-692477cec789c920492321.jpg\" alt=\"Le proc\u00e8s de Maylis Daubon s'est ouvert ce lundi 24 novembre \u00e0 la cour d'assises des Landes, \u00e0 Mont-de-Marsan.\" fetchpriority=\"high\" as=\"image\"\/><\/p>\n<p>\n            Le proc\u00e8s de Maylis Daubon s&rsquo;est ouvert ce lundi 24 novembre \u00e0 la cour d&rsquo;assises des Landes, \u00e0 Mont-de-Marsan.<br \/>\n                           \u2022<br \/>\n                                      \u00a9 France 3 Nouvelle-Aquitaine\n                      <\/p>\n<p><\/a><\/p>\n<p>\u00ab\u00a0Les proches, je rappelle que ce sont des ex-compagnons\u00a0\u00bb, pr\u00e9cise Me Carine Monzat, l&rsquo;une des deux avocats de Maylis Daubon.\u00a0\u00bb Ils disent d\u2019autres choses dans les proc\u00e8s-verbaux, on en tire bien ce qu\u2019on veut\u00a0\u00bb, ajoute-t-elle. La mythomanie, l&rsquo;avocate de la d\u00e9fense n&rsquo;y croit pas et \u00e9voque plut\u00f4t un \u00ab\u00a0axe de d\u00e9fense\u00a0\u00bb, de la part de la partie civile. \u00ab\u00a0Si elle est mythomane, est-ce que \u00e7a fait d&rsquo;elle une empoisonneuse ? \u00ab\u00a0, soul\u00e8ve-t-elle.<\/p>\n<p>Selon Me Danglade, le second avocat de Maylis Daubon, ces mensonges \u00ab\u00a0sont une arme, qui peut \u00eatre, cache bien des souffrances et des douleurs\u00a0\u00bb. D&rsquo;apr\u00e8s lui, sa cliente aurait mal v\u00e9cu son divorce avec Yannick Reverdy. \u00ab\u00a0On a \u00e9voqu\u00e9 des agressions sexuelles, \u00e7a pose question\u00a0\u00bb, ajoute-t-il. Mais l&rsquo;avocat fait valoir que ce sera \u00e0 Luan, la seconde fille du couple, de faire toute la lumi\u00e8re \u00e0 ce sujet, \u00ab\u00a0c&rsquo;est elle qui a \u00e9voqu\u00e9 cela, et elle sera entendue\u00a0\u00bb.<\/p>\n<p>L&rsquo;enqu\u00eateur de personnalit\u00e9 conclut son analyse en s&rsquo;interrogeant \u00ab\u00a0sur l&rsquo;existence d\u2019\u00e9ventuels troubles de la personnalit\u00e9 qu\u2019il conviendrait d\u2019identifier\u00a0\u00bb. Des questions auxquelles r\u00e9pondra peut-\u00eatre l&rsquo;expert psychiatre Paul Bonnan. Son audition aura lieu ce mardi 25 novembre, juste apr\u00e8s celle de Yannick Reverdy. Le syndrome de M\u00fcnchhausen par procuration, qui consiste \u00e0 rendre volontairement malade son enfant pour attirer l&rsquo;attention \u00e0 soi, sera tr\u00e8s certainement au c\u0153ur des questionnements de cette journ\u00e9e. Plusieurs hypoth\u00e8ses tendent \u00e0 dire que l&rsquo;accus\u00e9e en est atteinte.<\/p>\n","protected":false},"excerpt":{"rendered":"Elle est jug\u00e9e devant la cour d&rsquo;assises des Landes depuis ce lundi 24 novembre. Maylis Daubon, 53 ans,&hellip;\n","protected":false},"author":2,"featured_media":556627,"comment_status":"","ping_status":"","sticky":false,"template":"","format":"standard","meta":{"footnotes":""},"categories":[2],"tags":[11,1011,27,12,25],"class_list":{"0":"post-556626","1":"post","2":"type-post","3":"status-publish","4":"format-standard","5":"has-post-thumbnail","7":"category-actualites","8":"tag-actualites","9":"tag-fr","10":"tag-france","11":"tag-news","12":"tag-republique-francaise"},"share_on_mastodon":{"url":"https:\/\/pubeurope.com\/@fr\/115607867604936969","error":""},"_links":{"self":[{"href":"https:\/\/www.europesays.com\/fr\/wp-json\/wp\/v2\/posts\/556626","targetHints":{"allow":["GET"]}}],"collection":[{"href":"https:\/\/www.europesays.com\/fr\/wp-json\/wp\/v2\/posts"}],"about":[{"href":"https:\/\/www.europesays.com\/fr\/wp-json\/wp\/v2\/types\/post"}],"author":[{"embeddable":true,"href":"https:\/\/www.europesays.com\/fr\/wp-json\/wp\/v2\/users\/2"}],"replies":[{"embeddable":true,"href":"https:\/\/www.europesays.com\/fr\/wp-json\/wp\/v2\/comments?post=556626"}],"version-history":[{"count":0,"href":"https:\/\/www.europesays.com\/fr\/wp-json\/wp\/v2\/posts\/556626\/revisions"}],"wp:featuredmedia":[{"embeddable":true,"href":"https:\/\/www.europesays.com\/fr\/wp-json\/wp\/v2\/media\/556627"}],"wp:attachment":[{"href":"https:\/\/www.europesays.com\/fr\/wp-json\/wp\/v2\/media?parent=556626"}],"wp:term":[{"taxonomy":"category","embeddable":true,"href":"https:\/\/www.europesays.com\/fr\/wp-json\/wp\/v2\/categories?post=556626"},{"taxonomy":"post_tag","embeddable":true,"href":"https:\/\/www.europesays.com\/fr\/wp-json\/wp\/v2\/tags?post=556626"}],"curies":[{"name":"wp","href":"https:\/\/api.w.org\/{rel}","templated":true}]}}