{"id":556628,"date":"2025-11-25T02:00:27","date_gmt":"2025-11-25T02:00:27","guid":{"rendered":"https:\/\/www.europesays.com\/fr\/556628\/"},"modified":"2025-11-25T02:00:27","modified_gmt":"2025-11-25T02:00:27","slug":"france-debut-des-travaux-de-la-commission-denquete-sur-laudiovisuel-public","status":"publish","type":"post","link":"https:\/\/www.europesays.com\/fr\/556628\/","title":{"rendered":"France: d\u00e9but des travaux de la commission d&rsquo;enqu\u00eate sur l&rsquo;audiovisuel public"},"content":{"rendered":"<p class=\"mb-4 text-lg md:leading-8 break-words\">C&rsquo;est parti pour un marathon de 13 semaines pendant lesquelles une cinquantaine d&rsquo;auditions seront film\u00e9es et diffus\u00e9es en direct.\u00a0L&rsquo;audiovisuel public et son budget avoisinant les 4 milliards d&rsquo;euros sont dans le collimateur de la droite en <strong><a href=\"https:\/\/www.rfi.fr\/fr\/tag\/france\/\" class=\"link \" rel=\"nofollow noopener\" target=\"_blank\" data-ylk=\"slk:France;elm:context_link;itc:0;sec:content-canvas\">France<\/a><\/strong>.<\/p>\n<p class=\"mb-4 text-lg md:leading-8 break-words\">Le rapporteur de la commission d\u2019enqu\u00eate, le d\u00e9put\u00e9 Charles Alloncle de l&rsquo;Union des droites pour la R\u00e9publique, souligne qu&rsquo;il est important d\u2019\u00e9clairer les Fran\u00e7ais sur la destination de leur argent. Depuis la suppression de la redevance t\u00e9l\u00e9 par <strong><a href=\"https:\/\/www.rfi.fr\/fr\/tag\/emmanuel-macron\/\" class=\"link \" rel=\"nofollow noopener\" target=\"_blank\" data-ylk=\"slk:Emmanuel Macron;elm:context_link;itc:0;sec:content-canvas\">Emmanuel Macron<\/a><\/strong>, le dispositif de financement de l\u2019audiovisuel public repose sur l\u2019affectation d\u2019une fraction du produit de la TVA.<\/p>\n<p class=\"mb-4 text-lg md:leading-8 break-words\">\u00c0 lire aussi<a href=\"https:\/\/www.rfi.fr\/fr\/podcasts\/aujourd-hui-l-\u00e9conomie\/20240621-la-menace-d-une-privatisation-plane-sur-l-audiovisuel-public-en-france\" class=\"link \" rel=\"nofollow noopener\" target=\"_blank\" data-ylk=\"slk:La menace d&#039;une privatisation plane sur l\u2019audiovisuel public en France;elm:context_link;itc:0;sec:content-canvas\">La menace d&rsquo;une privatisation plane sur l\u2019audiovisuel public en France<\/a><\/p>\n<p>\u00ab\u00a0Cette commission ne doit pas \u00eatre d\u00e9voy\u00e9e\u00a0\u00bb<\/p>\n<p class=\"mb-4 text-lg md:leading-8 break-words\">La commission d&rsquo;enqu\u00eate promet d&rsquo;\u00eatre m\u00e9diatique. Producteurs influents, stars de la t\u00e9l\u00e9vision, animateurs vedettes, vont d\u00e9filer \u00e0 la tribune, tout comme l&rsquo;ancien pr\u00e9sident Fran\u00e7ois Hollande, la ministre de la Culture Rachida Dati et les pr\u00e9sidentes de France T\u00e9l\u00e9visions et Radio France Delphine Ernotte et Sibyle Veil.<\/p>\n<p class=\"mb-4 text-lg md:leading-8 break-words\">\u00ab\u00a0Cette commission ne doit pas \u00eatre d\u00e9voy\u00e9e\u00a0\u00bb, met en garde le pr\u00e9sident de centre droit de la commission, J\u00e9r\u00e9mie Patrier-Leitus. \u00ab Mon r\u00f4le est d\u2019\u00e9viter qu\u2019elle ne se transforme en tribunal politique \u00bb, pr\u00e9cise-t-il. Les d\u00e9put\u00e9s ne sont pas des juges. \u00c0 gauche, on crie \u00e0 l&rsquo;instrumentalisation politique, craignant que la commission ne serve de rampe de lancement \u00e0 la privatisation de l&rsquo;audiovisuel public. Le rapport sera rendu en mars prochain, un an avant la pr\u00e9sidentielle.<\/p>\n<p class=\"mb-4 text-lg md:leading-8 break-words\">\u00c0 lire aussi<a href=\"https:\/\/fr.news.yahoo.com\/france-laudiovisuel-public-fait-bloc-121006060.html\" class=\"link  yahoo-link\" data-ylk=\"slk:France: l&#039;audiovisuel public fait bloc et d\u00e9nonce la campagne de d\u00e9nigrement des m\u00e9dias de Vincent Bollor\u00e9;elm:context_link;itc:0;sec:content-canvas;outcm:mb_qualified_link;_E:mb_qualified_link;ct:story;\" target=\"_blank\" rel=\"noopener\">France: l&rsquo;audiovisuel public fait bloc et d\u00e9nonce la campagne de d\u00e9nigrement des m\u00e9dias de Vincent Bollor\u00e9<\/a><\/p>\n","protected":false},"excerpt":{"rendered":"C&rsquo;est parti pour un marathon de 13 semaines pendant lesquelles une cinquantaine d&rsquo;auditions seront film\u00e9es et diffus\u00e9es en&hellip;\n","protected":false},"author":2,"featured_media":556629,"comment_status":"","ping_status":"","sticky":false,"template":"","format":"standard","meta":{"footnotes":""},"categories":[4],"tags":[11,5137,1011,27,67406,44067,12,25],"class_list":{"0":"post-556628","1":"post","2":"type-post","3":"status-publish","4":"format-standard","5":"has-post-thumbnail","7":"category-france","8":"tag-actualites","9":"tag-commission-denquete","10":"tag-fr","11":"tag-france","12":"tag-laudiovisuel-2","13":"tag-milliards-deuros-2","14":"tag-news","15":"tag-republique-francaise"},"share_on_mastodon":{"url":"https:\/\/pubeurope.com\/@fr\/115607871409858640","error":""},"_links":{"self":[{"href":"https:\/\/www.europesays.com\/fr\/wp-json\/wp\/v2\/posts\/556628","targetHints":{"allow":["GET"]}}],"collection":[{"href":"https:\/\/www.europesays.com\/fr\/wp-json\/wp\/v2\/posts"}],"about":[{"href":"https:\/\/www.europesays.com\/fr\/wp-json\/wp\/v2\/types\/post"}],"author":[{"embeddable":true,"href":"https:\/\/www.europesays.com\/fr\/wp-json\/wp\/v2\/users\/2"}],"replies":[{"embeddable":true,"href":"https:\/\/www.europesays.com\/fr\/wp-json\/wp\/v2\/comments?post=556628"}],"version-history":[{"count":0,"href":"https:\/\/www.europesays.com\/fr\/wp-json\/wp\/v2\/posts\/556628\/revisions"}],"wp:featuredmedia":[{"embeddable":true,"href":"https:\/\/www.europesays.com\/fr\/wp-json\/wp\/v2\/media\/556629"}],"wp:attachment":[{"href":"https:\/\/www.europesays.com\/fr\/wp-json\/wp\/v2\/media?parent=556628"}],"wp:term":[{"taxonomy":"category","embeddable":true,"href":"https:\/\/www.europesays.com\/fr\/wp-json\/wp\/v2\/categories?post=556628"},{"taxonomy":"post_tag","embeddable":true,"href":"https:\/\/www.europesays.com\/fr\/wp-json\/wp\/v2\/tags?post=556628"}],"curies":[{"name":"wp","href":"https:\/\/api.w.org\/{rel}","templated":true}]}}