{"id":556630,"date":"2025-11-25T02:04:19","date_gmt":"2025-11-25T02:04:19","guid":{"rendered":"https:\/\/www.europesays.com\/fr\/556630\/"},"modified":"2025-11-25T02:04:19","modified_gmt":"2025-11-25T02:04:19","slug":"a-part-le-stade-toulousain-marti-explique-les-difficultes-du-club-a-digerer-le-titre-europeen","status":"publish","type":"post","link":"https:\/\/www.europesays.com\/fr\/556630\/","title":{"rendered":"\u00ab \u00e0 part le Stade Toulousain \u00bb, Marti explique les difficult\u00e9s du club \u00e0 dig\u00e9rer le titre europ\u00e9en"},"content":{"rendered":"<p>L\u2019Union Bordeaux-B\u00e8gles doit apprendre une nouvelle facette bienvenue. L\u2019an pass\u00e9, le club girondin a d\u00e9croch\u00e9 le premier titre de sa jeune histoire en remportant la Champions Cup apr\u00e8s un parcours parfait, o\u00f9 ils auront notamment \u00e9limin\u00e9 le Stade Toulousain. En d\u00e9but de saison, les hommes de Yannick Bru n\u2019ont pas \u00e9t\u00e9 \u00e9pargn\u00e9s par les blessures et ont subi trois lourdes d\u00e9convenues \u00e0 l\u2019ext\u00e9rieur.<\/p>\n<p>\u00ab\u00a0Nous ne sommes pas le Stade Toulousain\u00a0\u00bb reconna\u00eet Marti<\/p>\n<p>Invit\u00e9 \u00e0 commenter ces d\u00e9buts en dents de scie, Laurent Marti a confi\u00e9 \u00e0 <a href=\"https:\/\/www.sudouest.fr\/sport\/rugby\/bordeaux-begles\/entretien-laurent-marti-ubb-on-est-a-l-arret-sur-le-salary-cap-on-ne-peut-plus-recruter-26751107.php\" target=\"_blank\" rel=\"noopener\">Sud-Ouest <\/a>qu\u2019il avait fallu apprendre \u00e0 dig\u00e9rer ce titre, ce que seul le Stade Toulousain arrive \u00e0 faire chaque saison.<\/p>\n<blockquote>\n<p>\u00ab\u00a0\u00c0 part le Stade Toulousain qui est capable d\u2019encha\u00eener les titres, toutes les autres \u00e9quipes qui ont d\u00e9croch\u00e9 quelque chose ont eu des passages compliqu\u00e9s dans les mois qui ont suivi. C\u2019est un peu dans la nature humaine. Pourtant, Yannick Bru a tout fait pour que \u00e7a n\u2019arrive pas. Les joueurs eux-m\u00eames ont aussi mis tout en \u0153uvre pour \u00e9viter \u00e7a. Mais il y a eu un rel\u00e2chement dans l\u2019inconscient. C\u2019est contre \u00e7a qu\u2019il faut lutter.\u00a0\u00bb<\/p>\n<\/blockquote>\n<p>Pour le pr\u00e9sident de l\u2019UBB, le changement est aussi notable sur les adversaires, qui veulent s\u2019offrir le scalp du champion d\u2019Europe.<\/p>\n<blockquote>\n<p>\u00ab\u00a0Ils s\u2019en servent de levier de motivation suppl\u00e9mentaire. Ils savent tr\u00e8s bien que m\u00eame si on a gagn\u00e9 la Champions Cup, nous ne sommes pas le Stade Toulousain. Enfin, ils peuvent toujours se motiver avec \u00e7a mais nous, on ne se prend pas pour d\u2019autres. Dans notre attitude, je n\u2019ai pas vu de suffisance. Et \u00e7a m\u2019emb\u00eaterait s\u2019il y en avait car un titre ne le permet pas. Apr\u00e8s, on n\u2019est plus champions d\u2019Europe, on l\u2019\u00e9tait l\u2019ann\u00e9e derni\u00e8re\u00a0\u00bb<\/p>\n<\/blockquote>\n<p>Partagez cette info avec vos amis et vos proches en cliquant ici<br \/>Pour r\u00e9sumer<\/p>\n<p>Laurent Marti est revenu sur la difficult\u00e9 de l\u2019Union Bordeaux-B\u00e8gles \u00e0 dig\u00e9rer son titre europ\u00e9en lors de ce d\u00e9but de saison. Le pr\u00e9sident du club girondin estime pourtant que tout avait \u00e9t\u00e9 mis en place pour \u00e9viter ce rel\u00e2chement.<\/p>\n<p> <img decoding=\"async\" width=\"76\" height=\"76\" loading=\"lazy\" src=\"https:\/\/www.europesays.com\/fr\/wp-content\/uploads\/2025\/04\/avatar-quinze.png\" alt=\"Arnaud D\u00e9chelotte\"\/><\/p>\n","protected":false},"excerpt":{"rendered":"L\u2019Union Bordeaux-B\u00e8gles doit apprendre une nouvelle facette bienvenue. L\u2019an pass\u00e9, le club girondin a d\u00e9croch\u00e9 le premier titre&hellip;\n","protected":false},"author":2,"featured_media":556631,"comment_status":"","ping_status":"","sticky":false,"template":"","format":"standard","meta":{"footnotes":""},"categories":[1416],"tags":[1011,27,479,1468,60,476,478],"class_list":{"0":"post-556630","1":"post","2":"type-post","3":"status-publish","4":"format-standard","5":"has-post-thumbnail","7":"category-rugby","8":"tag-fr","9":"tag-france","10":"tag-rugby","11":"tag-rugby-football","12":"tag-sports","13":"tag-stade-toulousain","14":"tag-top-14"},"share_on_mastodon":{"url":"https:\/\/pubeurope.com\/@fr\/115607888587560653","error":""},"_links":{"self":[{"href":"https:\/\/www.europesays.com\/fr\/wp-json\/wp\/v2\/posts\/556630","targetHints":{"allow":["GET"]}}],"collection":[{"href":"https:\/\/www.europesays.com\/fr\/wp-json\/wp\/v2\/posts"}],"about":[{"href":"https:\/\/www.europesays.com\/fr\/wp-json\/wp\/v2\/types\/post"}],"author":[{"embeddable":true,"href":"https:\/\/www.europesays.com\/fr\/wp-json\/wp\/v2\/users\/2"}],"replies":[{"embeddable":true,"href":"https:\/\/www.europesays.com\/fr\/wp-json\/wp\/v2\/comments?post=556630"}],"version-history":[{"count":0,"href":"https:\/\/www.europesays.com\/fr\/wp-json\/wp\/v2\/posts\/556630\/revisions"}],"wp:featuredmedia":[{"embeddable":true,"href":"https:\/\/www.europesays.com\/fr\/wp-json\/wp\/v2\/media\/556631"}],"wp:attachment":[{"href":"https:\/\/www.europesays.com\/fr\/wp-json\/wp\/v2\/media?parent=556630"}],"wp:term":[{"taxonomy":"category","embeddable":true,"href":"https:\/\/www.europesays.com\/fr\/wp-json\/wp\/v2\/categories?post=556630"},{"taxonomy":"post_tag","embeddable":true,"href":"https:\/\/www.europesays.com\/fr\/wp-json\/wp\/v2\/tags?post=556630"}],"curies":[{"name":"wp","href":"https:\/\/api.w.org\/{rel}","templated":true}]}}