{"id":556634,"date":"2025-11-25T02:09:27","date_gmt":"2025-11-25T02:09:27","guid":{"rendered":"https:\/\/www.europesays.com\/fr\/556634\/"},"modified":"2025-11-25T02:09:27","modified_gmt":"2025-11-25T02:09:27","slug":"tour-de-france-2026-pourquoi-une-petition-soppose-au-passage-des-cyclistes-au-col-de-sarenne","status":"publish","type":"post","link":"https:\/\/www.europesays.com\/fr\/556634\/","title":{"rendered":"Tour de France 2026 : pourquoi une p\u00e9tition s&rsquo;oppose au passage des cyclistes au col de Sarenne"},"content":{"rendered":"<ul class=\"jsx-862013697 ArticleChapo__List\">\n<li class=\"jsx-862013697 ArticleChapo__List_Item flex\">Pr\u00e8s de 6.000 personnes ont sign\u00e9 une p\u00e9tition en ligne protestant contre la venue de la comp\u00e9tition cycliste sur un col de Sarenne, dans les Alpes.<\/li>\n<li class=\"jsx-862013697 ArticleChapo__List_Item flex\">La 20\u1d49 \u00e9tape, entre Bourg d&rsquo;Oisans et l&rsquo;Alpe d&rsquo;Huez, pr\u00e9voit d&#8217;emprunter le 25 juillet 2026 ce secteur montagneux magnifique, particuli\u00e8rement sensible pour la faune comme pour la flore.<\/li>\n<\/ul>\n<p data-module=\"article-paragraph\" class=\"jsx-3046738180 Paragraph\">L&rsquo;\u00e9tape reine du<a href=\"https:\/\/www.tf1info.fr\/sport\/en-direct-tour-de-france-2026-decouvrez-les-26-etapes-du-parcours-de-l-edition-qui-se-lance-en-catalogne-2402153.html\" target=\"_blank\" rel=\"noopener\"> Tour de France 2026 (nouvelle fen\u00eatre)<\/a> est-elle menac\u00e9e ?<a href=\"https:\/\/www.change.org\/p\/non-au-passage-du-tour-de-france-2026-au-col-de-sarenne\" target=\"_blank\" rel=\"nofollow noopener\"> Une p\u00e9tition en ligne (nouvelle fen\u00eatre)<\/a> s&rsquo;oppose au passage au col de Sarenne (Is\u00e8re) lors de la 20e \u00e9tape de la comp\u00e9tition cycliste, le samedi 25 juillet. Ce jour-l\u00e0, les coureurs doivent franchir plusieurs cols embl\u00e9matiques, la Croix de Fer, le T\u00e9l\u00e9graphe et le Galibier, avant d&rsquo;entamer l&rsquo;ascension des 13 kilom\u00e8tres du col de Sarenne puis d&rsquo;arriver 15 kilom\u00e8tres plus tard \u00e0<a href=\"https:\/\/www.tf1info.fr\/societe\/video-reportage-ski-j-aime-mieux-m-en-aller-la-frenesie-immobiliere-dans-les-stations-d-altitude-ne-fait-pas-l-unanimite-2360888.html\" target=\"_blank\" rel=\"noopener\"> la c\u00e9l\u00e8bre station de ski de l&rsquo;Alpe d&rsquo;Huez (nouvelle fen\u00eatre)<\/a>, d\u00e9j\u00e0 grimp\u00e9e la veille par les coureurs, cette fois par son versant habituel, depuis Le Bourg-d&rsquo;Oisans.<\/p>\n<p data-module=\"article-paragraph\" class=\"jsx-3046738180 Paragraph Paragraph__End\">Sur le plan sportif, cette 20e et avant-derni\u00e8re \u00e9tape du Tour, la plus grosse \u00e9tape de montagne lors de cette 113e \u00e9dition, avec 5.600 m\u00e8tres de d\u00e9nivel\u00e9 positif cumul\u00e9 r\u00e9partis le long des 171 kilom\u00e8tres, s&rsquo;annonce donc d\u00e9cisive. Par ailleurs, six jours avant le passage des cyclistes professionnels, le col de Sarenne sera emprunt\u00e9 par 16.000 cyclistes lors d&rsquo;une course amateur, L&rsquo;\u00c9tape du Tour.<\/p>\n<p data-module=\"article-paragraph\" class=\"jsx-3046738180 Paragraph Paragraph__End\">\u00ab\u00a0Les organisateurs du Tour de France 2026 veulent transformer le col de Sarenne en plus grand stade du monde\u00a0\u00bb, d\u00e9plore dans cette p\u00e9tition Matthieu Stelvio, initiateur de la p\u00e9tition \u00e0 ce stade sign\u00e9e par pr\u00e8s de 6.000 personnes. \u00ab\u00a0La nature n&rsquo;est pas un stade\u00a0\u00bb, souligne-t-il. Le col de Sarenne, situ\u00e9 \u00e0 1.999 m\u00e8tres d\u2019altitude, est un endroit au d\u00e9cor idyllique. \u00ab\u00a0La route menant au col de Sarenne est belle et sauvage. Ferm\u00e9e 8 mois sur 12, cette route est une route pastorale, destin\u00e9e aux bergers. Le col de Sarenne est l&rsquo;un de ces beaux et rares espaces o\u00f9 l&rsquo;on peut encore respirer de l&rsquo;air pur\u00a0\u00bb, estime Matthieu Stelvio, \u00e9voquant les cons\u00e9quences sur la faune.<\/p>\n<p>Des animaux sur la liste rouge des esp\u00e8ces menac\u00e9es <\/p>\n<p data-module=\"article-paragraph\" class=\"jsx-3046738180 Paragraph\">\u00ab\u00a0Le 25 juillet 2026, un tr\u00e8s grand nombre de personnes devrait s&rsquo;entasser dans la vall\u00e9e du Ferrand, qui est habituellement peupl\u00e9e de marmottes, de renards, de chamois, de circa\u00e8tes, d&rsquo;hermines ainsi que de fragiles t\u00e9tras lyre\u00a0\u00bb, des oiseaux embl\u00e9matiques de la cha\u00eene alpine, constate l&rsquo;initiateur de cette p\u00e9tition. Ces \u00ab\u00a0gallinac\u00e9s embl\u00e9matiques couvent au sol et les petits naissent en juillet, c&rsquo;est-\u00e0-dire pendant <a href=\"https:\/\/www.tf1info.fr\/sport\/tour-de-france-2025-apres-l-incroyable-succes-populaire-reverra-t-on-les-coureurs-sur-la-butte-montmartre-en-2026-2385514.html\" target=\"_blank\" rel=\"noopener\">le Tour de France<\/a>\u00ab\u00a0, rappelle-t-il.<\/p>\n<p data-module=\"article-paragraph\" class=\"jsx-3046738180 Paragraph Paragraph__End\">D&rsquo;autres esp\u00e8ces peuplent ce secteur, comme les perdrix bartavelles, \u00ab\u00a0qui couvent au sol et dont les petits naissent en juillet\u00a0\u00bb ou encore les lagop\u00e8des, \u00ab\u00a0reliques de l&rsquo;\u00e9poque glaciaire\u00a0\u00bb, qui couvent, eux aussi, au sol et dont les petits naissent en juillet. Le t\u00e9tras lyre, le lagop\u00e8de et la perdrix bartavelle sont trois gallinac\u00e9s figurant sur <a href=\"https:\/\/www.tf1info.fr\/environnement-ecologie\/liste-rouge-des-especes-menacees-l-arctique-surchauffe-inquietude-pour-l-avenir-des-phoques-2399380.html\" target=\"_blank\" rel=\"noopener\">la liste rouge des esp\u00e8ces menac\u00e9es<\/a> de l&rsquo;Union internationale pour la conservation de la Nature (l&rsquo;UICN), rappelle Matthieu Stelvio, qui se pr\u00e9sente comme un \u00ab\u00a0cycliste attach\u00e9 aux grands espaces sauvages, un d\u00e9fenseur des bouquetins et des t\u00e9tras lyre\u00a0\u00bb. \u00ab\u00a0Leur d\u00e9clin est notamment li\u00e9 \u00e0 la surfr\u00e9quentation humaine et au d\u00e9rangement des nich\u00e9es. En mati\u00e8re de lieu et de timing, difficile de trouver pire pour convier les foules\u00a0\u00bb, affirme-t-il.\u00a0<\/p>\n<blockquote class=\"jsx-2786790838 Quote__Text\"><p>Une flore rare et fragile sera pi\u00e9tin\u00e9e par la foule, peut-\u00eatre m\u00eame \u00e9cras\u00e9e par des centaines de v\u00e9hicules, des centaines de tentes<\/p><\/blockquote>\n<p>Matthieu Stelvio, initiateur de la p\u00e9tition contre le passage du Tour au col de Sarenne<\/p>\n<p data-module=\"article-paragraph\" class=\"jsx-3046738180 Paragraph Paragraph__End\">Les cons\u00e9quences seront aussi sur la flore. Selon un document Natura 2000, la vall\u00e9e du Ferrand est l&rsquo;une des \u00ab\u00a0plus riches r\u00e9gions de France sur le plan botanique\u00a0\u00bb. \u00ab\u00a0Et c&rsquo;est une flore rare et fragile qui sera pi\u00e9tin\u00e9e par la foule, peut-\u00eatre m\u00eame \u00e9cras\u00e9e par des centaines de v\u00e9hicules, des centaines de tentes\u00a0\u00bb. \u00ab\u00a0La nature est plus importante que ce spectacle-business et les organisateurs du Tour de France se moquent de la nature\u00a0\u00bb, estime l&rsquo;initiateur de cette p\u00e9tition.<\/p>\n<p><a href=\"https:\/\/www.tf1info.fr\/sport\/cyclisme-le-tour-de-france-bientot-payant-pour-le-public-l-organisateur-aso-tranche-le-vif-2407373.html\" rel=\"noopener\" class=\"jsx-3308031228 Link flex\" target=\"_blank\"><img decoding=\"async\" src=\"https:\/\/www.europesays.com\/fr\/wp-content\/uploads\/2025\/11\/tour-de-france-col-de-la-loze-2025-b1305c-0@1x.jpeg\" alt=\"Marco BERTORELLO \/ AFP\" loading=\"lazy\" importance=\"low\" fetchpriority=\"low\" class=\"\" aria-hidden=\"true\"\/><\/p>\n<p class=\"jsx-3657663356 ReadMoreArticle__Title\">Lire aussi<\/p>\n<p class=\"jsx-3657663356\">Le Tour de France bient\u00f4t payant pour le public ? L&rsquo;organisateur ASO tranche dans le vif<\/p>\n<p><\/a><\/p>\n<p data-module=\"article-paragraph\" class=\"jsx-3046738180 Paragraph\">Matthieu Stelvio avait d\u00e9j\u00e0 initi\u00e9 en 2013 une pr\u00e9c\u00e9dente p\u00e9tition contre le passage du Tour de France au col de Sarenne, par un autre versant. Elle avait alors r\u00e9colt\u00e9 plus de 12.000 signatures. Des \u00e9cologistes critiquaient d\u00e9j\u00e0 le passage \u00e0 proximit\u00e9 d&rsquo;une zone soumise \u00e0 un arr\u00eat\u00e9 pr\u00e9fectoral de protection de biotope et la menace potentielle sur l&rsquo;habitat naturel d&rsquo;un passage d&rsquo;une \u00e9preuve aussi grande que le Tour de France.\u00a0<\/p>\n<p data-module=\"article-paragraph\" class=\"jsx-3046738180 Paragraph Paragraph__End\">Le parti politique Europe \u00c9cologie &#8211; les Verts avait d\u00e9nonc\u00e9 le \u00ab\u00a0choix irresponsable\u00a0\u00bb des organisateurs du Tour de France d&#8217;emprunter le col de Sarenne lors de la 18e \u00e9tape, estimant que cela allait \u00ab\u00a0\u00e0 l&rsquo;encontre de la s\u00e9curit\u00e9 des coureurs\u00a0\u00bb et \u00ab\u00a0de la protection d&rsquo;un espace sauvage pr\u00e9serv\u00e9\u00a0\u00bb. \u00ab\u00a0Comme en 2013, la surfr\u00e9quentation de Sarenne risque de durer plusieurs semaines, ce qui amplifiera le d\u00e9rangement d&rsquo;une faune pr\u00e9cieuse et vuln\u00e9rable\u00a0\u00bb, craint la p\u00e9tition lanc\u00e9e en 2025.\u00a0<\/p>\n<p>J.C<\/p>\n","protected":false},"excerpt":{"rendered":"Pr\u00e8s de 6.000 personnes ont sign\u00e9 une p\u00e9tition en ligne protestant contre la venue de la comp\u00e9tition cycliste&hellip;\n","protected":false},"author":2,"featured_media":556635,"comment_status":"","ping_status":"","sticky":false,"template":"","format":"standard","meta":{"footnotes":""},"categories":[1411],"tags":[1111,11,1921,1130,1154,207,1011,27,1922,26371,60,210,133,4712],"class_list":{"0":"post-556634","1":"post","2":"type-post","3":"status-publish","4":"format-standard","5":"has-post-thumbnail","7":"category-cyclisme","8":"tag-actu","9":"tag-actualites","10":"tag-article-video","11":"tag-biodiversite","12":"tag-cycling","13":"tag-cyclisme","14":"tag-fr","15":"tag-france","16":"tag-info","17":"tag-sport-et-societe","18":"tag-sports","19":"tag-tour-de-france","20":"tag-video","21":"tag-video-sports"},"share_on_mastodon":{"url":"https:\/\/pubeurope.com\/@fr\/115607908006297047","error":""},"_links":{"self":[{"href":"https:\/\/www.europesays.com\/fr\/wp-json\/wp\/v2\/posts\/556634","targetHints":{"allow":["GET"]}}],"collection":[{"href":"https:\/\/www.europesays.com\/fr\/wp-json\/wp\/v2\/posts"}],"about":[{"href":"https:\/\/www.europesays.com\/fr\/wp-json\/wp\/v2\/types\/post"}],"author":[{"embeddable":true,"href":"https:\/\/www.europesays.com\/fr\/wp-json\/wp\/v2\/users\/2"}],"replies":[{"embeddable":true,"href":"https:\/\/www.europesays.com\/fr\/wp-json\/wp\/v2\/comments?post=556634"}],"version-history":[{"count":0,"href":"https:\/\/www.europesays.com\/fr\/wp-json\/wp\/v2\/posts\/556634\/revisions"}],"wp:featuredmedia":[{"embeddable":true,"href":"https:\/\/www.europesays.com\/fr\/wp-json\/wp\/v2\/media\/556635"}],"wp:attachment":[{"href":"https:\/\/www.europesays.com\/fr\/wp-json\/wp\/v2\/media?parent=556634"}],"wp:term":[{"taxonomy":"category","embeddable":true,"href":"https:\/\/www.europesays.com\/fr\/wp-json\/wp\/v2\/categories?post=556634"},{"taxonomy":"post_tag","embeddable":true,"href":"https:\/\/www.europesays.com\/fr\/wp-json\/wp\/v2\/tags?post=556634"}],"curies":[{"name":"wp","href":"https:\/\/api.w.org\/{rel}","templated":true}]}}