{"id":556640,"date":"2025-11-25T02:14:20","date_gmt":"2025-11-25T02:14:20","guid":{"rendered":"https:\/\/www.europesays.com\/fr\/556640\/"},"modified":"2025-11-25T02:14:20","modified_gmt":"2025-11-25T02:14:20","slug":"thomas-pesquet-soffusque-du-vol-de-sa-statue-mais-surtout-dun-detail-de-celle-ci","status":"publish","type":"post","link":"https:\/\/www.europesays.com\/fr\/556640\/","title":{"rendered":"Thomas Pesquet \u00ab\u00a0s\u2019offusque\u00a0\u00bb du vol de sa statue, mais surtout d\u2019un d\u00e9tail de celle-ci"},"content":{"rendered":"<p>        <img decoding=\"async\" loading=\"lazy\" src=\"https:\/\/www.europesays.com\/fr\/wp-content\/uploads\/2025\/11\/0c4e4b7_upload-1-s6yeywlakyct-gettyimages-2207960404.jpg\"  width=\"728\" height=\"409\" alt=\"Thomas Pesquet, ici au mois de mars 2025, \u00e0 Paris.\"\/>  <\/p>\n<p>Antoine Gyori &#8211; Corbis \/ Corbis via Getty Images<\/p>\n<p>Thomas Pesquet, ici au mois de mars 2025, \u00e0 Paris.<\/p>\n<p>      <strong>EN BREF<\/strong> <strong>\u2022 <\/strong>Une statue repr\u00e9sentant le spationaute Thomas Pesquet a \u00e9t\u00e9 vol\u00e9e \u00e0 Beaumont-du-Ventoux.<br \/><strong>\u2022 <\/strong>La statue faisait partie d\u2019un sentier p\u00e9dagogique avec d\u2019autres figures scientifiques comme Marie Curie et Jean-Henri Fabre.<br \/><strong>\u2022 <\/strong>La mairie a d\u00e9pos\u00e9 plainte et lanc\u00e9 un appel pour retrouver la statue.                         <\/p>\n<p class=\"asset asset-text\">Rendez \u00e0 Thomas Pesquet ce qui appartient \u00e0 <a href=\"https:\/\/www.huffingtonpost.fr\/science\/video\/thomas-pesquet-a-visite-un-endroit-presque-aussi-inhabitable-de-l-espace_226913.html\" target=\"_blank\" rel=\"noopener\">Thomas Pesquet<\/a>. Quoi donc\u00a0? Ses centim\u00e8tres\u00a0! Alors qu\u2019une statue repr\u00e9sentant <a href=\"https:\/\/www.huffingtonpost.fr\/sport\/video\/victor-wembanyama-et-la-nba-a-paris-de-thomas-pesquet-a-omar-sy-les-stars-rassemblees-pour-le-soutenir_245255.html\" target=\"_blank\" rel=\"noopener\">le spationaute fran\u00e7ais<\/a> a \u00e9t\u00e9 d\u00e9rob\u00e9e dans le Vaucluse quelques jours apr\u00e8s son installation, ce dernier a pris la parole, ce vendredi 21\u00a0novembre, pour ironiser sur un dr\u00f4le de d\u00e9tail de celle-ci.<\/p>\n<p class=\"asset asset-text\">\u00ab\u00a0Je m\u2019offusque car \u201cla taille r\u00e9elle\u201d est d\u00e9crite \u00e0 1\u00a0m\u00e8tre 80. C\u2019est ma carri\u00e8re de basketteur qui est en jeu\u00a0\u00bb, plaisante dans un tweet Thomas Pesquet, qui mesure en r\u00e9alit\u00e9 1\u00a0m\u00e8tre 84. Des centim\u00e8tres en plus qu\u2019il a par ailleurs gagn\u00e9s \u00e0 son retour sur Terre en 2017, en raison de la micro-gravit\u00e9 \u00e0 bord de l\u2019ISS.<\/p>\n<p class=\"asset asset-text\">\u00ab\u00a0Ah et aussi\u00a0: rendez la statue, s\u00e9rieux\u00a0\u00bb, conclut-il, en l\u00e9gende d\u2019<a href=\"https:\/\/www.francebleu.fr\/infos\/faits-divers-justice\/la-statue-de-thomas-pesquet-au-pied-du-ventoux-a-ete-volee-4363056\" target=\"_blank\" rel=\"noopener\" title=\"Nouvelle fen\u00eatre\">un article d\u2019ICI<\/a> (anciennement France Bleu). Dans celui-ci, nous apprenons qu\u2019une silhouette grandeur nature de Thomas Pesquet a \u00e9t\u00e9 d\u00e9mont\u00e9e, puis emport\u00e9e par ses voleurs le week-end des 15 et 16\u00a0novembre sur un sentier de la commune de Beaumont-du-Ventoux.<\/p>\n<p> La lecture de ce contenu est susceptible d\u2019entra\u00eener un d\u00e9p\u00f4t de cookies de la part de l\u2019op\u00e9rateur tiers qui l\u2019h\u00e9berge. Compte-tenu des choix que vous avez exprim\u00e9s en mati\u00e8re de d\u00e9p\u00f4t de cookies, nous avons bloqu\u00e9 l\u2019affichage de ce contenu. Si vous souhaitez y acc\u00e9der, vous devez accepter la cat\u00e9gorie de cookies \u201cContenus tiers\u201d en cliquant sur le bouton ci-dessous. <\/p>\n<p> Lire la Vid\u00e9o        La \u00ab\u00a0b\u00eatise humaine\u00a0\u00bb    <\/p>\n<p class=\"asset asset-text\">Install\u00e9e une semaine plus t\u00f4t, celle-ci prenait jusqu\u2019ici place au sein d\u2019un sentier dit \u00ab\u00a0p\u00e9dagogique\u00a0\u00bb compos\u00e9 de plusieurs autres statues rendant hommage \u00e0 des figures de la science, comme l\u2019entomologiste Jean-Henri Fabre et la physicienne Marie Curie.<\/p>\n<p class=\"asset asset-text\">Celle de Thomas Pesquet, \u00ab\u00a0c\u2019est un truc d\u20191 m\u00e8tre 80 \u00e0 1\u00a0800\u00a0euros, a d\u00e9plor\u00e9 le maire de la ville du Vaucluse. Quelqu\u2019un est venu le d\u00e9boulonner. C\u2019est l\u2019imb\u00e9cillit\u00e9 de quelqu\u2019un qui ne respecte pas ce qui est fait pour d\u00e9couvrir le Ventoux.\u00a0[\u2026] C\u2019est de la b\u00eatise humaine\u00a0dans un monde o\u00f9 personne ne respecte plus quoi que ce soit.\u00a0\u00bb<\/p>\n<p class=\"asset asset-text\">La mairie a lanc\u00e9 un appel sur les r\u00e9seaux sociaux pour l\u2019aider \u00e0 retrouver la statue. Une plainte a \u00e9t\u00e9 d\u00e9pos\u00e9e aupr\u00e8s de la gendarmerie. Et une enqu\u00eate est en cours. Des pi\u00e8ges photographiques auraient d\u2019ores et d\u00e9j\u00e0 permis d\u2019\u00e9tablir \u00ab\u00a0des \u00e9l\u00e9ments concrets\u00a0\u00bb, assure la municipalit\u00e9.<\/p>\n","protected":false},"excerpt":{"rendered":"Antoine Gyori &#8211; Corbis \/ Corbis via Getty Images Thomas Pesquet, ici au mois de mars 2025, \u00e0&hellip;\n","protected":false},"author":2,"featured_media":556641,"comment_status":"","ping_status":"","sticky":false,"template":"","format":"standard","meta":{"footnotes":""},"categories":[1358],"tags":[1348,1384,1385,1386,58,59,1011,27,973,7470],"class_list":{"0":"post-556640","1":"post","2":"type-post","3":"status-publish","4":"format-standard","5":"has-post-thumbnail","7":"category-arts-et-design","8":"tag-arts","9":"tag-arts-and-design","10":"tag-arts-et-design","11":"tag-design","12":"tag-divertissement","13":"tag-entertainment","14":"tag-fr","15":"tag-france","16":"tag-people","17":"tag-thomas-pesquet"},"share_on_mastodon":{"url":"","error":""},"_links":{"self":[{"href":"https:\/\/www.europesays.com\/fr\/wp-json\/wp\/v2\/posts\/556640","targetHints":{"allow":["GET"]}}],"collection":[{"href":"https:\/\/www.europesays.com\/fr\/wp-json\/wp\/v2\/posts"}],"about":[{"href":"https:\/\/www.europesays.com\/fr\/wp-json\/wp\/v2\/types\/post"}],"author":[{"embeddable":true,"href":"https:\/\/www.europesays.com\/fr\/wp-json\/wp\/v2\/users\/2"}],"replies":[{"embeddable":true,"href":"https:\/\/www.europesays.com\/fr\/wp-json\/wp\/v2\/comments?post=556640"}],"version-history":[{"count":0,"href":"https:\/\/www.europesays.com\/fr\/wp-json\/wp\/v2\/posts\/556640\/revisions"}],"wp:featuredmedia":[{"embeddable":true,"href":"https:\/\/www.europesays.com\/fr\/wp-json\/wp\/v2\/media\/556641"}],"wp:attachment":[{"href":"https:\/\/www.europesays.com\/fr\/wp-json\/wp\/v2\/media?parent=556640"}],"wp:term":[{"taxonomy":"category","embeddable":true,"href":"https:\/\/www.europesays.com\/fr\/wp-json\/wp\/v2\/categories?post=556640"},{"taxonomy":"post_tag","embeddable":true,"href":"https:\/\/www.europesays.com\/fr\/wp-json\/wp\/v2\/tags?post=556640"}],"curies":[{"name":"wp","href":"https:\/\/api.w.org\/{rel}","templated":true}]}}