{"id":556645,"date":"2025-11-25T02:18:25","date_gmt":"2025-11-25T02:18:25","guid":{"rendered":"https:\/\/www.europesays.com\/fr\/556645\/"},"modified":"2025-11-25T02:18:25","modified_gmt":"2025-11-25T02:18:25","slug":"la-reine-des-neiges-a-disneyland-paris-la-date-douverture-du-nouveau-parc-est-officielle-avec-un-robot-olaf","status":"publish","type":"post","link":"https:\/\/www.europesays.com\/fr\/556645\/","title":{"rendered":"La Reine des Neiges \u00e0 Disneyland Paris : la date d&rsquo;ouverture du nouveau parc est officielle (avec un robot Olaf)"},"content":{"rendered":"<p>Apr\u00e8s des ann\u00e9es de travaux, Disneyland Paris ouvrira au printemps 2026 son nouveau parc construit autour de diff\u00e9rents univers, comme La Reine des Neiges, Pixar, Avengers et Le Roi Lion. Cet espace g\u00e9ant, construit autour d\u2019un lac et d\u2019un nouveau ch\u00e2teau, remplacera l\u2019ancien Walt Disney Studios. <\/p>\n<p>Le suspense a pris fin dans la soir\u00e9e du lundi 24 novembre : Disneyland Paris, apr\u00e8s des ann\u00e9es de rumeurs et de vid\u00e9os vol\u00e9es par les visiteurs, a officialis\u00e9 la date de lancement de son nouveau parc. Disneyland Adventure World, qui remplace Walt Disney Studios avec une superficie nettement sup\u00e9rieure, ouvrira ses portes au public le <strong>29 mars 2026<\/strong>.<\/p>\n<p><strong>Disney Adventure World est un nouveau parc g\u00e9ant \u00e0 la place de Walt Disney Studios<\/strong><\/p>\n<p>Oubliez la configuration \u00e9triqu\u00e9e des anciens studios de cin\u00e9ma. Les visiteurs emprunteront d\u00e9sormais une grande all\u00e9e, l\u2019Adventure Way, pour rejoindre le c\u0153ur n\u00e9vralgique du projet : un lac artificiel de 70 000 m\u00b3 qui servira de sc\u00e8ne \u00e0 360 degr\u00e9s, avec un nouveau spectacle nocturne.<\/p>\n<p>Au fond de l\u2019all\u00e9e, le tr\u00e8s attendu World of Frozen recr\u00e9e fid\u00e8lement le village et le port d\u2019Arendelle, domin\u00e9s par le Palais de Glace. Une nouvelle attraction ultra technologique permettra de parcourir le monde de la Reine des Neiges.<\/p>\n<p><a href=\"https:\/\/www.numerama.com\/wp-content\/uploads\/2025\/11\/3-11.jpg\" target=\"_blank\" rel=\"noopener\"><img decoding=\"async\" width=\"1024\" height=\"576\" loading=\"lazy\" alt=\"L\u2019accueil de l\u2019attraction la reine des neiges.\" title=\"L\u2019accueil de l\u2019attraction la reine des neiges.\" class=\"wp-image-2126129 placeholder-default wp-image\" src=\"https:\/\/www.europesays.com\/fr\/wp-content\/uploads\/2025\/11\/3-11-1024x576.jpg\" \/><\/a>L\u2019accueil de l\u2019attraction la reine des neiges.  \/\/ Source : Numerama <\/p>\n<p>Au-del\u00e0 des d\u00e9cors, c\u2019est la robotique qui fait un bond en avant. Les personnages de l\u2019attraction sont des Audio-Animatronics 100 % \u00e9lectriques, avec une fluidit\u00e9 de mouvement in\u00e9dite par rapport aux anciens syst\u00e8mes hydrauliques. Plus impressionnant encore : le parc accueillera <strong>le premier robot autonome en libert\u00e9<\/strong>. Une version robotis\u00e9e d\u2019Olaf, capable de marcher, de s\u2019orienter et d\u2019interagir avec la foule sans rails ni c\u00e2bles, d\u00e9ambulera dans les all\u00e9es du land.<\/p>\n<blockquote class=\"tiktok-embed\" cite=\"https:\/\/www.tiktok.com\/@numerama\/video\/7576370834500046102\" data-video-id=\"7576370834500046102\" data-embed-from=\"oembed\" style=\"max-width:605px; min-width:325px;\"><p>  <a target=\"_blank\" title=\"@numerama\" href=\"https:\/\/www.tiktok.com\/@numerama?refer=embed\" rel=\"noopener\">@numerama<\/a> <\/p>\n<p>Suivez \ud83d\udc49 @numerama pour anticiper l\u2019avenir ! \ud83e\udd16 En avant-premi\u00e8re \u00e0 Disneyland Paris, on a pu voir le tout nouveau robot Olaf (cr\u00e9\u00e9 par Walt Disney Imagineering) interagir avec Elsa et Anna. Un premier aper\u00e7u du futur Monde de La Reine des Neiges qui ouvrira le 29 mars 2026 \u00e0 Disney Adventure World et de la nouvelle g\u00e9n\u00e9ration de personnages \u201cvivants\u201d sign\u00e9s Disney ! \ud83e\udd17 __ <a title=\"robot\" target=\"_blank\" href=\"https:\/\/www.tiktok.com\/tag\/robot?refer=embed\" rel=\"noopener\">#robot<\/a> <a title=\"disney\" target=\"_blank\" href=\"https:\/\/www.tiktok.com\/tag\/disney?refer=embed\" rel=\"noopener\">#disney<\/a> disneyworld <a title=\"disneyland\" target=\"_blank\" href=\"https:\/\/www.tiktok.com\/tag\/disneyland?refer=embed\" rel=\"noopener\">#disneyland<\/a> frozen<\/p>\n<p> <a target=\"_blank\" title=\"\u266c son original - Numerama - Numerama\" href=\"https:\/\/www.tiktok.com\/music\/son-original-Numerama-7576370898916772630?refer=embed\" rel=\"noopener\">\u266c son original \u2013 Numerama \u2013 Numerama<\/a>  <\/p><\/blockquote>\n<p>            Ce contenu est bloqu\u00e9 car vous n\u2019avez pas accept\u00e9 les cookies et autres traceurs. Ce contenu est fourni par TikTok.<br \/>Pour pouvoir le visualiser, vous devez accepter l\u2019usage \u00e9tant op\u00e9r\u00e9 par TikTok avec vos donn\u00e9es qui pourront \u00eatre utilis\u00e9es pour les finalit\u00e9s suivantes : vous permettre de visualiser et de partager des contenus avec des m\u00e9dias sociaux, favoriser le d\u00e9veloppement et l\u2019am\u00e9lioration des produits d\u2019Humanoid et de ses partenaires, vous afficher des publicit\u00e9s personnalis\u00e9es par rapport \u00e0 votre profil et activit\u00e9, vous d\u00e9finir un profil publicitaire personnalis\u00e9, mesurer la performance des publicit\u00e9s et du contenu de ce site et mesurer l\u2019audience de ce site <a href=\"#\" class=\"js-privacy\" target=\"_blank\">(en savoir plus)<\/a>        <\/p>\n<p>            En cliquant sur \u00ab J\u2019accepte tout \u00bb, vous consentez aux finalit\u00e9s susmentionn\u00e9es pour l\u2019ensemble des cookies et autres traceurs d\u00e9pos\u00e9s par Humanoid et <a class=\"embed-consent-overlay-vendors-link\" href=\"#preferences-vendeurs\">ses partenaires<\/a>.        <\/p>\n<p>            Vous gardez la possibilit\u00e9 de retirer votre consentement \u00e0 tout moment. Pour plus d\u2019informations, nous vous invitons \u00e0 prendre connaissance de notre <a href=\"https:\/\/www.numerama.com\/politique-cookies\" target=\"_blank\" rel=\"noopener\">Politique cookies<\/a>.        <\/p>\n<p>        J\u2019accepte tout    <\/p>\n<p class=\"embed-consent-overlay-manage-choices\">        <a href=\"#preferences-publicitaires\">G\u00e9rer mes choix<\/a>    <\/p>\n<p><strong>Le nouveau parc inaugur\u00e9 le 29 mars 2026, avec pour objectif de vous faire rester deux nuits<\/strong><\/p>\n<p>\u00c0 partir du 29 mars 2026, les palissades tomberont pour r\u00e9v\u00e9ler l\u2019int\u00e9gralit\u00e9 de la zone du lac et d\u2019Arendelle. La zone d\u00e9di\u00e9e au Roi Lion, actuellement en d\u00e9but de construction, arrivera dans un second temps pour compl\u00e9ter l\u2019offre (vers 2027).<\/p>\n<p><a href=\"https:\/\/www.numerama.com\/wp-content\/uploads\/2025\/11\/4-4.jpg\" target=\"_blank\" rel=\"noopener\"><img decoding=\"async\" width=\"1024\" height=\"576\" loading=\"lazy\" alt=\"L\u2019attraction Raiponce.\" title=\"L\u2019attraction Raiponce.\" class=\"wp-image-2126131 placeholder-default wp-image\" src=\"https:\/\/www.europesays.com\/fr\/wp-content\/uploads\/2025\/11\/4-4-1024x576.jpg\" \/><\/a>L\u2019attraction Raiponce. \/\/ Source : Numerama<\/p>\n<p>Cette date marque un tournant strat\u00e9gique majeur pour le resort parisien. Avec cette extension, Disney ne cherche plus seulement \u00e0 vendre des billets d\u2019entr\u00e9e, mais \u00e0 allonger la dur\u00e9e de s\u00e9jour. La transformation du demi-parc Studios en une destination \u00e0 part enti\u00e8re vise \u00e0 rendre le s\u00e9jour de <strong>deux jours et deux nuits<\/strong> incontournable pour les visiteurs europ\u00e9ens. <\/p>\n<p><a href=\"https:\/\/www.numerama.com\/wp-content\/uploads\/2025\/11\/1-10.jpg\" target=\"_blank\" rel=\"noopener\"><img decoding=\"async\" width=\"1024\" height=\"576\" loading=\"lazy\" alt=\"Le ch\u00e2teau de la reine des neiges, visible au fond du parc.\" title=\"Le ch\u00e2teau de la reine des neiges, visible au fond du parc.\" class=\"wp-image-2126125 placeholder-default wp-image\" src=\"https:\/\/www.europesays.com\/fr\/wp-content\/uploads\/2025\/11\/1-10-1024x576.jpg\" \/><\/a>Le ch\u00e2teau de la reine des neiges, visible au fond du parc.  \/\/ Source : Numerama<\/p>\n<p>Pour verrouiller cette strat\u00e9gie, Disney jouera la carte de la double soir\u00e9e. Il sera d\u00e9sormais possible d\u2019assister \u00e0 deux spectacles nocturnes majeurs en simultan\u00e9 : le show classique sur le ch\u00e2teau du Parc Disneyland, et une nouvelle production aquatique massive sur le lac de Disney Adventure World, m\u00ealant fontaines, lasers et drones.<\/p>\n<p><strong>Numerama vous proposera dans les prochaines heures une visite en avant-premi\u00e8re du parc Disney Adventure World sur YouTube.<\/strong><\/p>\n<\/p>\n<p>            Ce contenu est bloqu\u00e9 car vous n\u2019avez pas accept\u00e9 les cookies et autres traceurs. Ce contenu est fourni par YouTube.<br \/>Pour pouvoir le visualiser, vous devez accepter l\u2019usage \u00e9tant op\u00e9r\u00e9 par YouTube avec vos donn\u00e9es qui pourront \u00eatre utilis\u00e9es pour les finalit\u00e9s suivantes : vous permettre de visualiser et de partager des contenus avec des m\u00e9dias sociaux, favoriser le d\u00e9veloppement et l\u2019am\u00e9lioration des produits d\u2019Humanoid et de ses partenaires, vous afficher des publicit\u00e9s personnalis\u00e9es par rapport \u00e0 votre profil et activit\u00e9, vous d\u00e9finir un profil publicitaire personnalis\u00e9, mesurer la performance des publicit\u00e9s et du contenu de ce site et mesurer l\u2019audience de ce site <a href=\"#\" class=\"js-privacy\" target=\"_blank\">(en savoir plus)<\/a>        <\/p>\n<p>            En cliquant sur \u00ab J\u2019accepte tout \u00bb, vous consentez aux finalit\u00e9s susmentionn\u00e9es pour l\u2019ensemble des cookies et autres traceurs d\u00e9pos\u00e9s par Humanoid et <a class=\"embed-consent-overlay-vendors-link\" href=\"#preferences-vendeurs\">ses partenaires<\/a>.        <\/p>\n<p>            Vous gardez la possibilit\u00e9 de retirer votre consentement \u00e0 tout moment. Pour plus d\u2019informations, nous vous invitons \u00e0 prendre connaissance de notre <a href=\"https:\/\/www.numerama.com\/politique-cookies\" target=\"_blank\" rel=\"noopener\">Politique cookies<\/a>.        <\/p>\n<p>        J\u2019accepte tout    <\/p>\n<p class=\"embed-consent-overlay-manage-choices\">        <a href=\"#preferences-publicitaires\">G\u00e9rer mes choix<\/a>    <\/p>\n<p>            <img decoding=\"async\" src=\"https:\/\/www.europesays.com\/fr\/wp-content\/uploads\/2025\/04\/iPhone-16-pro.png\" alt=\"Toute l'actu tech en un clien d'oeil\"\/><\/p>\n<p class=\"card-install-pwa__title\">Toute l&rsquo;actu tech en un clin d&rsquo;\u0153il<\/p>\n<p class=\"card-install-pwa__description\">Ajoutez Numerama \u00e0 votre \u00e9cran d&rsquo;accueil et restez connect\u00e9s au futur !<\/p>\n<p>            <img decoding=\"async\" src=\"https:\/\/www.numerama.com\/wp-content\/themes\/numerama-next\/assets\/images\/premium\/logo-card-pwa-coupe.svg\" alt=\"Logo PWA\"\/><\/p>\n<p>       Installer Numerama<\/p>\n<p>        <script async src=\"\/\/www.tiktok.com\/embed.js\"><\/script><\/p>\n","protected":false},"excerpt":{"rendered":"Apr\u00e8s des ann\u00e9es de travaux, Disneyland Paris ouvrira au printemps 2026 son nouveau parc construit autour de diff\u00e9rents&hellip;\n","protected":false},"author":2,"featured_media":556646,"comment_status":"","ping_status":"","sticky":false,"template":"","format":"standard","meta":{"footnotes":""},"categories":[1354],"tags":[270,520,4906,58,59,1346,1011,27,1360],"class_list":{"0":"post-556645","1":"post","2":"type-post","3":"status-publish","4":"format-standard","5":"has-post-thumbnail","7":"category-films","8":"tag-breaking","9":"tag-disney","10":"tag-disneyland-paris","11":"tag-divertissement","12":"tag-entertainment","13":"tag-films","14":"tag-fr","15":"tag-france","16":"tag-movies"},"share_on_mastodon":{"url":"https:\/\/pubeurope.com\/@fr\/115607945069733892","error":""},"_links":{"self":[{"href":"https:\/\/www.europesays.com\/fr\/wp-json\/wp\/v2\/posts\/556645","targetHints":{"allow":["GET"]}}],"collection":[{"href":"https:\/\/www.europesays.com\/fr\/wp-json\/wp\/v2\/posts"}],"about":[{"href":"https:\/\/www.europesays.com\/fr\/wp-json\/wp\/v2\/types\/post"}],"author":[{"embeddable":true,"href":"https:\/\/www.europesays.com\/fr\/wp-json\/wp\/v2\/users\/2"}],"replies":[{"embeddable":true,"href":"https:\/\/www.europesays.com\/fr\/wp-json\/wp\/v2\/comments?post=556645"}],"version-history":[{"count":0,"href":"https:\/\/www.europesays.com\/fr\/wp-json\/wp\/v2\/posts\/556645\/revisions"}],"wp:featuredmedia":[{"embeddable":true,"href":"https:\/\/www.europesays.com\/fr\/wp-json\/wp\/v2\/media\/556646"}],"wp:attachment":[{"href":"https:\/\/www.europesays.com\/fr\/wp-json\/wp\/v2\/media?parent=556645"}],"wp:term":[{"taxonomy":"category","embeddable":true,"href":"https:\/\/www.europesays.com\/fr\/wp-json\/wp\/v2\/categories?post=556645"},{"taxonomy":"post_tag","embeddable":true,"href":"https:\/\/www.europesays.com\/fr\/wp-json\/wp\/v2\/tags?post=556645"}],"curies":[{"name":"wp","href":"https:\/\/api.w.org\/{rel}","templated":true}]}}