{"id":556658,"date":"2025-11-25T02:25:14","date_gmt":"2025-11-25T02:25:14","guid":{"rendered":"https:\/\/www.europesays.com\/fr\/556658\/"},"modified":"2025-11-25T02:25:14","modified_gmt":"2025-11-25T02:25:14","slug":"il-est-urgent-den-finir-avec-les-prisons-open-space","status":"publish","type":"post","link":"https:\/\/www.europesays.com\/fr\/556658\/","title":{"rendered":"\u00abIl est urgent d\u2019en finir avec les prisons \u201copen space\u201d\u00bb"},"content":{"rendered":"<p>\n    L\u2019institution judiciaire doit enfin mettre un terme \u00e0 cette forme tenace d\u2019aversion pour la sanction.<\/p>\n<p class=\"fig-paragraph\">Les sc\u00e9naristes pr\u00e9tendent parfois que les faits les plus invraisemblables font les meilleures intrigues\u00a0:\u00a0<a href=\"http:\/\/www.lefigaro.fr\/faits-divers\/baron-de-la-drogue-evade-en-2014-ouaihid-ben-faiza-le-detenu-de-vendin-le-vieil-qui-a-obtenu-une-permission-de-sortie-controversee-20251123\" target=\"_blank\" data-fig-type=\"NewsFlash\" rel=\"noopener\" data-gtm-custom-categorie=\"navigation\" data-gtm-custom-action=\"crossclick\" data-gtm-custom-label=\"Contextuel\" data-gtm-event=\"customEventSPE\" data-fig-domain=\"LEFIGARO\">l\u2019affaire d\u2019Ouaihid Ben Fa\u00efza<\/a>, ce narcotrafiquant multir\u00e9cidiviste class\u00e9 parmi les plus dangereux de France, connu pour une \u00e9vasion spectaculaire avec la complicit\u00e9 d\u2019un commando arm\u00e9, et lib\u00e9r\u00e9, contre l\u2019avis du parquet et du directeur de l\u2019\u00e9tablissement p\u00e9nitentiaire, sans escorte,\u00a0<a href=\"http:\/\/www.lefigaro.fr\/faits-divers\/il-est-libre-de-ses-mouvements-comment-se-deroule-la-permission-de-sortir-accordee-a-un-detenu-de-vendin-le-vieil-20251124\" target=\"_blank\" data-fig-type=\"Article\" rel=\"noopener\" data-gtm-custom-categorie=\"navigation\" data-gtm-custom-action=\"crossclick\" data-gtm-custom-label=\"Contextuel\" data-gtm-event=\"customEventSPE\" data-fig-domain=\"LEFIGARO\">pour un \u00ab\u200aentretien d\u2019embauche\u00a0\u00bb<\/a>, \u00e0 quatre ans de la fin de sa peine, remplit haut la main les crit\u00e8res, tant elle est inconcevable et, pour tout dire, insoutenable. Lundi, donc, le baron du trafic de drogue en Seine-Saint-Denis \u00e9tait attendu par sa femme \u00e0 la sortie de la prison de Vendin-le-Vieil pour une vir\u00e9e en toute libert\u00e9 \u2013 avec la b\u00e9n\u00e9diction de la justice.<\/p>\n<p class=\"fig-paragraph\">Le nouvel \u00e9tablissement dit de haute s\u00e9curit\u00e9 accueille \u2013 le verbe semble mieux convenir \u00e0 la situation qu\u2019\u00ab\u200aemprisonner\u00a0\u00bb \u2013 \u00e9galement\u00a0<a href=\"http:\/\/www.lefigaro.fr\/actualite-france\/salah-abdeslam-en-garde-a-vue-puis-remis-en-cellule-pour-detention-d-un-objet-illicite-20251106\" target=\"_blank\" data-fig-type=\"NewsFlash\" rel=\"noopener\" data-gtm-custom-categorie=\"navigation\" data-gtm-custom-action=\"crossclick\" data-gtm-custom-label=\"Contextuel\" data-gtm-event=\"customEventSPE\" data-fig-domain=\"LEFIGARO\">Salah Abdeslam, terroriste du commando sanglant du 13 novembre 2015<\/a>, dont on a d\u00e9couvert\u2026<\/p>\n<p class=\"fig-premium-paywall__infos\">\n        Cet article est r\u00e9serv\u00e9 aux abonn\u00e9s.        Il vous reste 57% \u00e0 d\u00e9couvrir.\n    <\/p>\n<p>                <img  data- alt=\"Le Figaro\" class=\"fig-img--complete fig-img\"\/><\/p>\n<p class=\"fig-premium-paywall__title\">Black Friday<\/p>\n<p class=\"fig-premium-paywall__subtitle\">-70% sur l&rsquo;abonnement num\u00e9rique<\/p>\n<p class=\"fig-premium-paywall__connect\">\n                D\u00e9j\u00e0 abonn\u00e9\u00a0?                <a class=\"fig-premium-paywall__connect-link\" href=\"https:\/\/connect.lefigaro.fr\/login?client=horizon_web&amp;type=main&amp;redirect_uri=https%3A%2F%2Fwww.lefigaro.fr%2Fvox%2Fsociete%2Fl-editorial-de-laurence-de-charette-il-est-urgent-d-en-finir-avec-les-prisons-open-space-20251124\" data-js-gtm=\"{&quot;customCategorie&quot;: &quot;conversion&quot;, &quot;customAction&quot;: &quot;before_Landing_Connexion_paywall_auto&quot;, &quot;customLabel&quot;: &quot;bGVmaWdhcm8uZnJfXzFmMGM5NjI0LWQ1NTAtNjAxYy05YTFiLWExYzBiNmJjYWE4N19fQXJ0aWNsZQ==_L\u2019\u00e9ditorial de Laurence de Charette\u00a0: \u00abIl est urgent d\u2019en finir avec les prisons \u201copen space\u201d\u00bb_229&quot;, &quot;customIDSPE&quot;: &quot;bGVmaWdhcm8uZnJfXzFmMGM5NjI0LWQ1NTAtNjAxYy05YTFiLWExYzBiNmJjYWE4N19fQXJ0aWNsZQ==&quot;, &quot;event&quot;: &quot;customEventSPE&quot;}\" target=\"_blank\" rel=\"noopener\"><br \/>\n                    Connectez-vous<br \/>\n                <\/a>\n            <\/p>\n","protected":false},"excerpt":{"rendered":"L\u2019institution judiciaire doit enfin mettre un terme \u00e0 cette forme tenace d\u2019aversion pour la sanction. Les sc\u00e9naristes pr\u00e9tendent&hellip;\n","protected":false},"author":2,"featured_media":556659,"comment_status":"","ping_status":"","sticky":false,"template":"","format":"standard","meta":{"footnotes":""},"categories":[4],"tags":[11,8425,1011,27,12,806,25,63713],"class_list":{"0":"post-556658","1":"post","2":"type-post","3":"status-publish","4":"format-standard","5":"has-post-thumbnail","7":"category-france","8":"tag-actualites","9":"tag-editorial-figaro","10":"tag-fr","11":"tag-france","12":"tag-news","13":"tag-prison","14":"tag-republique-francaise","15":"tag-salah-abdeslam"},"share_on_mastodon":{"url":"https:\/\/pubeurope.com\/@fr\/115607969746862885","error":""},"_links":{"self":[{"href":"https:\/\/www.europesays.com\/fr\/wp-json\/wp\/v2\/posts\/556658","targetHints":{"allow":["GET"]}}],"collection":[{"href":"https:\/\/www.europesays.com\/fr\/wp-json\/wp\/v2\/posts"}],"about":[{"href":"https:\/\/www.europesays.com\/fr\/wp-json\/wp\/v2\/types\/post"}],"author":[{"embeddable":true,"href":"https:\/\/www.europesays.com\/fr\/wp-json\/wp\/v2\/users\/2"}],"replies":[{"embeddable":true,"href":"https:\/\/www.europesays.com\/fr\/wp-json\/wp\/v2\/comments?post=556658"}],"version-history":[{"count":0,"href":"https:\/\/www.europesays.com\/fr\/wp-json\/wp\/v2\/posts\/556658\/revisions"}],"wp:featuredmedia":[{"embeddable":true,"href":"https:\/\/www.europesays.com\/fr\/wp-json\/wp\/v2\/media\/556659"}],"wp:attachment":[{"href":"https:\/\/www.europesays.com\/fr\/wp-json\/wp\/v2\/media?parent=556658"}],"wp:term":[{"taxonomy":"category","embeddable":true,"href":"https:\/\/www.europesays.com\/fr\/wp-json\/wp\/v2\/categories?post=556658"},{"taxonomy":"post_tag","embeddable":true,"href":"https:\/\/www.europesays.com\/fr\/wp-json\/wp\/v2\/tags?post=556658"}],"curies":[{"name":"wp","href":"https:\/\/api.w.org\/{rel}","templated":true}]}}