{"id":556670,"date":"2025-11-25T02:33:24","date_gmt":"2025-11-25T02:33:24","guid":{"rendered":"https:\/\/www.europesays.com\/fr\/556670\/"},"modified":"2025-11-25T02:33:24","modified_gmt":"2025-11-25T02:33:24","slug":"fete-du-livre-du-var-une-edition-record-au-palais-neptune","status":"publish","type":"post","link":"https:\/\/www.europesays.com\/fr\/556670\/","title":{"rendered":"F\u00eate du Livre du Var : une \u00e9dition record au Palais Neptune"},"content":{"rendered":"<p data-start=\"829\" data-end=\"1051\">Du 21 au 23 novembre, la <strong data-start=\"854\" data-end=\"878\">F\u00eate du Livre du Var<\/strong> a pris place pour la premi\u00e8re fois au Palais Neptune. Organis\u00e9 par le D\u00e9partement, l\u2019\u00e9v\u00e9nement a r\u00e9uni 35 000 visiteurs autour de rencontres, animations et remises de prix.<\/p>\n<p><img loading=\"lazy\" decoding=\"async\" class=\"size-full wp-image-57283\" src=\"https:\/\/www.europesays.com\/fr\/wp-content\/uploads\/2025\/11\/Fete-du-Livre-du-Var_info83.jpg\" alt=\"\" width=\"800\" height=\"450\"  \/>La F\u00eate du Livre du Var 2025 a accueilli 35 000 visiteurs au Palais Neptune \u00e0 Toulon<br \/>\nUn \u00e9v\u00e9nement litt\u00e9raire tr\u00e8s suivi \u00e0 Toulon<\/p>\n<p data-start=\"1118\" data-end=\"1514\">Pour sa premi\u00e8re \u00e9dition au Palais Neptune, le salon a b\u00e9n\u00e9fici\u00e9 d\u2019un espace plus vaste, adapt\u00e9 \u00e0 une fr\u00e9quentation en hausse.<br data-start=\"1244\" data-end=\"1247\"\/>Le public a assist\u00e9 \u00e0 des lectures, ateliers et d\u00e9bats anim\u00e9s par les 17 librairies varoises partenaires.<br data-start=\"1352\" data-end=\"1355\"\/>Selon les chiffres communiqu\u00e9s, <strong data-start=\"1387\" data-end=\"1407\">35 000 personnes<\/strong> ont particip\u00e9 \u00e0 ces trois jours, confirmant l\u2019int\u00e9r\u00eat du territoire varois pour les rendez-vous culturels.<\/p>\n<p>Des auteurs prim\u00e9s et une th\u00e9matique engag\u00e9e<\/p>\n<p data-start=\"1582\" data-end=\"2195\">Cette 28\u1d49 \u00e9dition a mis en lumi\u00e8re plusieurs personnalit\u00e9s, dont <strong data-start=\"1647\" data-end=\"1667\">Aur\u00e9lie Valognes<\/strong>, pr\u00e9sidente d\u2019honneur, et un hommage d\u00e9di\u00e9 \u00e0 <strong data-start=\"1713\" data-end=\"1732\">Fran\u00e7oise Sagan<\/strong>, vingt ans apr\u00e8s sa disparition.<br data-start=\"1765\" data-end=\"1768\"\/>La th\u00e9matique choisie \u2014 Libert\u00e9 d\u2019expression &amp; \u00e9mancipation f\u00e9minine \u2014 a guid\u00e9 de nombreuses rencontres.<br data-start=\"1874\" data-end=\"1877\"\/>Le public a \u00e9galement pu \u00e9changer avec des auteurs r\u00e9cemment prim\u00e9s : Gr\u00e9gory Le Floch (Prix des Saisons), Sylvie Le Bihan (Roman qui fait du bien), J\u00e9r\u00f4me Chantreau (Grand Prix des Lectrices ELLE), Ad\u00e9la\u00efde de Clermont-Tonnerre (Renaudot), Rams\u00e8s Kefi (Premi\u00e8re Plume) et Louis-Henri de la Rochefoucauld (Interalli\u00e9).<\/p>\n<p>Un palmar\u00e8s litt\u00e9raire pr\u00e9sent\u00e9 \u00e0 Toulon<\/p>\n<p>Le <strong data-start=\"2364\" data-end=\"2385\">Prix des Lecteurs<\/strong> distingue :<br data-start=\"2397\" data-end=\"2400\"\/>\u2013 Le secret des m\u00e8res de Sophie de Baere (Roman adulte)<br data-start=\"2457\" data-end=\"2460\"\/>\u2013 Poisson fesse de Pauline Pinson &amp; Magali Le Huche (Jeunesse)<br data-start=\"2524\" data-end=\"2527\"\/>\u2013 Mitsuo de J\u00e9r\u00f4me Hamon &amp; Gij\u00e9 (BD)<\/p>\n<p data-start=\"2259\" data-end=\"2565\">Le <strong data-start=\"2262\" data-end=\"2283\">Prix Encre Marine<\/strong> 2025 a \u00e9t\u00e9 attribu\u00e9 \u00e0 Le capitaine \u00e9gar\u00e9 de Vincent Gu\u00e9qui\u00e8re (Paulsen).<\/p>\n<p data-start=\"2259\" data-end=\"2565\"><strong data-start=\"2374\" data-end=\"2418\">Infos pratiques et reportage \u00e0 d\u00e9couvrir<\/strong><\/p>\n<p data-start=\"2420\" data-end=\"2576\">Palais Neptune \u2013 Toulon<br data-start=\"2446\" data-end=\"2449\"\/>\u00c9v\u00e9nement organis\u00e9 avec la participation active des libraires varois<\/p>\n<p>Une dynamique culturelle renforc\u00e9e dans le Var<\/p>\n<p data-start=\"2838\" data-end=\"2989\">Avec une fr\u00e9quentation en hausse et un accueil tr\u00e8s positif, ce salon litt\u00e9raire confirme son r\u00f4le central dans la vie culturelle du territoire varois.<\/p>\n<p>A lire et \u00e0 voir aussi sur notre site<\/p>\n<p><a href=\"https:\/\/www.info83.fr\/fete-du-livre-du-var-2025-la-liberte-et-la-lecture-a-lhonneur-de-la-28e-edition\/\" target=\"_blank\" rel=\"noopener\">Les images de la conf\u00e9rence de presse et de l\u2019inauguration du vendredi 21 novembre 2025<\/a><\/p>\n<p><strong><img decoding=\"async\" class=\"emoji\" role=\"img\" draggable=\"false\" src=\"https:\/\/s.w.org\/images\/core\/emoji\/13.1.0\/svg\/1f538.svg\" alt=\"\ud83d\udd38\" data-pin-no-hover=\"true\"\/>Info83, le Var proche de vous<br \/><\/strong><\/p>\n<p><img decoding=\"async\" class=\"emoji\" role=\"img\" draggable=\"false\" src=\"https:\/\/s.w.org\/images\/core\/emoji\/13.1.0\/svg\/27a1.svg\" alt=\"\u27a1\ufe0f\" data-pin-no-hover=\"true\"\/>\u00a0<a href=\"https:\/\/bit.ly\/2OZZMMK\" target=\"_blank\" rel=\"noopener noreferrer\">Facebook Info83<\/a><\/p>\n<p><img decoding=\"async\" class=\"emoji\" role=\"img\" draggable=\"false\" src=\"https:\/\/s.w.org\/images\/core\/emoji\/13.1.0\/svg\/27a1.svg\" alt=\"\u27a1\ufe0f\" data-pin-no-hover=\"true\"\/>\u00a0<a href=\"https:\/\/bit.ly\/2ONkTC9\" target=\"_blank\" rel=\"noopener noreferrer\">Youtube Info83<\/a><\/p>\n","protected":false},"excerpt":{"rendered":"Du 21 au 23 novembre, la F\u00eate du Livre du Var a pris place pour la premi\u00e8re fois&hellip;\n","protected":false},"author":2,"featured_media":556671,"comment_status":"","ping_status":"","sticky":false,"template":"","format":"standard","meta":{"footnotes":""},"categories":[9619],"tags":[1111,11,67413,67414,67415,67416,27416,1777,674,67417,1011,27,67418,1351,67419,12,27871,67420,67421,882,20139,37338,25,7406,67422,2310,67423],"class_list":{"0":"post-556670","1":"post","2":"type-post","3":"status-publish","4":"format-standard","5":"has-post-thumbnail","7":"category-toulon","8":"tag-actu","9":"tag-actualites","10":"tag-adelaide-de-clermont-tonnerre","11":"tag-auteurs-primes","12":"tag-bilan-frequentation","13":"tag-culture-var","14":"tag-departement-du-var","15":"tag-eu","16":"tag-europe","17":"tag-fete-du-livre-du-var-2025","18":"tag-fr","19":"tag-france","20":"tag-librairies-varoises","21":"tag-litterature","22":"tag-louis-henri-de-la-rochefoucauld","23":"tag-news","24":"tag-palais-neptune","25":"tag-prix-des-lecteurs-du-var","26":"tag-prix-encre-marine","27":"tag-provence-alpes-cote-dazur","28":"tag-rencontres-litteraires","29":"tag-rentree-litteraire","30":"tag-republique-francaise","31":"tag-salon-du-livre","32":"tag-sophie-de-baere","33":"tag-toulon","34":"tag-vincent-guequiere"},"share_on_mastodon":{"url":"","error":"Validation failed: Text character limit of 500 exceeded"},"_links":{"self":[{"href":"https:\/\/www.europesays.com\/fr\/wp-json\/wp\/v2\/posts\/556670","targetHints":{"allow":["GET"]}}],"collection":[{"href":"https:\/\/www.europesays.com\/fr\/wp-json\/wp\/v2\/posts"}],"about":[{"href":"https:\/\/www.europesays.com\/fr\/wp-json\/wp\/v2\/types\/post"}],"author":[{"embeddable":true,"href":"https:\/\/www.europesays.com\/fr\/wp-json\/wp\/v2\/users\/2"}],"replies":[{"embeddable":true,"href":"https:\/\/www.europesays.com\/fr\/wp-json\/wp\/v2\/comments?post=556670"}],"version-history":[{"count":0,"href":"https:\/\/www.europesays.com\/fr\/wp-json\/wp\/v2\/posts\/556670\/revisions"}],"wp:featuredmedia":[{"embeddable":true,"href":"https:\/\/www.europesays.com\/fr\/wp-json\/wp\/v2\/media\/556671"}],"wp:attachment":[{"href":"https:\/\/www.europesays.com\/fr\/wp-json\/wp\/v2\/media?parent=556670"}],"wp:term":[{"taxonomy":"category","embeddable":true,"href":"https:\/\/www.europesays.com\/fr\/wp-json\/wp\/v2\/categories?post=556670"},{"taxonomy":"post_tag","embeddable":true,"href":"https:\/\/www.europesays.com\/fr\/wp-json\/wp\/v2\/tags?post=556670"}],"curies":[{"name":"wp","href":"https:\/\/api.w.org\/{rel}","templated":true}]}}