{"id":556682,"date":"2025-11-25T02:40:25","date_gmt":"2025-11-25T02:40:25","guid":{"rendered":"https:\/\/www.europesays.com\/fr\/556682\/"},"modified":"2025-11-25T02:40:25","modified_gmt":"2025-11-25T02:40:25","slug":"un-motard-termine-sa-course-dans-le-fosse-de-la-quatre-voies-et-decede-en-ille-et-vilaine","status":"publish","type":"post","link":"https:\/\/www.europesays.com\/fr\/556682\/","title":{"rendered":"Un motard termine sa course dans le foss\u00e9 de la quatre voies et d\u00e9c\u00e8de en Ille-et-Vilaine"},"content":{"rendered":"<p>Un accident mortel s\u2019est produit ce lundi 24\u00a0novembre 2025, peu avant midi, sur la quatre voies Laval-Rennes (RN157), \u00e0 hauteur d\u2019\u00c9trelles (<a href=\"https:\/\/www.ouest-france.fr\/bretagne\/ille-et-vilaine\/\" target=\"_blank\" rel=\"noopener\">Ille-et-Vilaine<\/a>). La victime impliqu\u00e9e dans l\u2019accident est un motard \u00e2g\u00e9 de 63\u00a0ans. Il aurait perdu le contr\u00f4le de son v\u00e9hicule et fini sa course dans le foss\u00e9. Aucun autre v\u00e9hicule ne serait impliqu\u00e9 dans l\u2019accident.<\/p>\n<p>La circulation a \u00e9t\u00e9 interrompue<\/p>\n<p>En arr\u00eat cardio-respiratoire \u00e0 l\u2019arriv\u00e9e des secours, la victime n\u2019a pas pu \u00eatre r\u00e9anim\u00e9e. Elle est d\u00e9c\u00e9d\u00e9e sur place, selon nos informations. Un h\u00e9licopt\u00e8re du SAMU s\u2019est pos\u00e9 sur la quatre voies, provoquant une interruption de la circulation le temps de l\u2019op\u00e9ration de secours. <strong>\u00ab\u00a0Aucune trace de freinage n\u2019a \u00e9t\u00e9 constat\u00e9e sur place\u00a0\u00bb<\/strong>, a d\u00e9clar\u00e9 le lieutenant S\u00e9bastien Thomas.<\/p>\n<p>\u00a0<\/p>\n","protected":false},"excerpt":{"rendered":"Un accident mortel s\u2019est produit ce lundi 24\u00a0novembre 2025, peu avant midi, sur la quatre voies Laval-Rennes (RN157),&hellip;\n","protected":false},"author":2,"featured_media":556683,"comment_status":"","ping_status":"","sticky":false,"template":"","format":"standard","meta":{"footnotes":""},"categories":[2821],"tags":[1111,11,829,6466,1762,1777,674,13367,1011,27,848,3914,12,584,25,17770,32839],"class_list":{"0":"post-556682","1":"post","2":"type-post","3":"status-publish","4":"format-standard","5":"has-post-thumbnail","7":"category-rennes","8":"tag-actu","9":"tag-actualites","10":"tag-bretagne","11":"tag-course","12":"tag-decede","13":"tag-eu","14":"tag-europe","15":"tag-fosse","16":"tag-fr","17":"tag-france","18":"tag-ille-et-vilaine","19":"tag-motard","20":"tag-news","21":"tag-rennes","22":"tag-republique-francaise","23":"tag-termine","24":"tag-voies"},"share_on_mastodon":{"url":"https:\/\/pubeurope.com\/@fr\/115608028652660121","error":""},"_links":{"self":[{"href":"https:\/\/www.europesays.com\/fr\/wp-json\/wp\/v2\/posts\/556682","targetHints":{"allow":["GET"]}}],"collection":[{"href":"https:\/\/www.europesays.com\/fr\/wp-json\/wp\/v2\/posts"}],"about":[{"href":"https:\/\/www.europesays.com\/fr\/wp-json\/wp\/v2\/types\/post"}],"author":[{"embeddable":true,"href":"https:\/\/www.europesays.com\/fr\/wp-json\/wp\/v2\/users\/2"}],"replies":[{"embeddable":true,"href":"https:\/\/www.europesays.com\/fr\/wp-json\/wp\/v2\/comments?post=556682"}],"version-history":[{"count":0,"href":"https:\/\/www.europesays.com\/fr\/wp-json\/wp\/v2\/posts\/556682\/revisions"}],"wp:featuredmedia":[{"embeddable":true,"href":"https:\/\/www.europesays.com\/fr\/wp-json\/wp\/v2\/media\/556683"}],"wp:attachment":[{"href":"https:\/\/www.europesays.com\/fr\/wp-json\/wp\/v2\/media?parent=556682"}],"wp:term":[{"taxonomy":"category","embeddable":true,"href":"https:\/\/www.europesays.com\/fr\/wp-json\/wp\/v2\/categories?post=556682"},{"taxonomy":"post_tag","embeddable":true,"href":"https:\/\/www.europesays.com\/fr\/wp-json\/wp\/v2\/tags?post=556682"}],"curies":[{"name":"wp","href":"https:\/\/api.w.org\/{rel}","templated":true}]}}