{"id":556684,"date":"2025-11-25T02:41:11","date_gmt":"2025-11-25T02:41:11","guid":{"rendered":"https:\/\/www.europesays.com\/fr\/556684\/"},"modified":"2025-11-25T02:41:11","modified_gmt":"2025-11-25T02:41:11","slug":"un-concert-du-choeur-le-thabor-a-leglise-saint-melaine","status":"publish","type":"post","link":"https:\/\/www.europesays.com\/fr\/556684\/","title":{"rendered":"Un concert du ch\u0153ur Le Thabor \u00e0 l\u2019\u00e9glise Saint-Melaine"},"content":{"rendered":"<p>Le ch\u0153ur Le Thabor, pr\u00e9sid\u00e9 par Gilbert Garnier, est dirig\u00e9 par B\u00e9atrice Girot. Le concert Misatango sera tr\u00e8s bient\u00f4t interpr\u00e9t\u00e9 \u00e0 l\u2019\u00e9glise. Il s\u2019agit d\u2019une messe chorale \u00e9crite par Martin Palm\u00e9ri, un compositeur et chef d\u2019orchestre argentin n\u00e9 en 1965. Son Misatango est connu dans le monde entier.<strong> \u00ab\u00a0Cette messe est \u00e9crite sur les m\u00eames mouvements qu\u2019une messe en latin classique \u00e0 laquelle se m\u00ealent\u00a0les harmonies et les rythmes syncop\u00e9s du tango, <\/strong>explique la cheffe de ch\u0153ur, <strong>le compositeur donne une place importante au bandon\u00e9on, un instrument embl\u00e9matique de cette danse aupr\u00e8s du piano jou\u00e9 par Marie-Dani\u00e8le Feuerle et les cordes d\u2019un quintette.\u00a0\u00bb<\/strong><\/p>\n<p>Le ch\u0153ur sera accompagn\u00e9 par des solistes et un quintette \u00e0 cordes. Kristina\u00a0Kuusisto est une soliste, une bandon\u00e9oniste de renomm\u00e9e internationale et appr\u00e9ci\u00e9e pour la finesse de ses interpr\u00e9tations. Dipl\u00f4m\u00e9e de l\u2019acad\u00e9mie Sib\u00e9lius en accord\u00e9on classique, elle a ensuite \u00e9tudi\u00e9 le bandon\u00e9on \u00e0 Paris. \u00ab<strong>\u00a0J\u2019ai \u00e9t\u00e9 professeure d\u2019accord\u00e9on\u00a0\u00e0 l\u2019\u00e9cole de musique de H\u00e4meenlinna en Finlande et de bandon\u00e9on \u00e0 Paris. Je me consacre d\u00e9sormais \u00e0 ma carri\u00e8re de soliste concertiste.\u00a0\u00bb<\/strong><\/p>\n<p>Aujourd\u2019hui, elle est invit\u00e9e par des productions et pour des concerts symphoniques. Elle donne aussi des concerts de musique de chambre, enregistre\u00a0sa musique pour des CD, films.\u00a0Elle a \u00e9t\u00e9 nomin\u00e9e aux Victoires de la musique finlandaises en 2011 avec son album Speira.<\/p>\n<p>Mathilde Pajot, mezzo-soprano, s\u2019est form\u00e9e \u00e0 la ma\u00eetrise des pays de la Loire, au conservatoire de Pontivy puis au p\u00f4le sup\u00e9rieur de Rennes\u00a0: <strong>\u00ab\u00a0Je me suis sp\u00e9cialis\u00e9e en chant baroque, j\u2019ai chant\u00e9 dans de nombreux op\u00e9ras.\u00a0\u00bb <\/strong> Depuis 2014, on l\u2019entend\u00a0souvent dans l\u2019ensemble Melismes ou dans le ch\u0153ur de l\u2019Op\u00e9ra de Rennes.<\/p>\n<p>Il y aura ensuite trois pi\u00e8ces sacr\u00e9es, des compositions de musique baroque cubaine d\u2019Est\u00e9ban Salas (1725-1803), qui a \u00e9t\u00e9 ma\u00eetre de chapelle \u00e0 la cath\u00e9drale de Santiago de Cuba.<\/p>\n<p><strong>Samedi 6\u00a0d\u00e9cembre 2025,<\/strong> concert \u00e0 Saint-Melaine, \u00e0 20\u00a0h\u00a030. Tarifs\u00a0: 12\u00a0\u20ac, 8\u00a0\u20ac, gratuit pour les moins de 12\u00a0ans<\/p>\n<p>\u00a0<\/p>\n","protected":false},"excerpt":{"rendered":"Le ch\u0153ur Le Thabor, pr\u00e9sid\u00e9 par Gilbert Garnier, est dirig\u00e9 par B\u00e9atrice Girot. Le concert Misatango sera tr\u00e8s&hellip;\n","protected":false},"author":2,"featured_media":556685,"comment_status":"","ping_status":"","sticky":false,"template":"","format":"standard","meta":{"footnotes":""},"categories":[2821],"tags":[1111,11,829,67399,1697,12336,1777,674,1011,27,12,584,25,41416,3781,11489],"class_list":{"0":"post-556684","1":"post","2":"type-post","3":"status-publish","4":"format-standard","5":"has-post-thumbnail","7":"category-rennes","8":"tag-actu","9":"tag-actualites","10":"tag-bretagne","11":"tag-ch","12":"tag-concert","13":"tag-eglise","14":"tag-eu","15":"tag-europe","16":"tag-fr","17":"tag-france","18":"tag-news","19":"tag-rennes","20":"tag-republique-francaise","21":"tag-saint-melaine","22":"tag-thabor","23":"tag-ur"},"share_on_mastodon":{"url":"https:\/\/pubeurope.com\/@fr\/115608032775998403","error":""},"_links":{"self":[{"href":"https:\/\/www.europesays.com\/fr\/wp-json\/wp\/v2\/posts\/556684","targetHints":{"allow":["GET"]}}],"collection":[{"href":"https:\/\/www.europesays.com\/fr\/wp-json\/wp\/v2\/posts"}],"about":[{"href":"https:\/\/www.europesays.com\/fr\/wp-json\/wp\/v2\/types\/post"}],"author":[{"embeddable":true,"href":"https:\/\/www.europesays.com\/fr\/wp-json\/wp\/v2\/users\/2"}],"replies":[{"embeddable":true,"href":"https:\/\/www.europesays.com\/fr\/wp-json\/wp\/v2\/comments?post=556684"}],"version-history":[{"count":0,"href":"https:\/\/www.europesays.com\/fr\/wp-json\/wp\/v2\/posts\/556684\/revisions"}],"wp:featuredmedia":[{"embeddable":true,"href":"https:\/\/www.europesays.com\/fr\/wp-json\/wp\/v2\/media\/556685"}],"wp:attachment":[{"href":"https:\/\/www.europesays.com\/fr\/wp-json\/wp\/v2\/media?parent=556684"}],"wp:term":[{"taxonomy":"category","embeddable":true,"href":"https:\/\/www.europesays.com\/fr\/wp-json\/wp\/v2\/categories?post=556684"},{"taxonomy":"post_tag","embeddable":true,"href":"https:\/\/www.europesays.com\/fr\/wp-json\/wp\/v2\/tags?post=556684"}],"curies":[{"name":"wp","href":"https:\/\/api.w.org\/{rel}","templated":true}]}}