{"id":556700,"date":"2025-11-25T02:49:16","date_gmt":"2025-11-25T02:49:16","guid":{"rendered":"https:\/\/www.europesays.com\/fr\/556700\/"},"modified":"2025-11-25T02:49:16","modified_gmt":"2025-11-25T02:49:16","slug":"les-u19-de-bordeaux-sans-pitie-dans-leur-championnat-departemental","status":"publish","type":"post","link":"https:\/\/www.europesays.com\/fr\/556700\/","title":{"rendered":"les U19 de Bordeaux sans piti\u00e9 dans leur championnat d\u00e9partemental"},"content":{"rendered":"<p>Les U19 des Girondins de Bordeaux s&rsquo;offrent un feu d&rsquo;artifice offensif ! Ce dimanche 23 novembre, dans le cadre de leur championnat d\u00e9partemental (r\u00e9trogradation du Championnat U19 Nationau au district en raison des soucis \u00e9conomiques du club, ndlr), les jeunes Bordelais n&rsquo;ont effectivement fait qu&rsquo;une bouch\u00e9e de la malheureuse \u00e9quipe de l&rsquo;AS Lamarque Arcins. Le score final ? 23-0. \u00ab\u00a0Une rencontre \u00e0 sens unique o\u00f9 tout le monde aura trouv\u00e9 du temps de jeu\u00a0\u00bb, se f\u00e9licite le club au scapulaire, qui a pu compter sur &#8230; onze buts marqu\u00e9s rien que par Adam Sabil !<\/p>\n<p>Un quintupl\u00e9 et un quadrupl\u00e9<\/p>\n<p>Son co\u00e9quipier L. Foumeneck a quant \u00e0 lui inscrit un quadrupl\u00e9 quand N. Cebola a claqu\u00e9 un quintupl\u00e9. Ce festival vient prolonger une premi\u00e8re phase de brassage rondement men\u00e9e par la jeune garde bordelaise, avec 4 victoires, 1 nul, 46 buts marqu\u00e9s pour 4 encaiss\u00e9s. Il lui reste encore un match (exempt lors de la derni\u00e8re journ\u00e9e) pour consolider sa premi\u00e8re place au classement.<\/p>\n<blockquote class=\"instagram-media\" style=\"background: #FFF;border: 0;border-radius: 3px;margin: 1px;max-width: 540px;min-width: 326px;padding: 0;width: calc(100% - 2px)\" data-instgrm-captioned=\"\" data-instgrm-permalink=\"https:\/\/www.instagram.com\/p\/DRaclcmjIXm\/?utm_source=ig_embed&amp;utm_campaign=loading\" data-instgrm-version=\"14\"\/><p>Partagez cette info avec vos amis et vos proches en cliquant ici<br \/>Pour r\u00e9sumer<\/p>\n<p>Les U19 des Girondins de Bordeaux s&rsquo;offrent un feu d&rsquo;artifice offensif ! Ce dimanche 23 novembre, dans le cadre de leur championnat d\u00e9partemental, les jeunes Bordelais n&rsquo;ont effectivement fait qu&rsquo;une bouch\u00e9e de la malheureuse \u00e9quipe de l&rsquo;AS Lamarque Arcins.<\/p>\n<p> <img decoding=\"async\" width=\"76\" height=\"76\" loading=\"lazy\" src=\"https:\/\/static.wui.fr\/images_v3\/avatar-footnational.png\" alt=\"La r\u00e9daction\"\/><script async src=\"\/\/www.instagram.com\/embed.js\"><\/script><\/p>\n","protected":false},"excerpt":{"rendered":"Les U19 des Girondins de Bordeaux s&rsquo;offrent un feu d&rsquo;artifice offensif ! Ce dimanche 23 novembre, dans le&hellip;\n","protected":false},"author":2,"featured_media":556701,"comment_status":"","ping_status":"","sticky":false,"template":"","format":"standard","meta":{"footnotes":""},"categories":[2817],"tags":[1111,11,1997,1777,674,1011,27,12,2219,25,67425],"class_list":{"0":"post-556700","1":"post","2":"type-post","3":"status-publish","4":"format-standard","5":"has-post-thumbnail","7":"category-bordeaux","8":"tag-actu","9":"tag-actualites","10":"tag-bordeaux","11":"tag-eu","12":"tag-europe","13":"tag-fr","14":"tag-france","15":"tag-news","16":"tag-nouvelle-aquitaine","17":"tag-republique-francaise","18":"tag-u19-actus"},"share_on_mastodon":{"url":"https:\/\/pubeurope.com\/@fr\/115608065052666373","error":""},"_links":{"self":[{"href":"https:\/\/www.europesays.com\/fr\/wp-json\/wp\/v2\/posts\/556700","targetHints":{"allow":["GET"]}}],"collection":[{"href":"https:\/\/www.europesays.com\/fr\/wp-json\/wp\/v2\/posts"}],"about":[{"href":"https:\/\/www.europesays.com\/fr\/wp-json\/wp\/v2\/types\/post"}],"author":[{"embeddable":true,"href":"https:\/\/www.europesays.com\/fr\/wp-json\/wp\/v2\/users\/2"}],"replies":[{"embeddable":true,"href":"https:\/\/www.europesays.com\/fr\/wp-json\/wp\/v2\/comments?post=556700"}],"version-history":[{"count":0,"href":"https:\/\/www.europesays.com\/fr\/wp-json\/wp\/v2\/posts\/556700\/revisions"}],"wp:featuredmedia":[{"embeddable":true,"href":"https:\/\/www.europesays.com\/fr\/wp-json\/wp\/v2\/media\/556701"}],"wp:attachment":[{"href":"https:\/\/www.europesays.com\/fr\/wp-json\/wp\/v2\/media?parent=556700"}],"wp:term":[{"taxonomy":"category","embeddable":true,"href":"https:\/\/www.europesays.com\/fr\/wp-json\/wp\/v2\/categories?post=556700"},{"taxonomy":"post_tag","embeddable":true,"href":"https:\/\/www.europesays.com\/fr\/wp-json\/wp\/v2\/tags?post=556700"}],"curies":[{"name":"wp","href":"https:\/\/api.w.org\/{rel}","templated":true}]}}