{"id":556708,"date":"2025-11-25T02:54:14","date_gmt":"2025-11-25T02:54:14","guid":{"rendered":"https:\/\/www.europesays.com\/fr\/556708\/"},"modified":"2025-11-25T02:54:14","modified_gmt":"2025-11-25T02:54:14","slug":"a-marseille-un-ado-de-16-ans-intercepte-a-velo-a-plus-de-90-km-h-sur-lautoroute","status":"publish","type":"post","link":"https:\/\/www.europesays.com\/fr\/556708\/","title":{"rendered":"\u00c0 Marseille, un ado de 16\u00a0ans intercept\u00e9 \u00e0 v\u00e9lo \u00e0 plus de 90\u00a0km\/h sur l\u2019autoroute"},"content":{"rendered":"<p>Depuis qu\u2019ils arpentent l\u2019autoroute, en voiture et \u00e0 moto, les quelques 240 agents de la<a href=\"https:\/\/www.laprovence.com\/article\/faits-divers-justice\/1462916470758415\/un-nouveau-patron-pour-la-crs-autoroutiere-provence\" target=\"_blank\" rel=\"noopener\"> CRS autorouti\u00e8re Provence<\/a> d\u00e9ploy\u00e9s sur les grands axes p\u00e9riurbains entre Marseille et Toulon ont \u00e0 peu pr\u00e8s tout vu. Des trottinettes, des pi\u00e9tons, des cyclistes et un nombre incalculable d\u2019usagers de la route qui n\u2019avaient, eux non plus, rien \u00e0 y faire.<br \/>Malgr\u00e9 cela, ce samedi 22 novembre 2025, sur l\u2019autoroute A50, il a fallu quelques secondes aux policiers de l&rsquo;unit\u00e9 pour comprendre qu\u2019ils n\u2019avaient pas \u00e9t\u00e9 victimes d\u2019une <strong>hallucination collective<\/strong>, \u00e0 la sortie de <a href=\"https:\/\/www.laprovence.com\/bouches-du-rhone\/marseille-13055\" target=\"_blank\" rel=\"noopener\">Marseille<\/a>. Ces deux motards de la CRS autorouti\u00e8re Provence affair\u00e9s du contr\u00f4le routier, venaient de se lancer \u00e0 la poursuite d\u2019un automobiliste en exc\u00e8s de vitesse, peu apr\u00e8s 13h30, en direction de Toulon, lorsque, au moment de l\u2019interception, \u00e0 l\u2019approche de Saint-Menet, dans le 11e arrondissement, ils ont \u00e9t\u00e9 d\u00e9pass\u00e9s par un jeune homme\u2026 <strong>\u00e0 v\u00e9lo<\/strong>.<\/p>\n<p>Apr\u00e8s un \u00e9change de <strong>regards incr\u00e9dules<\/strong>, l\u2019un des policiers a propuls\u00e9 sa BMW dans le sillage du \u00ab\u00a0cycliste\u00a0\u00bb, laissant son coll\u00e8gue terminer le contr\u00f4le de la voiture. Mais en arrivant\u00a0\u00e0 la hauteur du v\u00e9t\u00e9tiste, le motard a d\u00fb v\u00e9rifier plusieurs fois l\u2019affichage de son compteur de vitesse\u00a0: les deux hommes croisaient sur l\u2019autoroute \u00e0 <strong>91\u00a0km\/h<\/strong>\u2026 Le jeune homme, juch\u00e9 sur un v\u00e9lo \u00e9lectrique manifestement trafiqu\u00e9, et par ailleurs sans casque, a aussit\u00f4t ralenti \u00e0 la vue du policier, tandis que le CRS relevait sa visi\u00e8re pour lui demander de continuer, plut\u00f4t, jusqu\u2019\u00e0 la prochaine sortie. Le cycliste a alors obtemp\u00e9r\u00e9, en r\u00e9acc\u00e9l\u00e9rant si fort avec son engin, que le policier qui le suivait a eu l\u2019impression de faire du sur-place avec sa moto.<\/p>\n<p>Une pointe \u00e0 plus de 120\u00a0km\/h<\/p>\n<p>Maintenant en s\u00e9curit\u00e9, hors de l\u2019autoroute, stopp\u00e9 sur le bas-c\u00f4t\u00e9, le jeune homme a tent\u00e9 de faire croire au policier, rejoint par son bin\u00f4me, que son VTT, par ailleurs d\u00e9pourvu de p\u00e9dales, n\u2019\u00e9tait \u00e9quip\u00e9 que d\u2019un simple moteur \u00e9lectrique de <strong>250W<\/strong>. Il se serait m\u00eame \u00ab\u00a0perdu\u00a0\u00bb en suivant son GPS, aurait-il justifi\u00e9 sans trop convaincre les deux agents.<\/p>\n<p>Mais l\u2019engin \u00e9tait en fait propuls\u00e9 par un moulin d\u2019une puissance de quelque <strong>5000W<\/strong>. Une v\u00e9ritable bombe qui avait d\u2019ailleurs \u00e9t\u00e9 dot\u00e9e d\u2019un compteur \u00e9lectronique de moto. En examinant la m\u00e9moire du dispositif, les CRS ont m\u00eame d\u00e9couvert que le v\u00e9lo avait enregistr\u00e9 une vitesse de pointe de <strong>121\u00a0km\/h<\/strong>.<\/p>\n<p>Mais \u00e0 d\u00e9faut de contr\u00f4le radar, par chance pour lui, le jeune homme a \u00e9chapp\u00e9 \u00e0 <strong>l\u2019exc\u00e8s de vitesse<\/strong>. Et s\u2019il circulait aussi sans permis de conduire, c\u2019est avant tout parce qu\u2019il n\u2019avait que <strong>16\u00a0ans<\/strong>. Originaire de <a href=\"https:\/\/www.laprovence.com\/bouches-du-rhone\/marseille-13055\" target=\"_blank\" rel=\"noopener\">Marseille<\/a>, l\u2019adolescent a n\u00e9anmoins \u00e9t\u00e9 poursuivi pour conduite sur autoroute et d\u00e9faut de casque, notamment, et son VTT surgonfl\u00e9 a \u00e9t\u00e9 saisi par les CRS.<\/p>\n","protected":false},"excerpt":{"rendered":"Depuis qu\u2019ils arpentent l\u2019autoroute, en voiture et \u00e0 moto, les quelques 240 agents de la CRS autorouti\u00e8re Provence&hellip;\n","protected":false},"author":2,"featured_media":556709,"comment_status":"","ping_status":"","sticky":false,"template":"","format":"standard","meta":{"footnotes":""},"categories":[2814],"tags":[41768,17,67426,1111,11,7366,1777,674,274,1011,27,41429,884,12,378,882,25,208],"class_list":{"0":"post-556708","1":"post","2":"type-post","3":"status-publish","4":"format-standard","5":"has-post-thumbnail","7":"category-marseille","8":"tag-16-ans","9":"tag-17","10":"tag-90-km-h","11":"tag-actu","12":"tag-actualites","13":"tag-ado","14":"tag-eu","15":"tag-europe","16":"tag-faits-divers-justice","17":"tag-fr","18":"tag-france","19":"tag-intercepte","20":"tag-marseille","21":"tag-news","22":"tag-plus","23":"tag-provence-alpes-cote-dazur","24":"tag-republique-francaise","25":"tag-velo"},"share_on_mastodon":{"url":"https:\/\/pubeurope.com\/@fr\/115608083739158146","error":""},"_links":{"self":[{"href":"https:\/\/www.europesays.com\/fr\/wp-json\/wp\/v2\/posts\/556708","targetHints":{"allow":["GET"]}}],"collection":[{"href":"https:\/\/www.europesays.com\/fr\/wp-json\/wp\/v2\/posts"}],"about":[{"href":"https:\/\/www.europesays.com\/fr\/wp-json\/wp\/v2\/types\/post"}],"author":[{"embeddable":true,"href":"https:\/\/www.europesays.com\/fr\/wp-json\/wp\/v2\/users\/2"}],"replies":[{"embeddable":true,"href":"https:\/\/www.europesays.com\/fr\/wp-json\/wp\/v2\/comments?post=556708"}],"version-history":[{"count":0,"href":"https:\/\/www.europesays.com\/fr\/wp-json\/wp\/v2\/posts\/556708\/revisions"}],"wp:featuredmedia":[{"embeddable":true,"href":"https:\/\/www.europesays.com\/fr\/wp-json\/wp\/v2\/media\/556709"}],"wp:attachment":[{"href":"https:\/\/www.europesays.com\/fr\/wp-json\/wp\/v2\/media?parent=556708"}],"wp:term":[{"taxonomy":"category","embeddable":true,"href":"https:\/\/www.europesays.com\/fr\/wp-json\/wp\/v2\/categories?post=556708"},{"taxonomy":"post_tag","embeddable":true,"href":"https:\/\/www.europesays.com\/fr\/wp-json\/wp\/v2\/tags?post=556708"}],"curies":[{"name":"wp","href":"https:\/\/api.w.org\/{rel}","templated":true}]}}