{"id":556718,"date":"2025-11-25T03:00:23","date_gmt":"2025-11-25T03:00:23","guid":{"rendered":"https:\/\/www.europesays.com\/fr\/556718\/"},"modified":"2025-11-25T03:00:23","modified_gmt":"2025-11-25T03:00:23","slug":"luniversite-de-la-sorbonne-saisit-la-justice-apres-des-propos-antisemites-et-faisant-lapologie-du-nazisme-lors-dun-cours","status":"publish","type":"post","link":"https:\/\/www.europesays.com\/fr\/556718\/","title":{"rendered":"l&rsquo;universit\u00e9 de La Sorbonne saisit la justice apr\u00e8s des \u00ab\u00a0propos antis\u00e9mites et faisant l\u2019apologie du nazisme\u00a0\u00bb lors d&rsquo;un cours"},"content":{"rendered":"\n<p class=\"c-chapo \">\n  L&rsquo;universit\u00e9 de La Sorbonne affirme avoir re\u00e7u un signalement, jeudi, pr\u00e9cisant que des propos antis\u00e9mites avaient \u00e9t\u00e9 affich\u00e9s sur l&rsquo;\u00e9cran d&rsquo;un amphith\u00e9\u00e2tre pendant un cours.\n<\/p>\n<p>      lire plus tard<\/p>\n<p id=\"dialog__title\" class=\"dialog__title\">Pour sauvegarder cet article, connectez-vous ou cr\u00e9ez un compte franceinfo<\/p>\n<p class=\"dialog__description\">Sans paiement. Sans abonnement.<\/p>\n<p>        Fermer la fen\u00eatre d\u2019activation des notifications France Info<\/p>\n<p>      cr\u00e9er votre compte<\/p>\n<p>      se connecter<\/p>\n<p>        Fermer la fen\u00eatre de pr\u00e9sentation<\/p>\n<p>    <img loading=\"lazy\" decoding=\"async\" class=\"signature__image lazyload\" width=\"100\" height=\"100\" data- alt=\"\" src=\"https:\/\/www.europesays.com\/fr\/wp-content\/uploads\/2025\/05\/64a7df4c5fe71_placeholder-36b69ec8.png\"\/><\/p>\n<p>    Publi\u00e9 le 24\/11\/2025 21:19<\/p>\n<p>        Temps de lecture : 2min<\/p>\n<p>    <img decoding=\"async\"  alt=\"L'universit\u00e9 de la Sorbonne, \u00e0 Paris. (GILLES TARGAT \/ AFP)\" width=\"432\" height=\"243\" src=\"https:\/\/www.europesays.com\/fr\/wp-content\/uploads\/2025\/11\/php4lD1EI.jpg\" fetchpriority=\"high\"\/><\/p>\n<p>      L&rsquo;universit\u00e9 de la Sorbonne, \u00e0 Paris. (GILLES TARGAT \/ AFP)<\/p>\n<p>L&rsquo;universit\u00e9 de La Sorbonne \u00e0 Paris annonce, lundi 24 novembre 2025, avoir saisi la justice apr\u00e8s des \u00ab\u00a0propos antis\u00e9mites et faisant l\u2019apologie du nazisme\u00a0\u00bb le 20 novembre dernier lors d&rsquo;un cours magistral \u00e0 la facult\u00e9 de sant\u00e9, explique l&rsquo;\u00e9tablissement dans un communiqu\u00e9 publi\u00e9, lundi 24 novembre.<\/p>\n<p>\u00ab\u00a0Jeudi 20 novembre, Sorbonne Universit\u00e9 a re\u00e7u un signalement pour des propos antis\u00e9mites affich\u00e9s sur l\u2019\u00e9cran de l\u2019amphith\u00e9\u00e2tre durant un cours magistral du DES (Dipl\u00f4me d&rsquo;\u00c9tudes Sp\u00e9cialis\u00e9es) m\u00e9decine g\u00e9n\u00e9rale \u00e0 la facult\u00e9 de Sant\u00e9\u00a0\u00bb, assure le communiqu\u00e9. \u00ab\u00a0Six enseignantes et une centaine d\u2019\u00e9tudiantes et d\u2019\u00e9tudiants ont \u00e9t\u00e9 expos\u00e9s, durant ce cours, \u00e0 des propos explicitement racistes et faisant l\u2019apologie du nazisme, affich\u00e9s sur l\u2019\u00e9cran de l\u2019amphith\u00e9\u00e2tre suite aux r\u00e9ponses formul\u00e9es sur l\u2019outil Wooclap utilis\u00e9 lors de l\u2019enseignement\u00a0\u00bb, poursuit-il.<\/p>\n<p>Le cours a \u00e9t\u00e9 suspendu et l&rsquo;amphith\u00e9\u00e2tre \u00e9vacu\u00e9, pr\u00e9cise l&rsquo;universit\u00e9. \u00ab\u00a0Un accompagnement a \u00e9t\u00e9 assur\u00e9 aupr\u00e8s des enseignantes victimes et de l\u2019\u00e9quipe p\u00e9dagogique pr\u00e9sente. Par ailleurs, le d\u00e9partement de m\u00e9decine g\u00e9n\u00e9rale a mis en place une cellule psychologique accessible \u00e0 l\u2019ensemble des \u00e9tudiantes et des \u00e9tudiants qui en ressentiraient le besoin. Le r\u00e9f\u00e9rent la\u00efcit\u00e9, lutte contre le racisme et l\u2019antis\u00e9mitisme de l\u2019\u00e9tablissement a \u00e9galement \u00e9t\u00e9 saisi.\u00a0\u00bb<\/p>\n<p>L&rsquo;universit\u00e9 dit avoir transmis tous les \u00e9l\u00e9ments au procureur de la R\u00e9publique, \u00ab\u00a0sur le fondement de l&rsquo;article 40 du Code de proc\u00e9dure p\u00e9nale, pour que la justice puisse agir\u00a0\u00bb. \u00ab\u00a0L\u2019identification de l\u2019auteur ou des auteurs est en cours et l&rsquo;universit\u00e9 engagera des poursuites disciplinaires d\u00e8s que les identifications auront \u00e9t\u00e9 \u00e9tablies\u00a0\u00bb, assure l&rsquo;\u00e9tablissement. \u00ab\u00a0L\u2019\u00e9tablissement rappelle son engagement sans faille dans la lutte contre l\u2019antis\u00e9mitisme, le racisme et toute forme de discrimination.\u00a0\u00bb<\/p>\n","protected":false},"excerpt":{"rendered":"L&rsquo;universit\u00e9 de La Sorbonne affirme avoir re\u00e7u un signalement, jeudi, pr\u00e9cisant que des propos antis\u00e9mites avaient \u00e9t\u00e9 affich\u00e9s&hellip;\n","protected":false},"author":2,"featured_media":556719,"comment_status":"","ping_status":"","sticky":false,"template":"","format":"standard","meta":{"footnotes":""},"categories":[1888],"tags":[1111,1928,11,1927,1777,674,1011,27,12,1926,626,1925,25],"class_list":{"0":"post-556718","1":"post","2":"type-post","3":"status-publish","4":"format-standard","5":"has-post-thumbnail","7":"category-paris","8":"tag-actu","9":"tag-actu-paris","10":"tag-actualites","11":"tag-actualites-paris","12":"tag-eu","13":"tag-europe","14":"tag-fr","15":"tag-france","16":"tag-news","17":"tag-news-paris","18":"tag-paris","19":"tag-paris-news","20":"tag-republique-francaise"},"share_on_mastodon":{"url":"https:\/\/pubeurope.com\/@fr\/115608109301232769","error":""},"_links":{"self":[{"href":"https:\/\/www.europesays.com\/fr\/wp-json\/wp\/v2\/posts\/556718","targetHints":{"allow":["GET"]}}],"collection":[{"href":"https:\/\/www.europesays.com\/fr\/wp-json\/wp\/v2\/posts"}],"about":[{"href":"https:\/\/www.europesays.com\/fr\/wp-json\/wp\/v2\/types\/post"}],"author":[{"embeddable":true,"href":"https:\/\/www.europesays.com\/fr\/wp-json\/wp\/v2\/users\/2"}],"replies":[{"embeddable":true,"href":"https:\/\/www.europesays.com\/fr\/wp-json\/wp\/v2\/comments?post=556718"}],"version-history":[{"count":0,"href":"https:\/\/www.europesays.com\/fr\/wp-json\/wp\/v2\/posts\/556718\/revisions"}],"wp:featuredmedia":[{"embeddable":true,"href":"https:\/\/www.europesays.com\/fr\/wp-json\/wp\/v2\/media\/556719"}],"wp:attachment":[{"href":"https:\/\/www.europesays.com\/fr\/wp-json\/wp\/v2\/media?parent=556718"}],"wp:term":[{"taxonomy":"category","embeddable":true,"href":"https:\/\/www.europesays.com\/fr\/wp-json\/wp\/v2\/categories?post=556718"},{"taxonomy":"post_tag","embeddable":true,"href":"https:\/\/www.europesays.com\/fr\/wp-json\/wp\/v2\/tags?post=556718"}],"curies":[{"name":"wp","href":"https:\/\/api.w.org\/{rel}","templated":true}]}}