{"id":556720,"date":"2025-11-25T03:03:22","date_gmt":"2025-11-25T03:03:22","guid":{"rendered":"https:\/\/www.europesays.com\/fr\/556720\/"},"modified":"2025-11-25T03:03:22","modified_gmt":"2025-11-25T03:03:22","slug":"%f0%9f%93%88news-formation-u19-historique-psg-vs-amiens-sc-paris-invaincu-a-domicile-depuis-2010","status":"publish","type":"post","link":"https:\/\/www.europesays.com\/fr\/556720\/","title":{"rendered":"\ud83d\udcc8[News-Formation] U19 : Historique PSG vs Amiens SC, Paris invaincu \u00e0 domicile depuis 2010 !"},"content":{"rendered":"<p class=\"date\">\n\t\t\t\t\t\t\t\tPubli\u00e9 le 25 novembre 2025\t\t\t\t\t\t\t\t<\/p>\n<p>\t\t\t\t\t\t\t\t\t\t\t\t\t\t\t\t\t<img decoding=\"async\" class=\"img-responsive img-thumbnail\" src=\"https:\/\/www.europesays.com\/fr\/wp-content\/uploads\/2025\/11\/Breaking-News-2025-11-25T002252.591-1024x576.png\" alt=\"\"\/><\/p>\n<p><strong>Les U19 du PSG et ceux d\u2019Amiens se sont affront\u00e9s \u00e0 30 reprises en championnat<\/strong>, depuis la r\u00e9forme des cat\u00e9gories en 2009. Suite au succ\u00e8s (2-1) acquis face aux Picards samedi dernier, les Titis restent sur une s\u00e9rie de 16 matches sans la moindre d\u00e9faite \u00e0 domicile, un record ! Voici l\u2019historique des rencontres entre les deux clubs :<\/p>\n<ul>\n<li>22\/11\/25 : PSG \u2013 ASC 2-1<\/li>\n<li>09\/02\/25 : PSG \u2013 ASC 2-1<\/li>\n<li>28\/09\/24 : ASC \u2013 PSG 2-2<\/li>\n<li>24\/03\/24 : PSG \u2013 ASC 1-1<\/li>\n<li>04\/11\/23 : ASC \u2013 PSG 2-1<\/li>\n<li>05\/03\/23 : PSG \u2013 ASC 3-1<\/li>\n<li>08\/10\/22 : ASC \u2013 PSG 2-1<\/li>\n<li>14\/04\/22 : ASC \u2013 PSG 0-4<\/li>\n<li>16\/10\/21 : PSG \u2013 ASC 3-2<\/li>\n<li>06\/12\/20 : ASC \u2013 PSG\u00a0Annul\u00e9<\/li>\n<li>06\/09\/20 : PSG \u2013 ASC 1-0<\/li>\n<li>19\/01\/20 : ASC \u2013 PSG 1-1<\/li>\n<li>08\/09\/19 : PSG \u2013 ASC 1-1<\/li>\n<li>14\/04\/19 : ASC \u2013 PSG 0-2<\/li>\n<li>11\/11\/18 : PSG \u2013 ASC 2-1<\/li>\n<li>18\/03\/18 : PSG \u2013 ASC 2-0<\/li>\n<li>01\/10\/17 : ASC \u2013 PSG 2-1<\/li>\n<li>15\/01\/17 : ASC \u2013 PSG 1-2<\/li>\n<li>18\/09\/16 : PSG \u2013 ASC 4-0<\/li>\n<li>24\/04\/16 : PSG \u2013 ASC 2-1<\/li>\n<li>08\/11\/15 : ASC \u2013 PSG 5-1<\/li>\n<li>25\/04\/15 : PSG \u2013 ASC 3-2<\/li>\n<li>30\/11\/14 : ASC \u2013 PSG 2-3<\/li>\n<li>17\/04\/14 : ASC \u2013 PSG 1-3<\/li>\n<li>24\/11\/13 : PSG \u2013 ASC 1-0<\/li>\n<li>26\/05\/13 : ASC \u2013 PSG 1-1<\/li>\n<li>26\/08\/12 : PSG \u2013 ASC 4-1<\/li>\n<li>16\/04\/12 : PSG \u2013 ASC 3-2<\/li>\n<li>02\/10\/11 : ASC \u2013 PSG 1-2<\/li>\n<li>20\/02\/11 : ASC \u2013 PSG 0-1<\/li>\n<li>17\/10\/10 : PSG \u2013 ASC 6-0<\/li>\n<\/ul>\n<p><strong>A domicile :<\/strong> 16J \u2013 14V \u2013 2N \u2013 0D \u2013 40Bp \u2013 13Bc<\/p>\n<p><strong>A l\u2019ext\u00e9rieur :<\/strong> 14J \u2013 7V \u2013 3N \u2013 4D \u2013 25Bp \u2013 20Bc<\/p>\n<p><strong>Total :<\/strong> 30J \u2013 21V \u2013 5N \u2013 4D \u2013 65Bp \u2013 33Bc<\/p>\n<p class=\"content-etiquette\">\n\t\t\t\t\t\t\t\t\t<a href=\"https:\/\/www.lestitisdupsg.fr\/tag\/amiens-sc\/\" rel=\"tag noopener\" target=\"_blank\">amiens sc<\/a><a href=\"https:\/\/www.lestitisdupsg.fr\/tag\/psg-u19\/\" rel=\"tag noopener\" target=\"_blank\">psg u19<\/a>\t\t\t\t\t\t\t\t<\/p>\n","protected":false},"excerpt":{"rendered":"Publi\u00e9 le 25 novembre 2025 Les U19 du PSG et ceux d\u2019Amiens se sont affront\u00e9s \u00e0 30 reprises&hellip;\n","protected":false},"author":2,"featured_media":556721,"comment_status":"","ping_status":"","sticky":false,"template":"","format":"standard","meta":{"footnotes":""},"categories":[1888],"tags":[1111,1928,11,1927,1777,674,1011,27,12,1926,626,1925,25],"class_list":{"0":"post-556720","1":"post","2":"type-post","3":"status-publish","4":"format-standard","5":"has-post-thumbnail","7":"category-paris","8":"tag-actu","9":"tag-actu-paris","10":"tag-actualites","11":"tag-actualites-paris","12":"tag-eu","13":"tag-europe","14":"tag-fr","15":"tag-france","16":"tag-news","17":"tag-news-paris","18":"tag-paris","19":"tag-paris-news","20":"tag-republique-francaise"},"share_on_mastodon":{"url":"https:\/\/pubeurope.com\/@fr\/115608120275920852","error":""},"_links":{"self":[{"href":"https:\/\/www.europesays.com\/fr\/wp-json\/wp\/v2\/posts\/556720","targetHints":{"allow":["GET"]}}],"collection":[{"href":"https:\/\/www.europesays.com\/fr\/wp-json\/wp\/v2\/posts"}],"about":[{"href":"https:\/\/www.europesays.com\/fr\/wp-json\/wp\/v2\/types\/post"}],"author":[{"embeddable":true,"href":"https:\/\/www.europesays.com\/fr\/wp-json\/wp\/v2\/users\/2"}],"replies":[{"embeddable":true,"href":"https:\/\/www.europesays.com\/fr\/wp-json\/wp\/v2\/comments?post=556720"}],"version-history":[{"count":0,"href":"https:\/\/www.europesays.com\/fr\/wp-json\/wp\/v2\/posts\/556720\/revisions"}],"wp:featuredmedia":[{"embeddable":true,"href":"https:\/\/www.europesays.com\/fr\/wp-json\/wp\/v2\/media\/556721"}],"wp:attachment":[{"href":"https:\/\/www.europesays.com\/fr\/wp-json\/wp\/v2\/media?parent=556720"}],"wp:term":[{"taxonomy":"category","embeddable":true,"href":"https:\/\/www.europesays.com\/fr\/wp-json\/wp\/v2\/categories?post=556720"},{"taxonomy":"post_tag","embeddable":true,"href":"https:\/\/www.europesays.com\/fr\/wp-json\/wp\/v2\/tags?post=556720"}],"curies":[{"name":"wp","href":"https:\/\/api.w.org\/{rel}","templated":true}]}}