{"id":556726,"date":"2025-11-25T03:07:22","date_gmt":"2025-11-25T03:07:22","guid":{"rendered":"https:\/\/www.europesays.com\/fr\/556726\/"},"modified":"2025-11-25T03:07:22","modified_gmt":"2025-11-25T03:07:22","slug":"la-russie-envisage-t-elle-vraiment-dorganiser-une-coupe-du-monde-des-recales-en-2026-2","status":"publish","type":"post","link":"https:\/\/www.europesays.com\/fr\/556726\/","title":{"rendered":"La Russie envisage-t-elle vraiment d\u2019organiser une \u00ab\u00a0Coupe du monde des recal\u00e9s\u00a0\u00bb en 2026?"},"content":{"rendered":"<p class=\"mb-4 text-lg md:leading-8 break-words\">Sanctionn\u00e9e par l\u2019UEFA et exclue du football europ\u00e9en depuis f\u00e9vrier 2022 et son invasion de l&rsquo;Ukraine, la <a href=\"https:\/\/fr.news.yahoo.com\/sport\/russie-%C3%A9tat-terroriste-message-r%C3%A9volt%C3%A9-074620606.html\" data-ylk=\"slk:Russie;elm:context_link;itc:0;sec:content-canvas;outcm:mb_qualified_link;_E:mb_qualified_link;ct:story;\" class=\"link  yahoo-link\" target=\"_blank\" rel=\"noopener\">Russie<\/a> ne participera pas au Mondial 2026. Si la s\u00e9lection dirig\u00e9e par Valeri Karpin se contentait jusqu\u2019ici de jouer des matchs amicaux, elle envisagerait d\u00e9sormais d\u2019organiser une comp\u00e9tition parall\u00e8le \u00e0 la Coupe du monde pr\u00e9vue en Am\u00e9rique.<\/p>\n<p class=\"mb-4 text-lg md:leading-8 break-words\">Selon plusieurs m\u00e9dias, dont le Polonais <a href=\"https:\/\/przegladsportowy.onet.pl\/\" rel=\"nofollow noopener\" target=\"_blank\" data-ylk=\"slk:Przeglad Sportowy;elm:context_link;itc:0;sec:content-canvas\" class=\"link \">Przeglad Sportowy<\/a> ou l\u2019Argentin <a href=\"https:\/\/derechadiario.com.ar\/us\/argentina\/parallel-world-cup-curious-proposal-russia-case-fifa-lifts-sanction\" rel=\"nofollow noopener\" target=\"_blank\" data-ylk=\"slk:La Derecha Diario;elm:context_link;itc:0;sec:content-canvas\" class=\"link \">La Derecha Diario<\/a>, la RFU souhaiterait ainsi concurrencer la Coupe du monde de la Fifa avec plusieurs matchs entre non-qualifi\u00e9s. Dans un format \u00e0 huit ou douze participants, ce contre-Mondial permettrait \u00e0 plusieurs d\u00e9\u00e7us des \u00e9liminatoires de s\u2019offrir une exposition bienvenue apr\u00e8s l\u2019\u00e9chec de la non-qualification.<\/p>\n<p>Plusieurs alli\u00e9s de la Russie d\u00e9j\u00e0 invit\u00e9s?<\/p>\n<p class=\"mb-4 text-lg md:leading-8 break-words\">\u00c0 l\u2019instant T, selon les m\u00e9dias relayant cette information autour d\u2019un Mondial des recal\u00e9s, huit \u00e9quipes auraient d\u00e9j\u00e0 \u00e9t\u00e9 invit\u00e9es dont deux issues de l\u2019UEFA: la Serbie, la Gr\u00e8ce, le Chili, le P\u00e9rou, le Venezuela, le Nigeria, le Cameroun et la Chine.<\/p>\n<p class=\"mb-4 text-lg md:leading-8 break-words\">Point commun entre toutes ces \u00e9quipes, au-del\u00e0 de ne pas avoir d\u00e9croch\u00e9 de billet pour la Coupe du monde 2026, leurs gouvernements entretiennent des relations diplomatiques continues avec la Russie. Certains comme la Chine, le Venezuela et la Serbie font m\u00eame partie des alli\u00e9s du pays dirig\u00e9s par Vladimir Poutine.<\/p>\n<p>La RFU d\u00e9ment aupr\u00e8s des m\u00e9dias russes<\/p>\n<p class=\"mb-4 text-lg md:leading-8 break-words\">Mais si plusieurs m\u00e9dias en-dehors du territoire russe ont relay\u00e9 cette information, expliquant que la Russie esp\u00e8re ainsi concurrencer le tournoi de la Fifa, la presse locale n\u2019en fait aucune mention ou presque. L\u2019agence TASS (l\u2019\u00e9quivalent russe de l\u2019AFP) n\u2019en parle pas et le site sp\u00e9cialis\u00e9 Sport24 non plus.<\/p>\n<p class=\"mb-4 text-lg md:leading-8 break-words\">Pour en trouver trace, il faut se tourner vers le m\u00e9dia <a href=\"https:\/\/www.sport-express.ru\/football\/world\/chempionat-mira-2026\/news\/rfs-ne-planiruet-provodit-turnir-s-uchastiem-sbornyh-ne-popavshih-na-chm-2026-2376916\/\" rel=\"nofollow noopener\" target=\"_blank\" data-ylk=\"slk:Sport-Express;elm:context_link;itc:0;sec:content-canvas\" class=\"link \">Sport-Express<\/a> qui, citant \u00ab\u00a0une source interne \u00e0 la RFU\u00a0\u00bb, d\u00e9ment vigoureusement une quelconque volont\u00e9 d\u2019organiser un \u00ab\u00a0Mondial des recal\u00e9s\u00a0\u00bb en juin 2026.<\/p>\n<p class=\"mb-4 text-lg md:leading-8 break-words\">Et pour cause, du c\u00f4t\u00e9 de la F\u00e9d\u00e9ration russe, on continue d\u2019esp\u00e9rer une r\u00e9int\u00e9gration \u00e0 moyen terme au sein de l\u2019UEFA comme est d\u00e9j\u00e0 parvenue \u00e0 le faire la Bi\u00e9lorussie. Organiser une comp\u00e9tition parall\u00e8le \u00e0 la Coupe du monde serait alors contre-productif.<\/p>\n<p class=\"mb-4 text-lg md:leading-8 break-words\"><a href=\"https:\/\/rmcsport.bfmtv.com\/football\/coupe-du-monde\/la-russie-envisage-t-elle-vraiment-d-organiser-une-coupe-du-monde-des-recales-en-2026_AV-202511241030.html#xtor=AL-68\" rel=\"nofollow noopener\" target=\"_blank\" data-ylk=\"slk:Article original publi\u00e9 sur RMC Sport;elm:context_link;itc:0;sec:content-canvas\" class=\"link \">Article original publi\u00e9 sur RMC Sport<\/a><\/p>\n","protected":false},"excerpt":{"rendered":"Sanctionn\u00e9e par l\u2019UEFA et exclue du football europ\u00e9en depuis f\u00e9vrier 2022 et son invasion de l&rsquo;Ukraine, la Russie&hellip;\n","protected":false},"author":2,"featured_media":556727,"comment_status":"","ping_status":"","sticky":false,"template":"","format":"standard","meta":{"footnotes":""},"categories":[1591],"tags":[11,451,67427,1887,67429,16173,12,67428,1885,1886,132],"class_list":{"0":"post-556726","1":"post","2":"type-post","3":"status-publish","4":"format-standard","5":"has-post-thumbnail","7":"category-russie","8":"tag-actualites","9":"tag-coupe-du-monde","10":"tag-coupe-du-monde-de-la-fifa","11":"tag-federation-de-russie","12":"tag-luefa","13":"tag-la-chine","14":"tag-news","15":"tag-rfu","16":"tag-russia","17":"tag-russian-federation","18":"tag-russie"},"share_on_mastodon":{"url":"https:\/\/pubeurope.com\/@fr\/115608134928691084","error":""},"_links":{"self":[{"href":"https:\/\/www.europesays.com\/fr\/wp-json\/wp\/v2\/posts\/556726","targetHints":{"allow":["GET"]}}],"collection":[{"href":"https:\/\/www.europesays.com\/fr\/wp-json\/wp\/v2\/posts"}],"about":[{"href":"https:\/\/www.europesays.com\/fr\/wp-json\/wp\/v2\/types\/post"}],"author":[{"embeddable":true,"href":"https:\/\/www.europesays.com\/fr\/wp-json\/wp\/v2\/users\/2"}],"replies":[{"embeddable":true,"href":"https:\/\/www.europesays.com\/fr\/wp-json\/wp\/v2\/comments?post=556726"}],"version-history":[{"count":0,"href":"https:\/\/www.europesays.com\/fr\/wp-json\/wp\/v2\/posts\/556726\/revisions"}],"wp:featuredmedia":[{"embeddable":true,"href":"https:\/\/www.europesays.com\/fr\/wp-json\/wp\/v2\/media\/556727"}],"wp:attachment":[{"href":"https:\/\/www.europesays.com\/fr\/wp-json\/wp\/v2\/media?parent=556726"}],"wp:term":[{"taxonomy":"category","embeddable":true,"href":"https:\/\/www.europesays.com\/fr\/wp-json\/wp\/v2\/categories?post=556726"},{"taxonomy":"post_tag","embeddable":true,"href":"https:\/\/www.europesays.com\/fr\/wp-json\/wp\/v2\/tags?post=556726"}],"curies":[{"name":"wp","href":"https:\/\/api.w.org\/{rel}","templated":true}]}}