{"id":556734,"date":"2025-11-25T03:11:13","date_gmt":"2025-11-25T03:11:13","guid":{"rendered":"https:\/\/www.europesays.com\/fr\/556734\/"},"modified":"2025-11-25T03:11:13","modified_gmt":"2025-11-25T03:11:13","slug":"boualem-sansal-a-retrouve-la-france-grace-a-lallemagne","status":"publish","type":"post","link":"https:\/\/www.europesays.com\/fr\/556734\/","title":{"rendered":"Boualem Sansal a retrouv\u00e9 la France gr\u00e2ce \u00e0 l&rsquo;Allemagne"},"content":{"rendered":"<p>\n\t\t\t\t\tPar Philippe Oswald.<br \/>\n\t\t\t\t\tSynth\u00e8se n\u00b02607,<br \/>\n\t\t\t\t\tPubli\u00e9e le 24\/11\/2025 <\/p>\n<p>\t\t\t\t\t\t&#8211; Photo\u00a0: L&rsquo;\u00e9crivain franco-alg\u00e9rien Boualem Sansal prononce son discours apr\u00e8s avoir re\u00e7u le Prix de la paix de l&rsquo;Association des libraires allemands (\u00ab Friedenspreis des Deutschen Buchhandels \u00bb) lors d&rsquo;une c\u00e9r\u00e9monie \u00e0 Francfort, le 16 octobre 2011. Cr\u00e9dits\u00a0: Reuters.\t\t\t\t\t\t<\/p>\n<p>\n\t\t\t\t\tApr\u00e8s un an de prison en Alg\u00e9rie, Boualem Sansal est rentr\u00e9 en France via Berlin. L&rsquo;Allemagne attribue sa lib\u00e9ration aux bonnes relations diplomatiques et commerciales qu&rsquo;elle entretient avec Alger. Emmanuel Macron a salu\u00e9 cette m\u00e9diation et remerci\u00e9 le pr\u00e9sident alg\u00e9rien pour son \u00ab\u00a0geste d&rsquo;humanit\u00e9\u00a0\u00bb. Cette gr\u00e2ce accord\u00e9e \u00e0 un otage touchera-t-elle aussi le journaliste fran\u00e7ais Christophe Gleizes\u00a0?\t\t\t\t<\/p>\n<p><strong>E<\/strong><strong>mprisonn\u00e9 le 16 novembre 2024 <\/strong><strong>en Alg\u00e9rie, sous le coup d&rsquo;une condamnation <\/strong><strong>\u00e0 cinq ans de prison pour \u00ab\u00a0<\/strong><strong>atteinte \u00e0 l&rsquo;unit\u00e9 nationale\u00a0<\/strong><strong>\u00bb, Boualem Sansal, <\/strong><strong>81 ans,<\/strong><strong> est <\/strong><strong>rentr\u00e9 <\/strong><strong>en France <\/strong><strong>le 18 novembre dernier<\/strong><strong>.<\/strong> Il n&rsquo;arrivait pas directement d&rsquo;Alger mais de Berlin. Il y avait atterri le 12 novembre dans un avion envoy\u00e9 par les autorit\u00e9s allemandes, et y avait \u00e9t\u00e9 soign\u00e9 (il souffre d&rsquo;un cancer de la prostate). Pour le ministre des affaires \u00e9trang\u00e8res fran\u00e7ais, Jean-No\u00ebl Barrot, \u00ab\u00a0cette lib\u00e9ration, c&rsquo;est d&rsquo;abord une victoire de la diplomatie, de la diplomatie fran\u00e7aise, de la diplomatie allemande, et c&rsquo;est un d\u00e9saveu cinglant pour les partisans de la m\u00e9thode forte, de la brutalit\u00e9 et de l&rsquo;invective qui ne conduisent \u00e0 rien\u00a0\u00bb (<a href=\"https:\/\/www.lemonde.fr\/afrique\/article\/2025\/11\/18\/l-ecrivain-franco-algerien-boualem-sansal-est-de-retour-en-france-annonce-son-comite-de-soutien_6653875_3212.html\" target=\"_blank\" rel=\"noopener\">Le Monde<\/a>, 18\/11\/2025). Cible n\u00b01 de cette charge\u00a0: Bruno Retailleau, l&rsquo;ancien ministre de l&rsquo;Int\u00e9rieur, qui pr\u00e9conisait un \u00ab\u00a0rapport de force\u00a0\u00bb avec l&rsquo;Alg\u00e9rie et pr\u00e9disait l&rsquo;\u00e9chec de la \u00ab\u00a0diplomatie des bons sentiments\u00a0\u00bb. Emmanuel Macron a lui aussi salu\u00e9 \u00ab\u00a0une m\u00e9thode faite de respect, de calme et d&rsquo;exigence\u00a0\u00bb, et remerci\u00e9 le pr\u00e9sident alg\u00e9rien pour son \u00ab\u00a0geste d&rsquo;humanit\u00e9\u00a0\u00bb. R\u00e9plique d&rsquo;un proche de Bruno Retailleau\u00a0: \u00ab\u00a0La grande diff\u00e9rence entre le chef de l&rsquo;\u00c9tat et nous, c&rsquo;est qu&rsquo;on ne remercie pas les preneurs d&rsquo;otages, surtout quand ils retiennent encore Christophe Gleizes\u00a0\u00bb (<a href=\"https:\/\/www.lefigaro.fr\/international\/apres-la-liberation-de-boualem-sansal-reglements-de-comptes-entre-les-camps-macron-et-retailleau-20251113\" target=\"_blank\" rel=\"noopener\">Le Figaro<\/a>, 13\/11\/2025).<\/p>\n<p><strong>\u00ab\u00a0<\/strong><strong>Boualem Sansal a atterri \u00e0 Berlin, pas \u00e0 Paris. C&rsquo;est une r\u00e9alit\u00e9\u00a0<\/strong><strong>\u00bb<\/strong>, a relev\u00e9 Arnaud Benedetti, r\u00e9dacteur en chef de La Revue politique et parlementaire, et fondateur du comit\u00e9 de soutien de Boualem Sansal, sur <a href=\"https:\/\/www.publicsenat.fr\/actualites\/international\/liberation-de-boualem-sansal-on-espere-quil-pourra-tres-rapidement-revenir-a-paris-pour-lui-faire-laccueil-quil-merite-lance-arnaud-benedetti\" target=\"_blank\" rel=\"noopener\">Public S\u00e9nat<\/a> (13\/11\/2025). \u00c0 Berlin, on souligne que \u00ab\u00a0le pr\u00e9sident f\u00e9d\u00e9ral a pris l&rsquo;initiative de contacter l&rsquo;Alg\u00e9rie\u00a0\u00bb, en pr\u00e9cisant que \u00ab\u00a0plusieurs appels t\u00e9l\u00e9phoniques ont eu lieu\u00a0\u00bb entre les deux pr\u00e9sidents, \u00ab\u00a0avant qu&rsquo;une gr\u00e2ce ne soit finalement accord\u00e9e\u00a0\u00bb. De fait, explique <a href=\"https:\/\/www.rtl.fr\/actu\/international\/grace-de-boualem-sensal-pourquoi-les-allemands-accueillent-ils-l-ecrivain-7900566112\" target=\"_blank\" rel=\"noopener\">RTL<\/a> (13\/11\/2025), \u00ab &#8230; les deux hommes se connaissent bien. Abdelmadjid Tebboune a d&rsquo;ailleurs \u00e9t\u00e9 soign\u00e9 en Allemagne \u00e0 plusieurs reprises\u00a0[&#8230;]. Derri\u00e8re l&rsquo;initiative du pr\u00e9sident Frank-Walter Steinmeier se pr\u00e9pare surtout une visite officielle du pr\u00e9sident de la R\u00e9publique alg\u00e9rienne \u00e0 Berlin. [\u2026]\u00a0Mais Abdelmadjid Tebboune pouvait-il venir en Allemagne avant une lib\u00e9ration de Boualem Sansal\u00a0? L&rsquo;\u00e9crivain est tr\u00e8s populaire outre-Rhin, il y a re\u00e7u l&rsquo;\u00e9quivalent allemand du prix Goncourt. On peut donc supposer que son emprisonnement aurait entach\u00e9 cette visite festive.\u00a0\u00bb<\/p>\n<p><strong>L<\/strong><strong>a diplomatie allemande <\/strong><strong>a donc fait coup double en<\/strong><strong> <\/strong><strong>tendant<\/strong><strong> une main secourable \u2013\u00a0<\/strong><strong>mais h<\/strong><strong>u<\/strong><strong>miliante\u00a0\u2013 au<\/strong><strong> pr\u00e9sident fran\u00e7ais, <\/strong><strong>tout en rendant service au r\u00e9gime alg\u00e9rien. <\/strong>Celui-ci est tr\u00e8s isol\u00e9 sur la sc\u00e8ne internationale, mais Berlin entretient avec Alger de fructueuses relations commerciales, notamment dans l&rsquo;armement. Outre qu&rsquo;elle n&rsquo;est pas frapp\u00e9e de l&rsquo;opprobre d&rsquo;avoir colonis\u00e9 l&rsquo;Alg\u00e9rie, l&rsquo;Allemagne s&rsquo;est gard\u00e9e de contester la souverainet\u00e9 de l&rsquo;Alg\u00e9rie sur le Sahara occidental. Or, c&rsquo;est la prise de position de Macron en faveur du Maroc, \u00e0 Rabat, le 29 octobre 2024, qui a mis en \u00e9bullition le pouvoir alg\u00e9rien.<\/p>\n<p><strong>Peu apr\u00e8s <\/strong><strong>l<\/strong><strong>eur<\/strong><strong> atterrissage <\/strong><strong>\u00e0 Paris le 18 novembre<\/strong><strong>, <\/strong><strong>l&rsquo;\u00e9crivain<\/strong><strong> <\/strong><strong>et son \u00e9pouse ont<\/strong><strong> \u00e9t\u00e9 re\u00e7u<\/strong><strong>s <\/strong><strong>\u00e0 l&rsquo;\u00c9lys\u00e9e par <\/strong><strong>le pr\u00e9sident de la R\u00e9publique<\/strong><strong>.<\/strong> Dans un communiqu\u00e9 publi\u00e9 quelques heures plus tard depuis Berlin (il participait \u00e0 un sommet sur la souverainet\u00e9 num\u00e9rique europ\u00e9enne), Emmanuel Macron a salu\u00e9 \u00ab\u00a0en particulier l&rsquo;engagement\u00a0\u00bb du pr\u00e9sident allemand Frank-Walter Steinmeier, \u00ab\u00a0dont la mission de bons offices a \u00e9t\u00e9 d\u00e9terminante\u00a0\u00bb, ainsi que \u00ab\u00a0la d\u00e9cision prise par le pr\u00e9sident Abdelmadjid Tebboune d&rsquo;accorder sa gr\u00e2ce\u00a0\u00bb. Mais une gr\u00e2ce pr\u00e9sidentielle n&rsquo;est pas un non-lieu, ni une relaxe, ni un acquittement.<\/p>\n<p><strong>\u00ab\u00a0<\/strong><strong>Je tiens \u00e0 ce que la France soit respect\u00e9e et \u00e0 ce qu&rsquo;elle m\u00e8ne un dialogue s\u00e9rieux, calme et exigeant\u00a0<\/strong><strong>\u00bb, <\/strong><strong>a d\u00e9clar\u00e9 le <\/strong><strong>pr\u00e9sident fran\u00e7ais<\/strong><strong> <\/strong><strong>d<\/strong><strong>ans une conf\u00e9rence de presse tenue <\/strong><strong>toujours <\/strong><strong>\u00e0 Berlin.<\/strong> \u00ab\u00a0Mon souhait, a-t-il poursuivi, c&rsquo;est que nous puissions avancer pour \u00eatre plus efficaces sur les grandes questions \u00e9conomiques, s\u00e9curitaires et migratoires\u00a0\u00bb. Pas question, donc, d&rsquo;\u00e9lever la voix contre l&rsquo;Alg\u00e9rie, qui tient toujours en otage le journaliste sportif fran\u00e7ais Christophe Gleizes, condamn\u00e9 \u00e0 sept ans de prison en juin dernier pour \u00ab\u00a0apologie du terrorisme\u00a0\u00bb, et dont le jugement en appel est pr\u00e9vu pour le 3 d\u00e9cembre . \u00ab\u00a0Nous souhaitons ardemment [sa] lib\u00e9ration. Nous y travaillons\u00a0\u00bb, a assur\u00e9 la pr\u00e9sidence de la R\u00e9publique.<\/p>\n<p><strong>\u00ab\u00a0<\/strong><strong>Pourquoi le retour en France de Boualem Sansal a-t-il \u00e9t\u00e9 si discret ?<\/strong><strong>\u00a0\u00bb<\/strong> s&rsquo;interroge <a href=\"https:\/\/www.leparisien.fr\/politique\/pourquoi-le-retour-en-france-de-boualem-sansal-a-t-il-ete-si-discret-18-11-2025-VSII2JXHTRGKRCKYN2EOMC5J6Q.php\" target=\"_blank\" rel=\"noopener\">Le Parisien<\/a> (18\/11\/2025)\u00a0: \u00ab\u00a0Pas de son, pas de cam\u00e9ras t\u00e9l\u00e9 sur le tarmac de l&rsquo;a\u00e9roport\u00a0: c&rsquo;est dans une certaine discr\u00e9tion que l&rsquo;\u00e9crivain franco-alg\u00e9rien Boualem Sansal est rentr\u00e9 ce mardi 18 novembre en France&#8230;\u00a0\u00bb La r\u00e9serve de l&rsquo;\u00e9crivain, dont le courage personnel a \u00e9t\u00e9 maintes fois d\u00e9montr\u00e9, s&rsquo;explique largement par l&rsquo;incertitude sur le sort de Christophe Gleizes. Quant \u00e0 la diplomatie fran\u00e7aise, elle ne pouvait gu\u00e8re pavoiser apr\u00e8s l&rsquo;humiliant \u00e9pisode berlinois. Et maintenant, que fait-on avec Alger\u00a0? \u00ab\u00a0On efface tout et on recommence\u00a0?\u00a0\u00bb demande Xavier Driencourt, ex-ambassadeur de France en Alg\u00e9rie, interview\u00e9 par <a href=\"https:\/\/www.lejdd.fr\/International\/liberation-de-boualem-sansal-quelles-suites-pour-les-relations-france-algerie-164145\" target=\"_blank\" rel=\"noopener\">Le JDD<\/a> (18\/11\/2025, en lien ci-dessous).<\/p>\n","protected":false},"excerpt":{"rendered":"Par Philippe Oswald. Synth\u00e8se n\u00b02607, Publi\u00e9e le 24\/11\/2025 &#8211; Photo\u00a0: L&rsquo;\u00e9crivain franco-alg\u00e9rien Boualem Sansal prononce son discours apr\u00e8s&hellip;\n","protected":false},"author":2,"featured_media":556735,"comment_status":"","ping_status":"","sticky":false,"template":"","format":"standard","meta":{"footnotes":""},"categories":[1587],"tags":[11,672,1804,1805,1803,1777,674,1801,12,1802],"class_list":{"0":"post-556734","1":"post","2":"type-post","3":"status-publish","4":"format-standard","5":"has-post-thumbnail","7":"category-allemagne","8":"tag-actualites","9":"tag-allemagne","10":"tag-bundesrepublik-deutschland","11":"tag-de","12":"tag-deutschland","13":"tag-eu","14":"tag-europe","15":"tag-germany","16":"tag-news","17":"tag-republique-federale-dallemagne"},"share_on_mastodon":{"url":"https:\/\/pubeurope.com\/@fr\/115608150785802454","error":""},"_links":{"self":[{"href":"https:\/\/www.europesays.com\/fr\/wp-json\/wp\/v2\/posts\/556734","targetHints":{"allow":["GET"]}}],"collection":[{"href":"https:\/\/www.europesays.com\/fr\/wp-json\/wp\/v2\/posts"}],"about":[{"href":"https:\/\/www.europesays.com\/fr\/wp-json\/wp\/v2\/types\/post"}],"author":[{"embeddable":true,"href":"https:\/\/www.europesays.com\/fr\/wp-json\/wp\/v2\/users\/2"}],"replies":[{"embeddable":true,"href":"https:\/\/www.europesays.com\/fr\/wp-json\/wp\/v2\/comments?post=556734"}],"version-history":[{"count":0,"href":"https:\/\/www.europesays.com\/fr\/wp-json\/wp\/v2\/posts\/556734\/revisions"}],"wp:featuredmedia":[{"embeddable":true,"href":"https:\/\/www.europesays.com\/fr\/wp-json\/wp\/v2\/media\/556735"}],"wp:attachment":[{"href":"https:\/\/www.europesays.com\/fr\/wp-json\/wp\/v2\/media?parent=556734"}],"wp:term":[{"taxonomy":"category","embeddable":true,"href":"https:\/\/www.europesays.com\/fr\/wp-json\/wp\/v2\/categories?post=556734"},{"taxonomy":"post_tag","embeddable":true,"href":"https:\/\/www.europesays.com\/fr\/wp-json\/wp\/v2\/tags?post=556734"}],"curies":[{"name":"wp","href":"https:\/\/api.w.org\/{rel}","templated":true}]}}