{"id":556736,"date":"2025-11-25T03:12:21","date_gmt":"2025-11-25T03:12:21","guid":{"rendered":"https:\/\/www.europesays.com\/fr\/556736\/"},"modified":"2025-11-25T03:12:21","modified_gmt":"2025-11-25T03:12:21","slug":"canal-garde-lintegralite-des-coupes-deurope-dont-la-ligue-des-champions-jusquen-2031","status":"publish","type":"post","link":"https:\/\/www.europesays.com\/fr\/556736\/","title":{"rendered":"Canal+ garde l&rsquo;int\u00e9gralit\u00e9 des Coupes d&rsquo;Europe, dont la Ligue des champions, jusqu&rsquo;en 2031"},"content":{"rendered":"<p>&#13;<br \/>\n                        Canal+ garde l&rsquo;int\u00e9gralit\u00e9 des Coupes d&rsquo;Europe, dont la Ligue des champions, jusqu&rsquo;en 2031&#13;\n                    <\/p>\n<p style=\"text-align:\">Canal+ a conserv\u00e9 l&rsquo;int\u00e9gralit\u00e9 des droits TV des Coupes d&rsquo;Europe pour le territoire fran\u00e7ais, dont ceux de la Ligue des champions, pour la p\u00e9riode 2027-2031, a-t-on appris jeudi 20 novembre de source proche du dossier.<\/p>\n<p><a href=\"https:\/\/lecourrier.vn\/canal-touche-au-but-pour-devenir-un-champion-des-medias-en-afrique\/1287442.html\" title=\"Canal+ touche au but pour devenir un champion des m\u00e9dias en Afrique\" target=\"_blank\" rel=\"noopener\">&gt;&gt; Canal+ touche au but pour devenir un champion des m\u00e9dias en Afrique<\/a><\/p>\n<p><a href=\"https:\/\/lecourrier.vn\/audiovisuel-canal-a-rachete-le-sud-africain-multichoice-et-devient-leader-en-afrique\/1291361.html\" title=\"Audiovisuel : Canal+ a rachet\u00e9 le Sud-africain Multichoice et devient leader en Afrique\" target=\"_blank\" rel=\"noopener\">&gt;&gt; Audiovisuel : Canal+ a rachet\u00e9 le Sud-africain Multichoice et devient leader en Afrique<\/a><\/p>\n<p><a href=\"https:\/\/lecourrier.vn\/free-lance-son-offre-de-streaming-free-tv-concurrente-de-molotov-et-tv\/1293458.html\" title=\"Free lance son offre de &quot;streaming&quot; Free TV, concurrente de Molotov et TV+\" target=\"_blank\" rel=\"noopener\">&gt;&gt; Free lance son offre de \u00ab\u00a0streaming\u00a0\u00bb Free TV, concurrente de Molotov et TV+<\/a><\/p>\n<tr>\n<td class=\"pic\"><img decoding=\"async\" class=\"lazyload\" src=\"https:\/\/www.europesays.com\/fr\/wp-content\/uploads\/2025\/11\/084305-field_media_image-2969306-7d1a718ff91eb90e1120cddda748d1cd643099a1.webp.webp\" alt=\"\"\/><\/td>\n<\/tr>\n<tr>\n<td class=\"caption\">Le logo de la cha\u00eene Canal+ au si\u00e8ge du groupe, le 27 novembre 2017 \u00e0 Issy-les-Moulineaux, pr\u00e8s de Paris.\u00a0<\/td>\n<\/tr>\n<tr align=\"right\">\n<td class=\"author\">Photo : AFP\/VNA\/CVN<\/td>\n<\/tr>\n<p style=\"text-align:left\">Canal+, qui d\u00e9boursait 480 millions d&rsquo;euros par saison pour diffuser en France les trois comp\u00e9titions europ\u00e9ennes (Ligue des champions, Ligue Europa, Ligue Conf\u00e9rence), a gard\u00e9 son exclusivit\u00e9 \u00e0 un prix \u00ab\u00a0l\u00e9g\u00e8rement inf\u00e9rieur au contrat en cours\u00a0\u00bb, selon la m\u00eame source.<\/p>\n<p style=\"text-align:left\">D&rsquo;apr\u00e8s une autre source, la cha\u00eene devra d\u00e9sormais s\u2019acquitter d&rsquo;environ 450 millions d&rsquo;euros par saison pour diffuser l&rsquo;ensemble des Coupes d&rsquo;Europe.<\/p>\n<p style=\"text-align:left\">Canal+ a donc r\u00e9ussi \u00e0 braver la menace des plateformes mondiales de streaming alors que l&rsquo;UEFA souhaitait les attirer avec un lot r\u00e9serv\u00e9 \u00e0 la meilleure affiche de la semaine en Ligue des champions.<\/p>\n<p style=\"text-align:left\">L&rsquo;objectif global de l&rsquo;instance europ\u00e9enne est de d\u00e9passer des revenus de 5 milliards d&rsquo;euros par an pour les droits de diffusion des Coupes d&rsquo;Europe \u00e0 l&rsquo;\u00e9chelle mondiale, contre 4,4 milliards d&rsquo;euros actuellement (dont 3,6 milliards d&rsquo;euros annuels pour la seule Ligue des champions) pour le cycle 2024-2027.<\/p>\n<p style=\"text-align:left\">L&rsquo;UEFA avait dans un premier temps fix\u00e9 mardi 18 novembre comme date-limite pour le d\u00e9p\u00f4t des offres, avant de lancer un 2e tour prenant fin ce jeudi 20 novembre.<\/p>\n<p style=\"text-align:left\">Conserver les droits des trois Coupes d&rsquo;Europe, dont la prestigieuse Ligue des champions, est une tr\u00e8s bonne nouvelle pour Canal+, assur\u00e9 de garder son principal produit football alors que la cha\u00eene ne diffuse plus la Ligue 1 depuis la saison 2024-2025.<\/p>\n<p style=\"text-align:left\">\u00ab\u00a0Nous sommes tr\u00e8s fiers de renouveler notre partenariat avec l&rsquo;UEFA jusqu&rsquo;en 2031, venant conforter notre statut de premier diffuseur mondial des comp\u00e9titions europ\u00e9ennes de football (&#8230;)\u00a0\u00bb, a r\u00e9agi dans un communiqu\u00e9 Maxime Saada, le pr\u00e9sident du directoire de la cha\u00eene. \u00ab\u00a0Cette prolongation illustre notre ambition : offrir \u00e0 nos abonn\u00e9s le meilleur du football europ\u00e9en, avec toujours plus de spectacle, d\u2019\u00e9motions et d\u2019expertise gr\u00e2ce au savoir-faire unique de la r\u00e9daction des sports de Canal+\u00a0\u00bb, a-t-il ajout\u00e9.<\/p>\n<p style=\"text-align:left\">Selon une troisi\u00e8me source proche du dossier, certains matches de Ligue des champions pourraient \u00eatre sous-licenci\u00e9s \u00e0 BeIN Sports, que Canal+ distribue en exclusivit\u00e9.<\/p>\n<p style=\"text-align:left\">L&rsquo;UEFA, qui n\u2019a pas encore communiqu\u00e9 sur cet appel d\u2019offres, continue de son c\u00f4t\u00e9 de lorgner les grands acteurs du num\u00e9rique en plus de ses diffuseurs traditionnels, alors qu\u2019Amazon Prime a sign\u00e9 en juillet 2024 un accord mondial sur 11 ans pour 17 milliards d\u2019euros avec la Ligue nord-am\u00e9ricaine de basket (NBA), et qu&rsquo;Apple s\u2019est associ\u00e9 \u00e0 la MLS, le championnat nord-am\u00e9ricain de football (soccer).<\/p>\n<p style=\"text-align:right\"><b>AFP\/VNA\/CVN<\/b><\/p>\n","protected":false},"excerpt":{"rendered":"&#13; Canal+ garde l&rsquo;int\u00e9gralit\u00e9 des Coupes d&rsquo;Europe, dont la Ligue des champions, jusqu&rsquo;en 2031&#13; Canal+ a conserv\u00e9 l&rsquo;int\u00e9gralit\u00e9&hellip;\n","protected":false},"author":2,"featured_media":556737,"comment_status":"","ping_status":"","sticky":false,"template":"","format":"standard","meta":{"footnotes":""},"categories":[1586],"tags":[11,10474,67430,1777,674,1011,27,12,25],"class_list":{"0":"post-556736","1":"post","2":"type-post","3":"status-publish","4":"format-standard","5":"has-post-thumbnail","7":"category-europe","8":"tag-actualites","9":"tag-canal","10":"tag-coupes-d","11":"tag-eu","12":"tag-europe","13":"tag-fr","14":"tag-france","15":"tag-news","16":"tag-republique-francaise"},"share_on_mastodon":{"url":"https:\/\/pubeurope.com\/@fr\/115608155521311563","error":""},"_links":{"self":[{"href":"https:\/\/www.europesays.com\/fr\/wp-json\/wp\/v2\/posts\/556736","targetHints":{"allow":["GET"]}}],"collection":[{"href":"https:\/\/www.europesays.com\/fr\/wp-json\/wp\/v2\/posts"}],"about":[{"href":"https:\/\/www.europesays.com\/fr\/wp-json\/wp\/v2\/types\/post"}],"author":[{"embeddable":true,"href":"https:\/\/www.europesays.com\/fr\/wp-json\/wp\/v2\/users\/2"}],"replies":[{"embeddable":true,"href":"https:\/\/www.europesays.com\/fr\/wp-json\/wp\/v2\/comments?post=556736"}],"version-history":[{"count":0,"href":"https:\/\/www.europesays.com\/fr\/wp-json\/wp\/v2\/posts\/556736\/revisions"}],"wp:featuredmedia":[{"embeddable":true,"href":"https:\/\/www.europesays.com\/fr\/wp-json\/wp\/v2\/media\/556737"}],"wp:attachment":[{"href":"https:\/\/www.europesays.com\/fr\/wp-json\/wp\/v2\/media?parent=556736"}],"wp:term":[{"taxonomy":"category","embeddable":true,"href":"https:\/\/www.europesays.com\/fr\/wp-json\/wp\/v2\/categories?post=556736"},{"taxonomy":"post_tag","embeddable":true,"href":"https:\/\/www.europesays.com\/fr\/wp-json\/wp\/v2\/tags?post=556736"}],"curies":[{"name":"wp","href":"https:\/\/api.w.org\/{rel}","templated":true}]}}