{"id":556738,"date":"2025-11-25T03:13:15","date_gmt":"2025-11-25T03:13:15","guid":{"rendered":"https:\/\/www.europesays.com\/fr\/556738\/"},"modified":"2025-11-25T03:13:15","modified_gmt":"2025-11-25T03:13:15","slug":"la-criminalite-est-partout-le-premier-ministre-rama-defend-lalbanie-aupres-de-lue","status":"publish","type":"post","link":"https:\/\/www.europesays.com\/fr\/556738\/","title":{"rendered":"\u00ab\u00a0La criminalit\u00e9 est partout\u00a0\u00bb : le Premier ministre Rama d\u00e9fend l&rsquo;Albanie aupr\u00e8s de l&rsquo;UE"},"content":{"rendered":"<p>\n         Publi\u00e9 le<br \/>\n            24\/11\/2025 &#8211; 21:56 UTC+1\n            <\/p>\n<p>L&rsquo;Albanie m\u00e9rite de devenir membre de l&rsquo;Union europ\u00e9enne d\u00e8s que possible apr\u00e8s une d\u00e9cennie de r\u00e9formes et de soutien civil, a d\u00e9clar\u00e9 le Premier ministre Edi Rama \u00e0 Euronews. <\/p>\n<p>Le pays est entr\u00e9 dans la derni\u00e8re phase des n\u00e9gociations avec l&rsquo;UE et envisage 2030 comme date d&rsquo;adh\u00e9sion possible au bloc. L&rsquo;Albanie est candidate depuis plus de dix ans, mais elle a b\u00e9n\u00e9fici\u00e9 d&rsquo;un nouvel \u00e9lan g\u00e9opolitique en faveur de l&rsquo;\u00e9largissement de l&rsquo;Union d\u00e9clench\u00e9 par l&rsquo;invasion russe en Ukraine. De ce fait, l&rsquo;Albanie est d\u00e9sormais consid\u00e9r\u00e9e comme un favori. <\/p>\n<p>Edi Rama, qui occupe ses fonctions depuis 2013 et a obtenu un quatri\u00e8me mandat de Premier ministre l&rsquo;ann\u00e9e derni\u00e8re, a d\u00e9clar\u00e9 que l&rsquo;Albanie avait connu une transformation et s&rsquo;\u00e9tait engag\u00e9e dans la voie de l&rsquo;int\u00e9gration europ\u00e9enne. Il a fait valoir que son pays avait toujours appartenu \u00e0 de grands empires et que \u00ab\u00a0l&rsquo;UE \u00e9tait un bon empire\u00a0\u00bb pour garantir la libert\u00e9 et l&rsquo;\u00c9tat de droit. <\/p>\n<p>La Commission europ\u00e9enne a salu\u00e9 le processus de r\u00e9formes men\u00e9 par Rama, indiquant que le pays pourrait \u00eatre pr\u00eat \u00e0 rejoindre l&rsquo;Union d&rsquo;ici la fin de la d\u00e9cennie, \u00e0 condition que le rythme des r\u00e9formes se maintienne. <\/p>\n<p>Ce pays de 2,3 millions d&rsquo;habitants, ce qui est comparable \u00e0 la population de la ville de Rome, pourrait facilement \u00eatre absorb\u00e9 par l&rsquo;Union en termes de population et d&rsquo;impact \u00e9conomique. <\/p>\n<p>N\u00e9anmoins, la Commission a indiqu\u00e9 dans son rapport sur l&rsquo;\u00e9largissement publi\u00e9 le mois dernier que l&rsquo;Albanie devait redoubler d&rsquo;efforts pour lutter contre le crime organis\u00e9, renforcer ses syst\u00e8mes de pr\u00e9vention contre le blanchiment d&rsquo;argent et combattre le trafic d&rsquo;\u00eatres humains, pour se conformer aux normes de l&rsquo;UE. <\/p>\n<p>Le chef du gouvernement a d\u00e9clar\u00e9 \u00e0 Euronews que la criminalit\u00e9 et la corruption \u00e9taient des probl\u00e8mes graves et que son gouvernement les traitait comme tels, mais il a \u00e9galement ajout\u00e9 que la criminalit\u00e9 et le crime organis\u00e9 n&rsquo;\u00e9taient pas propres \u00e0 Tirana. <\/p>\n<p>\u00ab\u00a0Avant, les gens pensaient que l&rsquo;Albanie \u00e9tait ce trou \u00e0 rats au milieu de l&rsquo;Europe, maintenant ils voient qu&rsquo;elle fait partie de la mosa\u00efque europ\u00e9enne\u00a0\u00bb, a-t-il d\u00e9clar\u00e9 dans l&rsquo;\u00e9mission phare d&rsquo;Euronews, The Europe Conversation. \u00ab\u00a0Avons-nous des probl\u00e8mes avec le crime organis\u00e9 ? Oui, bien s\u00fbr. Qui n&rsquo;en a pas ? Regardez cette ville (Bruxelles). C&rsquo;en est un autre exemple. Mais il se passe aussi de grandes choses.\u00a0\u00bb <\/p>\n<p>Liens \u00e9troits avec l&rsquo;Italie<\/p>\n<p>Edi Rama, qui \u00e9tait \u00e0 Bruxelles cette semaine pour participer \u00e0 un forum de la Commission europ\u00e9enne consacr\u00e9 \u00e0 l&rsquo;\u00e9largissement, a d\u00e9clar\u00e9 que ses homologues europ\u00e9ens avaient manifest\u00e9 leur soutien \u00e0 l&rsquo;adh\u00e9sion de l&rsquo;Albanie \u00e0 l&rsquo;Union et a soulign\u00e9 ses relations \u00e9troites avec la Premi\u00e8re ministre italienne Giorgia Meloni. <\/p>\n<p>Pour qu&rsquo;un pays adh\u00e8re \u00e0 l&rsquo;UE, outre la conclusion des n\u00e9gociations techniques avec la Commission, il doit obtenir l&rsquo;accord politique unanime de tous les \u00c9tats membres. <\/p>\n<p>L&rsquo;Albanie et l&rsquo;Italie ont conclu un accord en 2023 dans lequel le gouvernement de Rama a accept\u00e9 d&rsquo;accueillir des centres de migration, construits, financ\u00e9s et contr\u00f4l\u00e9s par les autorit\u00e9s italiennes. Cet accord a suscit\u00e9 l&rsquo;attention internationale, mais aussi des critiques selon lesquelles il externalise les fronti\u00e8res de l&rsquo;Europe vers un pays tiers et va \u00e0 l&rsquo;encontre des principes fondamentaux des r\u00e8gles d&rsquo;asile. <\/p>\n<p>Rama a d\u00e9fendu cet accord, affirmant qu&rsquo;il s&rsquo;agissait d&rsquo;un accord bilat\u00e9ral entre Rome et son administration \u00e0 un moment o\u00f9 l&rsquo;Italie avait besoin d&rsquo;aide pour g\u00e9rer les flux migratoires. Il a d\u00e9clar\u00e9 que son gouvernement ne regrettait pas cette d\u00e9cision et ne la consid\u00e9rait pas comme une perte de souverainet\u00e9. <\/p>\n<p>\u00ab\u00a0L&rsquo;Italie nous l&rsquo;avait demand\u00e9. Et quand l&rsquo;Italie nous demande quelque chose, nous r\u00e9pondons toujours oui\u00a0\u00bb, a-t-il ajout\u00e9. \u00ab\u00a0Les Italiens sont des Albanais habill\u00e9s en Versace.\u00a0\u00bb <\/p>\n<p>Edi Rama a exclu l&rsquo;extension du \u00ab\u00a0mod\u00e8le albanais\u00a0\u00bb \u00e0 d&rsquo;autres pays que l&rsquo;Italie, m\u00eame si ce syst\u00e8me a \u00e9t\u00e9 propos\u00e9 par d&rsquo;autres \u00c9tats membres comme une option, alors que l&rsquo;Europe adopte une position plus ferme en mati\u00e8re d&rsquo;immigration. <\/p>\n","protected":false},"excerpt":{"rendered":"Publi\u00e9 le 24\/11\/2025 &#8211; 21:56 UTC+1 L&rsquo;Albanie m\u00e9rite de devenir membre de l&rsquo;Union europ\u00e9enne d\u00e8s que possible apr\u00e8s&hellip;\n","protected":false},"author":2,"featured_media":556739,"comment_status":"","ping_status":"","sticky":false,"template":"","format":"standard","meta":{"footnotes":""},"categories":[1586],"tags":[11,5230,1770,45658,6157,1777,674,1779,1011,27,12,17749,25,1778,364],"class_list":{"0":"post-556738","1":"post","2":"type-post","3":"status-publish","4":"format-standard","5":"has-post-thumbnail","7":"category-europe","8":"tag-actualites","9":"tag-albanie","10":"tag-corruption","11":"tag-crime-organise","12":"tag-elargissement-de-lunion-europeenne","13":"tag-eu","14":"tag-europe","15":"tag-european-union","16":"tag-fr","17":"tag-france","18":"tag-news","19":"tag-politique-europeenne","20":"tag-republique-francaise","21":"tag-ue","22":"tag-union-europeenne"},"share_on_mastodon":{"url":"https:\/\/pubeurope.com\/@fr\/115608158527516353","error":""},"_links":{"self":[{"href":"https:\/\/www.europesays.com\/fr\/wp-json\/wp\/v2\/posts\/556738","targetHints":{"allow":["GET"]}}],"collection":[{"href":"https:\/\/www.europesays.com\/fr\/wp-json\/wp\/v2\/posts"}],"about":[{"href":"https:\/\/www.europesays.com\/fr\/wp-json\/wp\/v2\/types\/post"}],"author":[{"embeddable":true,"href":"https:\/\/www.europesays.com\/fr\/wp-json\/wp\/v2\/users\/2"}],"replies":[{"embeddable":true,"href":"https:\/\/www.europesays.com\/fr\/wp-json\/wp\/v2\/comments?post=556738"}],"version-history":[{"count":0,"href":"https:\/\/www.europesays.com\/fr\/wp-json\/wp\/v2\/posts\/556738\/revisions"}],"wp:featuredmedia":[{"embeddable":true,"href":"https:\/\/www.europesays.com\/fr\/wp-json\/wp\/v2\/media\/556739"}],"wp:attachment":[{"href":"https:\/\/www.europesays.com\/fr\/wp-json\/wp\/v2\/media?parent=556738"}],"wp:term":[{"taxonomy":"category","embeddable":true,"href":"https:\/\/www.europesays.com\/fr\/wp-json\/wp\/v2\/categories?post=556738"},{"taxonomy":"post_tag","embeddable":true,"href":"https:\/\/www.europesays.com\/fr\/wp-json\/wp\/v2\/tags?post=556738"}],"curies":[{"name":"wp","href":"https:\/\/api.w.org\/{rel}","templated":true}]}}