{"id":556740,"date":"2025-11-25T03:14:28","date_gmt":"2025-11-25T03:14:28","guid":{"rendered":"https:\/\/www.europesays.com\/fr\/556740\/"},"modified":"2025-11-25T03:14:28","modified_gmt":"2025-11-25T03:14:28","slug":"cest-de-la-provocation-lambassadeur-russe-meshkov-a-visite-le-cimetiere-de-saint-pierre-doleron-pendant-vingt-minutes","status":"publish","type":"post","link":"https:\/\/www.europesays.com\/fr\/556740\/","title":{"rendered":"\u00ab\u00a0C\u2019est de la provocation\u00a0\u00bb\u00a0: l\u2019ambassadeur russe Meshkov a visit\u00e9 le cimeti\u00e8re de Saint-Pierre-d\u2019Ol\u00e9ron pendant vingt minutes"},"content":{"rendered":"<p class=\"paragraph text_align_left lp-f-body-02\">Vingt minutes, d\u00e9claration \u00e0 la presse comprise. C\u2019est le temps qu\u2019aura pass\u00e9 l\u2019ambassadeur de Russie en France, Alexey Meshkov, dans les all\u00e9es du cimeti\u00e8re de Saint-Pierre-d\u2019Ol\u00e9ron (Charente-Maritime). <a href=\"https:\/\/www.leparisien.fr\/charente-maritime-17\/choquant-lambassadeur-de-russie-attendu-a-oleron-pour-un-hommage-a-quatre-soldats-sovietiques-tues-en-1944-21-11-2025-AZA3CRQKTJGXZJ3W5F4USLP5IM.php\" target=\"_self\" rel=\"noopener\">Dans le cadre d\u2019une \u00ab visite purement humanitaire \u00bb et controvers\u00e9e,<\/a> le diplomate est venu c\u00e9l\u00e9brer la m\u00e9moire de quatre soldats sovi\u00e9tiques morts sur l\u2019\u00eele d\u2019Ol\u00e9ron durant la Seconde Guerre mondiale. Enr\u00f4l\u00e9s de force par l\u2019arm\u00e9e allemande sur le front de l\u2019Est, ces quatre hommes ont atterri &#8211; comme une soixantaine d\u2019autres sovi\u00e9tiques &#8211; \u00e0 Ol\u00e9ron et particip\u00e9 \u00e0 la construction du mur de l\u2019Atlantique.<\/p>\n<p class=\"paragraph text_align_left lp-f-body-02\">Plusieurs d\u2019entre eux ont tr\u00e8s vite aid\u00e9 et inform\u00e9 la R\u00e9sistance. Les quatre hommes inhum\u00e9s \u00e0 Saint-Pierre-d\u2019Ol\u00e9ron ont m\u00eame men\u00e9 des coups d\u2019\u00e9clat comme la destruction d\u2019un important d\u00e9p\u00f4t de munitions et de pi\u00e8ces d\u2019artillerie. Ils l\u2019ont pay\u00e9 de leur vie avant d\u2019\u00eatre enterr\u00e9s sous deux st\u00e8les arborant l\u2019\u00e9toile rouge, la faucille et le marteau.<\/p>\n<p>\u00ab Des tombes dans un \u00e9tat d\u00e9labr\u00e9 \u00bb<\/p>\n<p class=\"paragraph text_align_left lp-f-body-02\">Inform\u00e9e l\u2019an dernier par un historien amateur d\u2019Ol\u00e9ron, Philippe Lafon, l\u2019ambassade russe a d\u00e9cid\u00e9 de r\u00e9nover ces deux st\u00e8les \u00e0 ses frais, sans effectuer la moindre d\u00e9marche officielle aupr\u00e8s des pouvoirs publics. Selon nos informations, il s\u2019agit de concessions communales. Montant de l\u2019addition : pr\u00e8s de 2000 euros, selon Philippe Lafon qui a \u00ab transmis le devis \u00bb aux Russes. Ceux-l\u00e0 entendaient ainsi r\u00e9cup\u00e9rer la monnaie de leur pi\u00e8ce en se d\u00e9pla\u00e7ant \u00e0 Ol\u00e9ron.<\/p>\n<p class=\"paragraph text_align_left lp-f-body-02\">Oppos\u00e9s \u00e0 cette visite comme \u00e0 la guerre en Ukraine, une cinquantaine de manifestants ont tent\u00e9 de se faire entendre dans le calme. Ils ont \u00e9t\u00e9 repouss\u00e9s loin de l\u2019entr\u00e9e du cimeti\u00e8re &#8211; leurs panneaux et drapeaux ont \u00e9t\u00e9 confisqu\u00e9s par les gendarmes.<\/p>\n<p class=\"paragraph text_align_left lp-f-body-02\">Face \u00e0 une vingtaine d\u2019officiels russes et dans un cimeti\u00e8re vide et plac\u00e9 sous bonne garde, Alexey Meshkov a pu exprimer sa \u00ab gratitude \u00e0 ces h\u00e9ros apr\u00e8s leur exploit et leur d\u00e9vouement \u00bb. En apart\u00e9, le diplomate a \u00e9galement justifi\u00e9 la m\u00e9thode russe : \u00ab Ces tombes appartiennent \u00e0 l\u2019Humanit\u00e9. Il \u00e9tait insupportable de les voir dans un \u00e9tat d\u00e9labr\u00e9. \u00bb<\/p>\n<p class=\"paragraph text_align_left lp-f-body-02\">Les manifestants ont, eux, d\u00e9nonc\u00e9 \u00ab une action de propagande \u00bb destin\u00e9e \u00e0 \u00ab redorer l\u2019image de la Russie \u00bb. Ukrainienne et pr\u00e9sidente de l\u2019association Ol\u00e9ron pour l\u2019Ukraine, Olga Gaillard-Bazylenko \u00e9tait pr\u00e9sente, ruban jaune et bleu \u00e9pingl\u00e9 sur son manteau. \u00ab Voir ici le repr\u00e9sentant en France du pays agresseur, c\u2019est scandaleux. Pourquoi venir ici ? C\u2019est de la provocation \u00bb, estime-t-elle. \u00ab C\u2019est du m\u00e9pris \u00e0 l\u2019encontre des r\u00e9fugi\u00e9s ukrainiens \u00bb, ajoute Thyde Rosell, une Ol\u00e9ronaise. L\u2019\u00eele comptabilise actuellement une vingtaine d\u2019Ukrainiens install\u00e9s depuis l\u2019invasion de l\u2019Ukraine par la Russie en 2022.<\/p>\n","protected":false},"excerpt":{"rendered":"Vingt minutes, d\u00e9claration \u00e0 la presse comprise. C\u2019est le temps qu\u2019aura pass\u00e9 l\u2019ambassadeur de Russie en France, Alexey&hellip;\n","protected":false},"author":2,"featured_media":556741,"comment_status":"","ping_status":"","sticky":false,"template":"","format":"standard","meta":{"footnotes":""},"categories":[2],"tags":[917,11,37881,459,1011,27,12,316,25],"class_list":{"0":"post-556740","1":"post","2":"type-post","3":"status-publish","4":"format-standard","5":"has-post-thumbnail","7":"category-actualites","8":"tag-actu-locale","9":"tag-actualites","10":"tag-charente-maritime-17","11":"tag-departements-horsidfo","12":"tag-fr","13":"tag-france","14":"tag-news","15":"tag-politique","16":"tag-republique-francaise"},"share_on_mastodon":{"url":"https:\/\/pubeurope.com\/@fr\/115608162330596626","error":""},"_links":{"self":[{"href":"https:\/\/www.europesays.com\/fr\/wp-json\/wp\/v2\/posts\/556740","targetHints":{"allow":["GET"]}}],"collection":[{"href":"https:\/\/www.europesays.com\/fr\/wp-json\/wp\/v2\/posts"}],"about":[{"href":"https:\/\/www.europesays.com\/fr\/wp-json\/wp\/v2\/types\/post"}],"author":[{"embeddable":true,"href":"https:\/\/www.europesays.com\/fr\/wp-json\/wp\/v2\/users\/2"}],"replies":[{"embeddable":true,"href":"https:\/\/www.europesays.com\/fr\/wp-json\/wp\/v2\/comments?post=556740"}],"version-history":[{"count":0,"href":"https:\/\/www.europesays.com\/fr\/wp-json\/wp\/v2\/posts\/556740\/revisions"}],"wp:featuredmedia":[{"embeddable":true,"href":"https:\/\/www.europesays.com\/fr\/wp-json\/wp\/v2\/media\/556741"}],"wp:attachment":[{"href":"https:\/\/www.europesays.com\/fr\/wp-json\/wp\/v2\/media?parent=556740"}],"wp:term":[{"taxonomy":"category","embeddable":true,"href":"https:\/\/www.europesays.com\/fr\/wp-json\/wp\/v2\/categories?post=556740"},{"taxonomy":"post_tag","embeddable":true,"href":"https:\/\/www.europesays.com\/fr\/wp-json\/wp\/v2\/tags?post=556740"}],"curies":[{"name":"wp","href":"https:\/\/api.w.org\/{rel}","templated":true}]}}