{"id":556750,"date":"2025-11-25T03:25:16","date_gmt":"2025-11-25T03:25:16","guid":{"rendered":"https:\/\/www.europesays.com\/fr\/556750\/"},"modified":"2025-11-25T03:25:16","modified_gmt":"2025-11-25T03:25:16","slug":"ineos-grenadiers-godon-reve-de-revenir-sur-le-tour-avec-sa-nouvelle-equipe-sports","status":"publish","type":"post","link":"https:\/\/www.europesays.com\/fr\/556750\/","title":{"rendered":"Ineos Grenadiers : Godon r\u00eave de revenir sur le Tour avec sa nouvelle \u00e9quipe : Sports"},"content":{"rendered":"<p class=\"date\">\n                                                            Aur\u00e9lie Sacchelli, Media365, publi\u00e9 le lundi 24 novembre 2025 \u00e0 22h39\n                                                    <\/p>\n<p>Dans une interview \u00e0 Cyclingnews, le champion de France Dorian Godon \u00e9voque ses objectifs avec sa nouvelle \u00e9quipe, Ineos Grenadiers, pour ce qui sera sa toute premi\u00e8re exp\u00e9rience \u00e0 l&rsquo;\u00e9tranger.<\/p>\n<p>Cet hiver, Dorian Godon va franchir le pas. Apr\u00e8s dix saisons en France, sous le maillot de Cofidis puis Decathlon-AG2R La Mondiale, le coureur de 29 ans va int\u00e9grer l&rsquo;\u00e9quipe britannique Ineos Grenadiers, o\u00f9 il s&rsquo;est engag\u00e9 pour trois saisons et o\u00f9 il retrouvera d&rsquo;ailleurs deux compatriotes, Axel Laurance et <a href=\"https:\/\/sports.orange.fr\/cyclisme\/article\/ineos-grenadiers-vauquelin-signe-trois-ans-CNT000002l8Ykv.html\" target=\"_blank\" rel=\"noopener\">Kevin Vauquelin<\/a>. Sacr\u00e9 champion de France en juin dernier, le Francilien ne pouvait pas refuser une telle offre, m\u00eame s&rsquo;il ne l&rsquo;aurait pas forc\u00e9ment accept\u00e9e par le pass\u00e9, comme il confie dans une interview \u00e0 Cyclingnews. \u00ab Ineos est un projet passionnant pour moi. J&rsquo;ai toujours dit que je voulais courir dans une \u00e9quipe \u00e9trang\u00e8re, en tant que cycliste fran\u00e7ais ayant \u00e9volu\u00e9 dans des \u00e9quipes fran\u00e7aises pendant 10 ans. Je souhaite d\u00e9couvrir une nouvelle \u00e9quipe, et celle-ci est l&rsquo;une des plus professionnelles. Ce n&rsquo;\u00e9tait pas ma seule possibilit\u00e9, mais la plus int\u00e9ressante. <strong>Il y a peut-\u00eatre trois ans, je n&rsquo;aurais pas eu envie d&rsquo;y aller, mais maintenant je suis tr\u00e8s enthousiaste<\/strong>, car ils ont un peu modifi\u00e9 leur strat\u00e9gie. Ils sont plus offensifs et peut-\u00eatre plus attractifs \u00bb, explique Godon.<\/p>\n<p>Godon r\u00eave du maillot jaune<\/p>\n<p>Aux c\u00f4t\u00e9s de coureurs de renom comme Egan Bernal, Carlos Rodriguez, Filippo Ganna ou Thymen Arensman, Dorian Godon va tenter de faire sa place, et il y croit, gr\u00e2ce \u00e0 son profil diff\u00e9rent.\u00a0\u00ab J&rsquo;aurai ma chance. Il n&rsquo;y a pas beaucoup de coureurs de mon profil, peut-\u00eatre Ben Turner aussi. Je peux gagner au sprint dans un petit groupe et contribuer au classement g\u00e9n\u00e9ral et aux \u00e9chapp\u00e9es lors d&rsquo;un Grand Tour. Je suis tr\u00e8s polyvalent.\u00a0<strong>Je veux gagner une course d&rsquo;un jour, par exemple, comme le GP de Qu\u00e9bec ou une classique belge <\/strong>\u00bb<\/p>\n<p>Et le Tour de France dans tout \u00e7a ? Dorian Godon y a pris part \u00e0 deux reprises, finissant 71e en 2021 et 82e en 2024, dans l&rsquo;anonymat. \u00ab Ce serait bien d&rsquo;y retourner, reconnait-il. Mais Ineos Grenadiers est une grande \u00e9quipe, avec tellement de bons coureurs pour le contre-la-montre par \u00e9quipes de Barcelone (lors de la 1re \u00e9tape, ndlr), par exemple. Gagner \u00e0 Barcelone et porter le maillot jaune serait un r\u00eave. Je ne suis pas si mauvais en contre-la-montre, et je progresserai certainement gr\u00e2ce au d\u00e9veloppement de l&rsquo;\u00e9quipe et de ses talents dans ce domaine. \u00bb<\/p>\n","protected":false},"excerpt":{"rendered":"Aur\u00e9lie Sacchelli, Media365, publi\u00e9 le lundi 24 novembre 2025 \u00e0 22h39 Dans une interview \u00e0 Cyclingnews, le champion&hellip;\n","protected":false},"author":2,"featured_media":556751,"comment_status":"","ping_status":"","sticky":false,"template":"","format":"standard","meta":{"footnotes":""},"categories":[1411],"tags":[1154,207,1011,27,60],"class_list":{"0":"post-556750","1":"post","2":"type-post","3":"status-publish","4":"format-standard","5":"has-post-thumbnail","7":"category-cyclisme","8":"tag-cycling","9":"tag-cyclisme","10":"tag-fr","11":"tag-france","12":"tag-sports"},"share_on_mastodon":{"url":"https:\/\/pubeurope.com\/@fr\/115608205860725464","error":""},"_links":{"self":[{"href":"https:\/\/www.europesays.com\/fr\/wp-json\/wp\/v2\/posts\/556750","targetHints":{"allow":["GET"]}}],"collection":[{"href":"https:\/\/www.europesays.com\/fr\/wp-json\/wp\/v2\/posts"}],"about":[{"href":"https:\/\/www.europesays.com\/fr\/wp-json\/wp\/v2\/types\/post"}],"author":[{"embeddable":true,"href":"https:\/\/www.europesays.com\/fr\/wp-json\/wp\/v2\/users\/2"}],"replies":[{"embeddable":true,"href":"https:\/\/www.europesays.com\/fr\/wp-json\/wp\/v2\/comments?post=556750"}],"version-history":[{"count":0,"href":"https:\/\/www.europesays.com\/fr\/wp-json\/wp\/v2\/posts\/556750\/revisions"}],"wp:featuredmedia":[{"embeddable":true,"href":"https:\/\/www.europesays.com\/fr\/wp-json\/wp\/v2\/media\/556751"}],"wp:attachment":[{"href":"https:\/\/www.europesays.com\/fr\/wp-json\/wp\/v2\/media?parent=556750"}],"wp:term":[{"taxonomy":"category","embeddable":true,"href":"https:\/\/www.europesays.com\/fr\/wp-json\/wp\/v2\/categories?post=556750"},{"taxonomy":"post_tag","embeddable":true,"href":"https:\/\/www.europesays.com\/fr\/wp-json\/wp\/v2\/tags?post=556750"}],"curies":[{"name":"wp","href":"https:\/\/api.w.org\/{rel}","templated":true}]}}