{"id":556759,"date":"2025-11-25T03:31:15","date_gmt":"2025-11-25T03:31:15","guid":{"rendered":"https:\/\/www.europesays.com\/fr\/556759\/"},"modified":"2025-11-25T03:31:15","modified_gmt":"2025-11-25T03:31:15","slug":"jenifer-son-plus-gros-tube-revient-a-la-mode-grace-a-un-celebre-footballeur","status":"publish","type":"post","link":"https:\/\/www.europesays.com\/fr\/556759\/","title":{"rendered":"Jenifer\u00a0: son plus gros tube revient \u00e0 la mode gr\u00e2ce \u00e0 un c\u00e9l\u00e8bre footballeur"},"content":{"rendered":"<p>Le 15\u00a0novembre dernier, Jenifer a souffl\u00e9 ses <strong>43 bougies<\/strong>. Un anniversaire qu&rsquo;elle n&rsquo;est pas pr\u00eate d&rsquo;oublier. Et pour cause, ce soir-l\u00e0, ce n&rsquo;est pas avec ses proches que <a href=\"https:\/\/www.public.fr\/ma-pire-interview-jenifer-pointee-du-doigt-par-un-tres-celebre-animateur-tele\" target=\"_blank\" rel=\"noopener\">la gagnante de la \u00ab\u00a0Star Academy\u00a0\u00bb<\/a> a c\u00e9l\u00e9br\u00e9 ce grand jour mais <strong>en compagnie de milliers de fans corses<\/strong> venus l&rsquo;applaudir au Th\u00e9\u00e2tre L&rsquo;Empire \u00e0 Ajaccio dans le cadre de sa tourn\u00e9e Jukebox Tour. Une tourn\u00e9e pas comme les autres puisqu&rsquo;\u00e0 chaque repr\u00e9sentation, les spectateurs ont <strong>l&rsquo;opportunit\u00e9 de choisir<\/strong> quels titres ils souhaitent entendre.<\/p>\n<p>Toutefois, toutes les bonnes choses ont une fin puisque <a href=\"https:\/\/www.public.fr\/je-nai-pas-assez-de-mots-jenifer-fait-une-annonce-dune-importance-certaine-pour-la-suite-de-sa-carriere\" target=\"_blank\" rel=\"noopener\">l&rsquo;ancienne coach de \u00ab\u00a0The Voice\u00a0\u00bb<\/a> <strong>ach\u00e8ve d\u00e9j\u00e0 la deuxi\u00e8me partie de sa tourn\u00e9e<\/strong>. Il ne lui reste <strong>plus que dix dates \u00e0 l&rsquo;affiche<\/strong>. Ainsi, ses fans pourront la retrouver le 26\u00a0novembre prochain \u00e0 Arras puis \u00e0 Bruxelles, Nesle, Yerres, Woincourt, Marche-en-Famenne, Versailles, M\u00e9rignac, Rouillac puis, pour conclure, Salle Pleyel \u00e0 Paris. Ce sera le 14\u00a0d\u00e9cembre prochain.<\/p>\n<p>Sans doute qu&rsquo;\u00e0 l&rsquo;issue de ce gigantesque tour de chant d\u00e9couvrirons-nous quelles sont <strong>les chansons qui ont \u00e9t\u00e9 les plus demand\u00e9es<\/strong> par le public\u00a0? Et vous, <strong>vous auriez choisi laquelle\u00a0? <\/strong>Ma R\u00e9volution\u00a0? Donne-moi le temps\u00a0? J&rsquo;attends l&rsquo;amour\u00a0? Des mots qui r\u00e9sonnent ou bien Au soleil\u00a0? Nul doute que le <strong><a href=\"https:\/\/www.public.fr\/elle-me-rappelle-jenifer-a-ses-debuts-nikos-aliagas-pourquoi-il-est-si-fan-de-lenie\" target=\"_blank\" rel=\"noopener\">premier tube<\/a> de Jenifer<\/strong> sorti en 2002 a d\u00fb \u00eatre ultra-pl\u00e9biscit\u00e9. En tout cas, ce c\u00e9l\u00e8bre footballeur international semble l&rsquo;avoir toujours en t\u00eate\u2026<\/p>\n<p>Sergio Ramos profite du soleil \u00e0 Paris, son clin d\u2019\u0153il \u00e0 Jenifer<\/p>\n<p>La semaine derni\u00e8re, <a href=\"https:\/\/www.public.fr\/diaporamas\/sergio-ramos-au-psg-decouvrez-pilar-rubio-la-bombe-qui-partage-la-vie-du-defenseur-espagnol\" target=\"_blank\" rel=\"noopener\">le d\u00e9fenseur espagnol<\/a> a post\u00e9 une vid\u00e9o de lui arpentant les rues de Paris, b\u00e9ret sur la t\u00eate. \u00ab\u00a0<strong>Sunny day while in Paris<\/strong>\u00ab\u00a0, a-t-il alors \u00e9crit en l\u00e9gende\u00a0; autrement dit \u00ab\u00a0Journ\u00e9e ensoleill\u00e9e \u00e0 Paris\u00a0\u00bb. Si <a href=\"https:\/\/www.public.fr\/victoria-et-david-beckham-auraient-ete-payes-pour-assister-au-mariage-de-sergio-ramos\" target=\"_blank\" rel=\"noopener\">la star du FC Monterrey au Mexique<\/a> aurait pu choisir une multitude de chansons contenant le mot \u00ab\u00a0soleil\u00a0\u00bb en fran\u00e7ais, en espagnol ou en anglais, <strong>Sergio Ramos a pr\u00e9f\u00e9r\u00e9 mettre \u00e0 l&rsquo;honneur Jenifer <\/strong>et son tube entra\u00eenant.<\/p>\n<p>A-t-il simplement tap\u00e9 \u00ab\u00a0soleil\u00a0\u00bb dans son moteur de recherche et est tomb\u00e9 par hasard sur cette chanson ou est-il tout simplement fan de <a href=\"https:\/\/www.google.com\/url?sa=t&amp;source=web&amp;rct=j&amp;opi=89978449&amp;url=https:\/\/vsd.fr\/86077-je-ne-veux-plus-jamais-jenifer-sa-decision-radicale\/&amp;ved=2ahUKEwjD5qKNoIuRAxXHUqQEHYtwDWsQFnoECBcQAQ&amp;usg=AOvVaw3ZShodSL1F97stTxUXyIzw\" target=\"_blank\" rel=\"noopener\">l&rsquo;ancienne acad\u00e9micienne\u00a0<\/a>? Pour rappel, <strong>Sergio Ramos conna\u00eet bien la France<\/strong> et notamment la capitale puisqu&rsquo;il a jou\u00e9 <strong>au Paris-Saint-Germain<\/strong> pendant deux saisons, de 2021 \u00e0 2023. <\/p>\n<p>\n          Hits &amp; People en continu\n        <\/p>\n<p>\n          Public Radio\n        <\/p>\n<p>      Mentionn\u00e9s dans cet article<\/p>\n<p>      Sur le m\u00eame sujet<\/p>\n","protected":false},"excerpt":{"rendered":"Le 15\u00a0novembre dernier, Jenifer a souffl\u00e9 ses 43 bougies. Un anniversaire qu&rsquo;elle n&rsquo;est pas pr\u00eate d&rsquo;oublier. Et pour&hellip;\n","protected":false},"author":2,"featured_media":556760,"comment_status":"","ping_status":"","sticky":false,"template":"","format":"standard","meta":{"footnotes":""},"categories":[1355],"tags":[1695,5551,1696,58,59,63,33641,1011,27,3284,1361,873,67432,4904],"class_list":{"0":"post-556759","1":"post","2":"type-post","3":"status-publish","4":"format-standard","5":"has-post-thumbnail","7":"category-musique","8":"tag-chanson","9":"tag-chanson-francaise","10":"tag-chanteur","11":"tag-divertissement","12":"tag-entertainment","13":"tag-football","14":"tag-footballeur","15":"tag-fr","16":"tag-france","17":"tag-jenifer","18":"tag-music","19":"tag-musique","20":"tag-sergio-ramos","21":"tag-soleil"},"share_on_mastodon":{"url":"https:\/\/pubeurope.com\/@fr\/115608229310125430","error":""},"_links":{"self":[{"href":"https:\/\/www.europesays.com\/fr\/wp-json\/wp\/v2\/posts\/556759","targetHints":{"allow":["GET"]}}],"collection":[{"href":"https:\/\/www.europesays.com\/fr\/wp-json\/wp\/v2\/posts"}],"about":[{"href":"https:\/\/www.europesays.com\/fr\/wp-json\/wp\/v2\/types\/post"}],"author":[{"embeddable":true,"href":"https:\/\/www.europesays.com\/fr\/wp-json\/wp\/v2\/users\/2"}],"replies":[{"embeddable":true,"href":"https:\/\/www.europesays.com\/fr\/wp-json\/wp\/v2\/comments?post=556759"}],"version-history":[{"count":0,"href":"https:\/\/www.europesays.com\/fr\/wp-json\/wp\/v2\/posts\/556759\/revisions"}],"wp:featuredmedia":[{"embeddable":true,"href":"https:\/\/www.europesays.com\/fr\/wp-json\/wp\/v2\/media\/556760"}],"wp:attachment":[{"href":"https:\/\/www.europesays.com\/fr\/wp-json\/wp\/v2\/media?parent=556759"}],"wp:term":[{"taxonomy":"category","embeddable":true,"href":"https:\/\/www.europesays.com\/fr\/wp-json\/wp\/v2\/categories?post=556759"},{"taxonomy":"post_tag","embeddable":true,"href":"https:\/\/www.europesays.com\/fr\/wp-json\/wp\/v2\/tags?post=556759"}],"curies":[{"name":"wp","href":"https:\/\/api.w.org\/{rel}","templated":true}]}}