{"id":556761,"date":"2025-11-25T03:32:39","date_gmt":"2025-11-25T03:32:39","guid":{"rendered":"https:\/\/www.europesays.com\/fr\/556761\/"},"modified":"2025-11-25T03:32:39","modified_gmt":"2025-11-25T03:32:39","slug":"james-cameron-donne-son-avis-sur-la-serie-disney-qui-a-tant-divise","status":"publish","type":"post","link":"https:\/\/www.europesays.com\/fr\/556761\/","title":{"rendered":"James Cameron donne son avis sur la s\u00e9rie Disney qui a tant divis\u00e9"},"content":{"rendered":"<p><strong>La franchise <a href=\"https:\/\/www.ecranlarge.com\/c\/alien\" data-type=\"link\" data-id=\"https:\/\/www.ecranlarge.com\/c\/alien\" target=\"_blank\" rel=\"noopener\">Alien<\/a> a beau multiplier les tentatives de r\u00e9surrection, tous les miracles ne se produisent pas au m\u00eame niveau. <a href=\"https:\/\/www.ecranlarge.com\/personnalite\/652848-james-cameron-i\" data-type=\"people\" data-id=\"304972\" target=\"_blank\" rel=\"noopener\">James Cameron<\/a> en personne est pass\u00e9 au confessionnal pour donner son avis sur la s\u00e9rie <a href=\"https:\/\/www.ecranlarge.com\/series\/alien-earth\" data-type=\"series\" data-id=\"1199341\" target=\"_blank\" rel=\"noopener\">Alien Earth<\/a>. <\/strong><\/p>\n<p>Apr\u00e8s le coup de fouet donn\u00e9 au cin\u00e9ma par <a href=\"https:\/\/www.ecranlarge.com\/films\/1470125-untitled-alien-project\" data-type=\"films\" data-id=\"795669\" target=\"_blank\" rel=\"noopener\"><strong>Alien Romulus<\/strong><\/a>, on se prenait \u00e0 r\u00eaver d\u2019un vrai retour en gr\u00e2ce de la franchise avec <strong>Alien Earth<\/strong>. Sur le papier, c\u2019\u00e9tait m\u00eame un fantasme humide de fan : les x\u00e9nomorphes d\u00e9barquant sur Terre pour un carnage XXL, d\u2019autres bestioles tout aussi mortelles venant festoyer sur les cadavres encore ti\u00e8des, et des humains r\u00e9duits \u00e0 du carpaccio dramatique, \u00e9paul\u00e9s par des andro\u00efdes exp\u00e9rimentaux dot\u00e9s d\u2019\u00e2mes d\u2019enfants. Oui, <strong>c\u2019\u00e9tait du kamoulox pur jus, mais dr\u00f4lement prometteur.<\/strong><\/p>\n<p>                    <img decoding=\"async\" alt=\"\" class=\"wp-image-518375\" style=\"object-fit:cover;width:25px;height:25px\" src=\"https:\/\/www.ecranlarge.com\/content\/uploads\/2023\/09\/arrow-right-circle.svg\"\/><\/p>\n<p>Sauf que le r\u00e9sultat final s\u2019est av\u00e9r\u00e9 aussi ti\u00e8de et fade. <a href=\"https:\/\/www.ecranlarge.com\/series\/dossier\/alien-earth-serie-desastre-explications-raisons\" data-type=\"link\" data-id=\"https:\/\/www.ecranlarge.com\/series\/dossier\/alien-earth-serie-desastre-explications-raisons\" target=\"_blank\" rel=\"noopener\"><strong>Alien Earth <\/strong>a \u00e9t\u00e9 une vraie d\u00e9ception<\/a>, aggrav\u00e9e par les aveux publics de <a href=\"https:\/\/www.ecranlarge.com\/series\/news\/alien-earth-createur-avoue-galere-serie-episodes\" data-type=\"link\" data-id=\"https:\/\/www.ecranlarge.com\/series\/news\/alien-earth-createur-avoue-galere-serie-episodes\" target=\"_blank\" rel=\"noopener\">Noah Hawley lui-m\u00eame, expliquant sans d\u00e9tour avoir pein\u00e9 \u00e0 \u00e9crire et r\u00e9aliser la s\u00e9rie<\/a>. Malgr\u00e9 tout, <a href=\"https:\/\/www.ecranlarge.com\/series\/news\/alien-earth-saison-2-confirmation-officielle-disney\" data-type=\"link\" data-id=\"https:\/\/www.ecranlarge.com\/series\/news\/alien-earth-saison-2-confirmation-officielle-disney\" target=\"_blank\" rel=\"noopener\"><strong>Alien Earth <\/strong>a d\u00e9croch\u00e9 un renouvellement pour une saison 2<\/a>. Et voil\u00e0 que James Cameron, papa du mythique <strong>Aliens, le Retour<\/strong>, a d\u00e9cid\u00e9 de donner son avis \u00e0 propos de la s\u00e9rie Disney.<\/p>\n<p>Pour James Cameron, Alien Earth, c\u2019est Ok, c\u2019est bath, c\u2019est in <\/p>\n<p>Dans un entretien avec Empire Magazine pour son num\u00e9ro de janvier 2026, James Cameron a \u00e9t\u00e9 interrog\u00e9 sur ce qu\u2019il pensait de <strong>Alien Earth<\/strong>. Le r\u00e9alisateur n\u2019a pas esquiv\u00e9 la question et son verdict a \u00e9t\u00e9 \u00e9tonnamment aimable.<\/p>\n<blockquote class=\"wp-block-quote is-layout-flow wp-block-quote-is-layout-flow\">\n<p><strong>\u00ab J\u2019aime bien. Je pense qu\u2019ils ont repris beaucoup d\u2019\u00e9l\u00e9ments de l\u2019ADN de mon film, de celui de Ridley. Et quelques trucs de certains des films plus tardifs \u2013 il y a un peu de ce fameux plan subjectif qui fonce dans les couloirs, tout droit sorti du film de [David] Fincher. Je trouve \u00e7a bien. C\u2019est une belle recombinaison cr\u00e9ative en action, mais avec sa propre d\u00e9rive, ce qui est exactement ce que j\u2019ai fait. Il faut c\u00e9l\u00e9brer le nouveau avec l\u2019ancien. \u00bb<\/strong><\/p>\n<\/blockquote>\n<p><a href=\"https:\/\/www.ecranlarge.com\/content\/uploads\/2025\/11\/image-w1280_jpg.jpg\" target=\"_blank\" rel=\"noopener\"><\/p>\n<p><img loading=\"lazy\" decoding=\"async\" alt=\"\" src=\"https:\/\/www.europesays.com\/fr\/wp-content\/uploads\/2025\/11\/image-w1280_jpg-1260x709.jpg\" width=\"1260\" height=\"709\"  \/><\/p>\n<p><\/a>Toujours l\u2019une des meilleuers s\u00e9quences de la saga<\/p>\n<p>La d\u00e9claration a de quoi surprendre. L\u00e0 o\u00f9 une bonne partie de la critique (dont nous) a point\u00e9 un chaos cr\u00e9atif, un manque de souffle et une mythologie bricol\u00e9e \u00e0 la truelle, Cameron voit un cocktail digne d\u2019int\u00e9r\u00eat. Peut-\u00eatre parce que, contrairement \u00e0 nous, le ma\u00eetre n\u2019attendait pas de coh\u00e9rence th\u00e9matique ou d\u2019audace formelle, mais une mutation g\u00e9n\u00e9tique de la franchise, m\u00eame un peu bancale. <\/p>\n<p><strong>Quoi qu\u2019il en soit, il faut reconna\u00eetre que le compliment est g\u00e9n\u00e9reux, presque paternel.<\/strong> Un peu comme si l\u2019on f\u00e9licitait un enfant d\u2019avoir refait la Joconde en p\u00e2te \u00e0 modeler. Ou alors, il reste tr\u00e8s poli pour ne pas f\u00e2cher les grands pontes de Disney. <\/p>\n<p>                    <img decoding=\"async\" alt=\"\" class=\"wp-image-518375\" style=\"object-fit:cover;width:25px;height:25px\" src=\"https:\/\/www.ecranlarge.com\/content\/uploads\/2023\/09\/arrow-right-circle.svg\"\/><\/p>\n<p>Pendant que <strong>Alien Earth<\/strong> pr\u00e9pare sa saison 2 sous l\u2019\u0153il amus\u00e9 de Cameron, la saga continue de s\u2019\u00e9tendre au cin\u00e9ma. <a href=\"https:\/\/www.ecranlarge.com\/films\/news\/alien-romulus-2-realisateur-rumeur-suite\" data-type=\"link\" data-id=\"https:\/\/www.ecranlarge.com\/films\/news\/alien-romulus-2-realisateur-rumeur-suite\" target=\"_blank\" rel=\"noopener\">Une suite \u00e0 <strong>Alien Romulus <\/strong>est d\u00e9j\u00e0 en production, mais sans Fede Alvarez<\/a>, histoire de pousser plus loin encore cette renaissance surprise. On rappellera aussi que des ponts ont \u00e9t\u00e9 construits entre les franchises <strong>Alien <\/strong>et <strong>Predator<\/strong> dans<strong> Predator: Badlands<\/strong>, et on attend d\u00e9sormais l\u2019annonce d\u2019un v\u00e9ritable combat de monstres. Quant \u00e0 James Cameron, il reviendra en force avec <strong>Avatar 3 : De cendres et de feu<\/strong>, d\u00e8s le 17 d\u00e9cembre 2025.<\/p>\n","protected":false},"excerpt":{"rendered":"La franchise Alien a beau multiplier les tentatives de r\u00e9surrection, tous les miracles ne se produisent pas au&hellip;\n","protected":false},"author":2,"featured_media":556762,"comment_status":"","ping_status":"","sticky":false,"template":"","format":"standard","meta":{"footnotes":""},"categories":[1354],"tags":[58,59,1346,1011,27,1360],"class_list":{"0":"post-556761","1":"post","2":"type-post","3":"status-publish","4":"format-standard","5":"has-post-thumbnail","7":"category-films","8":"tag-divertissement","9":"tag-entertainment","10":"tag-films","11":"tag-fr","12":"tag-france","13":"tag-movies"},"share_on_mastodon":{"url":"https:\/\/pubeurope.com\/@fr\/115608234089096666","error":""},"_links":{"self":[{"href":"https:\/\/www.europesays.com\/fr\/wp-json\/wp\/v2\/posts\/556761","targetHints":{"allow":["GET"]}}],"collection":[{"href":"https:\/\/www.europesays.com\/fr\/wp-json\/wp\/v2\/posts"}],"about":[{"href":"https:\/\/www.europesays.com\/fr\/wp-json\/wp\/v2\/types\/post"}],"author":[{"embeddable":true,"href":"https:\/\/www.europesays.com\/fr\/wp-json\/wp\/v2\/users\/2"}],"replies":[{"embeddable":true,"href":"https:\/\/www.europesays.com\/fr\/wp-json\/wp\/v2\/comments?post=556761"}],"version-history":[{"count":0,"href":"https:\/\/www.europesays.com\/fr\/wp-json\/wp\/v2\/posts\/556761\/revisions"}],"wp:featuredmedia":[{"embeddable":true,"href":"https:\/\/www.europesays.com\/fr\/wp-json\/wp\/v2\/media\/556762"}],"wp:attachment":[{"href":"https:\/\/www.europesays.com\/fr\/wp-json\/wp\/v2\/media?parent=556761"}],"wp:term":[{"taxonomy":"category","embeddable":true,"href":"https:\/\/www.europesays.com\/fr\/wp-json\/wp\/v2\/categories?post=556761"},{"taxonomy":"post_tag","embeddable":true,"href":"https:\/\/www.europesays.com\/fr\/wp-json\/wp\/v2\/tags?post=556761"}],"curies":[{"name":"wp","href":"https:\/\/api.w.org\/{rel}","templated":true}]}}