{"id":556772,"date":"2025-11-25T03:38:13","date_gmt":"2025-11-25T03:38:13","guid":{"rendered":"https:\/\/www.europesays.com\/fr\/556772\/"},"modified":"2025-11-25T03:38:13","modified_gmt":"2025-11-25T03:38:13","slug":"en-italie-cette-famille-avec-trois-enfants-vivant-dans-les-bois-divise-le-pays","status":"publish","type":"post","link":"https:\/\/www.europesays.com\/fr\/556772\/","title":{"rendered":"En Italie, cette famille avec trois enfants vivant dans les bois divise le pays"},"content":{"rendered":"<p>        <img decoding=\"async\" loading=\"lazy\" src=\"https:\/\/www.europesays.com\/fr\/wp-content\/uploads\/2025\/11\/f681394_upload-1-7ym5rprefs7d-afp-20251124-86247zx-v1-highres-italysocialjusticechildrenpolitics.jpg\"  width=\"728\" height=\"410\" alt=\"La maison de Nathan Trevallion et Catherine Birmingham, un couple vivant dans une petite maison dans les bois avec leurs trois enfants dans la r\u00e9gion des Abruzzes, en Italie, le 21\u00a0novembre 2025.\"\/>  <\/p>\n<p>ANTONELLA SALVATORE \/ AFP<\/p>\n<p>La maison de Nathan Trevallion et Catherine Birmingham, un couple vivant dans une petite maison dans les bois avec leurs trois enfants dans la r\u00e9gion des Abruzzes, en Italie, le 21\u00a0novembre 2025.<\/p>\n<p class=\"asset asset-text\">Cette famille fait la Une de l\u2019actualit\u00e9 en Italie ces derniers jours. Un couple vivant dans une petite maison dans les bois, Nathan Trevallion, un Britannique de 51\u00a0ans, et Catherine Birmingham, une Australienne de 45\u00a0ans, vient de se faire retirer la garde de leurs trois enfants, \u00e2g\u00e9s de 6\u00a0\u00e0 8\u00a0ans. Cette affaire participe aux tensions politiques dans le contexte d\u2019un d\u00e9bat plus large sur de suppos\u00e9s exc\u00e8s de l\u2019institution judiciaire italienne.<\/p>\n<p class=\"asset asset-text\">La Premi\u00e8re ministre Giorgia Meloni, dirigeante d\u2019un gouvernement d\u2019extr\u00eame droite <a href=\"https:\/\/www.huffingtonpost.fr\/international\/article\/droits-lgbt-giorgia-meloni-accelere-sa-croisade-contre-les-familles-homoparentales-en-italie_219668.html\" target=\"_blank\" rel=\"noopener\">qui d\u00e9fend les valeurs familiales<\/a>, serait pr\u00e9occup\u00e9e par le traitement r\u00e9serv\u00e9 \u00e0 cette famille anglo-australienne vivant en autonomie depuis 2021 pr\u00e8s de Chieti, dans les collines des Abruzzes \u00e0 200 kilom\u00e8tres \u00e0 l\u2019est de Rome.<\/p>\n<p class=\"asset asset-text\">Jeudi, le tribunal pour mineurs de l\u2019Aquila, \u00e0 proximit\u00e9, a suspendu l\u2019autorit\u00e9 parentale du couple et ordonn\u00e9 le transfert dans un foyer des enfants avec leur m\u00e8re. \u00ab\u00a0S\u00e9parer ses enfants de leurs parents est la plus grande douleur qui soit\u2026 C\u2019est une injustice\u00a0\u00bb, <a href=\"https:\/\/www.reuters.com\/world\/british-father-denounces-italian-courts-removal-offgrid-children-2025-11-21\/\" target=\"_blank\" rel=\"noopener\" title=\"Nouvelle fen\u00eatre\">a d\u00e9plor\u00e9 le p\u00e8re dans un journal local<\/a>, <a href=\"https:\/\/www.leparisien.fr\/faits-divers\/une-injustice-une-famille-vivant-en-autarcie-dans-une-foret-italienne-se-voit-retirer-la-garde-de-ses-trois-enfants-24-11-2025-IFFZRFJPSRF6LDGV6F5DQ3R3QQ.php\" target=\"_blank\" rel=\"noopener\" title=\"Nouvelle fen\u00eatre\">comme le rapporte Le Parisien ce lundi 24\u00a0novembre<\/a>.<\/p>\n<p class=\"asset asset-text\">Le tribunal a invoqu\u00e9 les mauvaises conditions sanitaires de la maison o\u00f9 vivent les enfants et l\u2019enseignement \u00e0 domicile non autoris\u00e9 de la fille de huit ans et des jumeaux de six ans du couple.<\/p>\n<p> La lecture de ce contenu est susceptible d\u2019entra\u00eener un d\u00e9p\u00f4t de cookies de la part de l\u2019op\u00e9rateur tiers qui l\u2019h\u00e9berge. Compte-tenu des choix que vous avez exprim\u00e9s en mati\u00e8re de d\u00e9p\u00f4t de cookies, nous avons bloqu\u00e9 l\u2019affichage de ce contenu. Si vous souhaitez y acc\u00e9der, vous devez accepter la cat\u00e9gorie de cookies \u201cContenus tiers\u201d en cliquant sur le bouton ci-dessous. <\/p>\n<p> Lire la Vid\u00e9o        <\/p>\n<p class=\"asset asset-text\">Cette d\u00e9cision a suscit\u00e9 une vague de menaces en ligne contre le juge, tandis qu\u2019une p\u00e9tition pour \u00ab\u00a0sauver la famille qui vit dans les bois\u00a0\u00bb avait recueilli plus de 135\u00a0000 signatures ce lundi.<\/p>\n<p class=\"asset asset-text\">Le vice-premier ministre italien et chef de la Ligue (extr\u00eame droite) Matteo Salvini, a d\u00e9nonc\u00e9 les d\u00e9cisions du juge comme \u00ab\u00a0indignes, inqui\u00e9tantes, dangereuses et honteuses\u00a0\u00bb, allant jusqu\u2019\u00e0 qualifier la proc\u00e9dure judiciaire d\u2019\u00ab\u00a0enl\u00e8vement\u00a0\u00bb de mineurs. \u00ab\u00a0Que les juges et travailleurs sociaux des Abruzzes ne nous cassent pas les pieds\u00a0\u00bb, a-t-il d\u00e9clar\u00e9, soulignant la n\u00e9cessit\u00e9 d\u2019une r\u00e9forme judiciaire.<\/p>\n<p>    Mode de vie \u00ab\u00a0sans stress\u00a0\u00bb    <\/p>\n<p class=\"asset asset-text\">D\u00e9fendant un mode de vie \u00ab\u00a0sans stress\u00a0\u00bb et en harmonie avec la nature, l\u2019Australienne Catherine Birmingham et le Britannique Nathan Trevallion ont d\u00e9clar\u00e9 ce mois-ci \u00e0 la t\u00e9l\u00e9vision nationale Rai que leurs enfants \u00ab\u00a0grandissaient mieux\u00a0\u00bb dans les bois.<\/p>\n<p class=\"asset asset-text\">Au cours d\u2019une visite, ils ont montr\u00e9 un po\u00eale \u00e0 bois dans une cuisine, des lits d\u2019enfants color\u00e9s couverts de peluches et des lumi\u00e8res de No\u00ebl dispers\u00e9es dans la maison.<\/p>\n<p class=\"asset asset-text\">Des panneaux solaires fournissent l\u2019\u00e9lectricit\u00e9 tandis que les toilettes s\u00e8ches sont situ\u00e9es dans une cabane \u00e0 l\u2019ext\u00e9rieur. Un \u00e2ne, un cheval, des chiens, des chats, des poules et des canards errent dans une clairi\u00e8re parmi les arbres.<\/p>\n<p class=\"asset asset-text\">\u00ab\u00a0Nous n\u2019avons rien fait de mal en voulant retourner \u00e0 la nature\u00a0\u00bb, s\u2019est d\u00e9fendue Catherine Birmingham \u00e0 la Rai dans un italien h\u00e9sitant.<\/p>\n<p> La lecture de ce contenu est susceptible d\u2019entra\u00eener un d\u00e9p\u00f4t de cookies de la part de l\u2019op\u00e9rateur tiers qui l\u2019h\u00e9berge. Compte-tenu des choix que vous avez exprim\u00e9s en mati\u00e8re de d\u00e9p\u00f4t de cookies, nous avons bloqu\u00e9 l\u2019affichage de ce contenu. Si vous souhaitez y acc\u00e9der, vous devez accepter la cat\u00e9gorie de cookies \u201cContenus tiers\u201d en cliquant sur le bouton ci-dessous. <\/p>\n<p> Lire la Vid\u00e9o        <\/p>\n<p class=\"asset asset-text\">Mais selon les m\u00e9dias locaux, les enfants ne sont pas vaccin\u00e9s et ne vont pas \u00e0 l\u2019\u00e9cole.<\/p>\n<p class=\"asset asset-text\">Des travailleurs sociaux ont \u00e9t\u00e9 appel\u00e9s l\u2019ann\u00e9e derni\u00e8re apr\u00e8s qu\u2019un des enfants du couple a \u00e9t\u00e9 hospitalis\u00e9 pour avoir ing\u00e9r\u00e9 des champignons toxiques, selon les m\u00e9dias.<\/p>\n<p>    R\u00e9forme de la justice    <\/p>\n<p class=\"asset asset-text\">Le minist\u00e8re de l\u2019Instruction et du M\u00e9rite a cependant pr\u00e9cis\u00e9 ce lundi que l\u2019obligation d\u2019instruction \u00e9tait respect\u00e9e \u00e0 la maison, en lien avec un \u00e9tablissement local.<\/p>\n<p class=\"asset asset-text\">L\u2019affaire survient dans un contexte de d\u00e9bat en Italie sur le pouvoir des juges, alors que la r\u00e9forme phare de Giorgia Meloni sur la justice &#8211; qui pr\u00e9voit une s\u00e9paration des carri\u00e8res des juges et des procureurs &#8211; doit \u00eatre soumise \u00e0 r\u00e9f\u00e9rendum d\u00e9but 2026.<\/p>\n<p class=\"asset asset-text\">Les juges ont d\u00e9nonc\u00e9 les interf\u00e9rences du gouvernement dans cette r\u00e9forme, affirmant qu\u2019elle limiterait leur ind\u00e9pendance, tandis que le gouvernement accuse la magistrature de partialit\u00e9 politique.<\/p>\n<p class=\"asset asset-text\">Les associations de magistrats ont d\u00e9fendu la d\u00e9cision du tribunal de l\u2019Aquila. \u00ab\u00a0Nous rejetons toute forme de r\u00e9cup\u00e9ration par certaines factions politiques et par les m\u00e9dias, qui ne tiennent pas compte de la complexit\u00e9 et de la sensibilit\u00e9 des droits en question\u00a0\u00bb, a d\u00e9clar\u00e9 l\u2019Association italienne des magistrats pour mineurs.<\/p>\n<p class=\"asset asset-text\">Dans un communiqu\u00e9 de presse, elle a not\u00e9 que la d\u00e9cision du tribunal \u00e9tait intervenue apr\u00e8s une p\u00e9riode d\u2019observation d\u2019un an \u00ab\u00a0au cours de laquelle les ordres du tribunal ont \u00e9t\u00e9 syst\u00e9matiquement ignor\u00e9s par les parents\u00a0\u00bb.<\/p>\n","protected":false},"excerpt":{"rendered":"ANTONELLA SALVATORE \/ AFP La maison de Nathan Trevallion et Catherine Birmingham, un couple vivant dans une petite&hellip;\n","protected":false},"author":2,"featured_media":556773,"comment_status":"","ping_status":"","sticky":false,"template":"","format":"standard","meta":{"footnotes":""},"categories":[5],"tags":[11,1011,27,14,12,28],"class_list":{"0":"post-556772","1":"post","2":"type-post","3":"status-publish","4":"format-standard","5":"has-post-thumbnail","7":"category-international","8":"tag-actualites","9":"tag-fr","10":"tag-france","11":"tag-international","12":"tag-news","13":"tag-world"},"share_on_mastodon":{"url":"https:\/\/pubeurope.com\/@fr\/115608256786420311","error":""},"_links":{"self":[{"href":"https:\/\/www.europesays.com\/fr\/wp-json\/wp\/v2\/posts\/556772","targetHints":{"allow":["GET"]}}],"collection":[{"href":"https:\/\/www.europesays.com\/fr\/wp-json\/wp\/v2\/posts"}],"about":[{"href":"https:\/\/www.europesays.com\/fr\/wp-json\/wp\/v2\/types\/post"}],"author":[{"embeddable":true,"href":"https:\/\/www.europesays.com\/fr\/wp-json\/wp\/v2\/users\/2"}],"replies":[{"embeddable":true,"href":"https:\/\/www.europesays.com\/fr\/wp-json\/wp\/v2\/comments?post=556772"}],"version-history":[{"count":0,"href":"https:\/\/www.europesays.com\/fr\/wp-json\/wp\/v2\/posts\/556772\/revisions"}],"wp:featuredmedia":[{"embeddable":true,"href":"https:\/\/www.europesays.com\/fr\/wp-json\/wp\/v2\/media\/556773"}],"wp:attachment":[{"href":"https:\/\/www.europesays.com\/fr\/wp-json\/wp\/v2\/media?parent=556772"}],"wp:term":[{"taxonomy":"category","embeddable":true,"href":"https:\/\/www.europesays.com\/fr\/wp-json\/wp\/v2\/categories?post=556772"},{"taxonomy":"post_tag","embeddable":true,"href":"https:\/\/www.europesays.com\/fr\/wp-json\/wp\/v2\/tags?post=556772"}],"curies":[{"name":"wp","href":"https:\/\/api.w.org\/{rel}","templated":true}]}}