{"id":556774,"date":"2025-11-25T03:39:10","date_gmt":"2025-11-25T03:39:10","guid":{"rendered":"https:\/\/www.europesays.com\/fr\/556774\/"},"modified":"2025-11-25T03:39:10","modified_gmt":"2025-11-25T03:39:10","slug":"le-narcotrafiquant-en-permission-est-revenu-a-la-prison-de-vendin-le-vieil","status":"publish","type":"post","link":"https:\/\/www.europesays.com\/fr\/556774\/","title":{"rendered":"Le narcotrafiquant en permission est revenu \u00e0 la prison de Vendin-le-Vieil"},"content":{"rendered":"<p>C\u2019est un aller tr\u00e8s pol\u00e9mique qui aura bien eu un retour. Un narcotrafiquant d\u00e9tenu dans le quartier de lutte contre la criminalit\u00e9 organis\u00e9e (QLCO) de Vendin-le-Vieil, <a href=\"https:\/\/www.20minutes.fr\/faits_divers\/4187327-20251123-controverse-permission-sortie-prison-dangereux-narcotrafiquant\" target=\"_blank\" class=\"c-link c-link--is-underlined\" rel=\"noopener\">qui avait obtenu une permission de sortir<\/a>, est rentr\u00e9 lundi soir au sein de la prison.<\/p>\n<p>Ce d\u00e9tenu de cette prison du Pas-de-Calais \u00ab\u00a0est bien rentr\u00e9, il a pass\u00e9 le greffe et a \u00e9t\u00e9 remis\u00e9 en cellule\u00a0\u00bb, a assur\u00e9 le minist\u00e8re la Justice, qui \u00ab\u00a0n\u2019a pas eu d\u2019informations allant dans le sens\u00a0\u00bb d\u2019incidents quelconques. \u00ab\u00a0Il a respect\u00e9 les indications horaires de sa permission de sortir\u00a0\u00bb, qui prenait fin \u00e0 21 heures, a ajout\u00e9 <a href=\"https:\/\/www.20minutes.fr\/justice\/4187356-20251123-gerald-darmanin-veut-revoir-regles-application-peines-narcotrafiquants\" target=\"_blank\" class=\"c-link c-link--is-underlined\" rel=\"noopener\">le minist\u00e8re dirig\u00e9 par G\u00e9rald Darmanin<\/a>.<\/p>\n<p>L\u2019entourage de Nu\u00f1ez avait tent\u00e9 de rassurer<\/p>\n<p>Il avait <a href=\"https:\/\/www.20minutes.fr\/societe\/4187460-20251124-narcos-emprisonne-vendin-vieil-parti-permission\" target=\"_blank\" class=\"c-link c-link--is-underlined\" rel=\"noopener\">quitt\u00e9 l\u2019\u00e9tablissement p\u00e9nitentiaire vers 07h40 lundi matin<\/a>, avait constat\u00e9 l\u2019AFP, qui avait alors vu plusieurs v\u00e9hicules sortir au m\u00eame moment, dont une voiture banalis\u00e9e ainsi qu\u2019un van SNCF. Une sortie dans ce cadre se fait sans escorte, mais un \u00ab\u00a0dispositif\u00a0\u00bb \u00e9tait pr\u00e9vu toute la journ\u00e9e, avait assur\u00e9 dimanche l\u2019entourage du ministre de l\u2019Int\u00e9rieur Laurent Nu\u00f1ez.<\/p>\n<\/p>\n<p>\u00ab\u00a0Il n\u2019est pas surveill\u00e9, il n\u2019est pas escort\u00e9. Il y a quelqu\u2019un de son entourage qui est venu le chercher et [\u2026] conform\u00e9ment \u00e0 la d\u00e9cision judiciaire qui a \u00e9t\u00e9 rendue par le juge judiciaire, il va d\u2019un point A \u00e0 un point B pour pr\u00e9parer, muscler, renforcer sa r\u00e9insertion\u00a0\u00bb, a pour sa part affirm\u00e9 lundi matin son avocate Marie Violleau sur BFMTV. \u00ab\u00a0Le scandale, ce n\u2019est pas qu\u2019il ait obtenu une permission de sortir mais bien qu\u2019il ait \u00e9t\u00e9 affect\u00e9\u00a0\u00bb au QLCO de Vendin-le-Vieil, a-t-elle assur\u00e9 plus tard sur RTL, soulignant qu\u2019elle avait sans succ\u00e8s contest\u00e9 cette affectation en justice.<\/p>\n<p>Une cavale en\u00a02014<\/p>\n<p>Le d\u00e9tenu, lib\u00e9rable en\u00a02029, avait rendez-vous avec un potentiel employeur dans l\u2019agglom\u00e9ration lyonnaise. Sa permission de sortir avait \u00e9t\u00e9 accord\u00e9e par un juge d\u2019application des peines malgr\u00e9 un avis d\u00e9favorable du parquet de B\u00e9thune, et confirm\u00e9e par la chambre d\u2019application des peines de la cour d\u2019appel de Douai.<\/p>\n<p><a href=\"https:\/\/www.20minutes.fr\/dossier\/trafic_de_drogue\" target=\"_blank\" class=\"c-link c-btn c-btn--primary\" rel=\"noopener\">Notre dossier sur le Trafic de drogue<\/a><\/p>\n<p>Selon une source syndicale, il s\u2019agit de Ouaihid Ben Fa\u00efza, 52 ans, membre important d\u2019un vaste r\u00e9seau de trafic de drogue de Seine-Saint-Denis. En\u00a02014, alors qu\u2019il \u00e9tait incarc\u00e9r\u00e9 \u00e0 la prison de Villepinte depuis trois ans, il s\u2019\u00e9tait \u00e9vad\u00e9 avec l\u2019aide d\u2019un commando arm\u00e9 \u00e0 sa sortie d\u2019une consultation \u00e0 l\u2019h\u00f4pital. Sa cavale avait dur\u00e9 deux semaines.<\/p>\n","protected":false},"excerpt":{"rendered":"C\u2019est un aller tr\u00e8s pol\u00e9mique qui aura bien eu un retour. Un narcotrafiquant d\u00e9tenu dans le quartier de&hellip;\n","protected":false},"author":2,"featured_media":556775,"comment_status":"","ping_status":"","sticky":false,"template":"","format":"standard","meta":{"footnotes":""},"categories":[4],"tags":[47,11,118,1011,27,432,811,813,12,1309,23862,806,25,104,887,133],"class_list":{"0":"post-556774","1":"post","2":"type-post","3":"status-publish","4":"format-standard","5":"has-post-thumbnail","7":"category-france","8":"tag-actualite","9":"tag-actualites","10":"tag-faits-divers","11":"tag-fr","12":"tag-france","13":"tag-gerald-darmanin","14":"tag-hauts-de-france","15":"tag-narcotrafiquants","16":"tag-news","17":"tag-nord-pas-de-calais","18":"tag-pas-de-calais","19":"tag-prison","20":"tag-republique-francaise","21":"tag-societe","22":"tag-trafic-de-drogue","23":"tag-video"},"share_on_mastodon":{"url":"","error":""},"_links":{"self":[{"href":"https:\/\/www.europesays.com\/fr\/wp-json\/wp\/v2\/posts\/556774","targetHints":{"allow":["GET"]}}],"collection":[{"href":"https:\/\/www.europesays.com\/fr\/wp-json\/wp\/v2\/posts"}],"about":[{"href":"https:\/\/www.europesays.com\/fr\/wp-json\/wp\/v2\/types\/post"}],"author":[{"embeddable":true,"href":"https:\/\/www.europesays.com\/fr\/wp-json\/wp\/v2\/users\/2"}],"replies":[{"embeddable":true,"href":"https:\/\/www.europesays.com\/fr\/wp-json\/wp\/v2\/comments?post=556774"}],"version-history":[{"count":0,"href":"https:\/\/www.europesays.com\/fr\/wp-json\/wp\/v2\/posts\/556774\/revisions"}],"wp:featuredmedia":[{"embeddable":true,"href":"https:\/\/www.europesays.com\/fr\/wp-json\/wp\/v2\/media\/556775"}],"wp:attachment":[{"href":"https:\/\/www.europesays.com\/fr\/wp-json\/wp\/v2\/media?parent=556774"}],"wp:term":[{"taxonomy":"category","embeddable":true,"href":"https:\/\/www.europesays.com\/fr\/wp-json\/wp\/v2\/categories?post=556774"},{"taxonomy":"post_tag","embeddable":true,"href":"https:\/\/www.europesays.com\/fr\/wp-json\/wp\/v2\/tags?post=556774"}],"curies":[{"name":"wp","href":"https:\/\/api.w.org\/{rel}","templated":true}]}}