{"id":556778,"date":"2025-11-25T03:41:18","date_gmt":"2025-11-25T03:41:18","guid":{"rendered":"https:\/\/www.europesays.com\/fr\/556778\/"},"modified":"2025-11-25T03:41:18","modified_gmt":"2025-11-25T03:41:18","slug":"les-foulees-de-noel-a-la-talaudiere","status":"publish","type":"post","link":"https:\/\/www.europesays.com\/fr\/556778\/","title":{"rendered":"Les Foul\u00e9es de No\u00ebl \u00e0 La Talaudi\u00e8re"},"content":{"rendered":"<p>Rendez-vous samedi 20 d\u00e9cembre 2025 \u00e0 partir de 16h, \u00e0 la Talaudi\u00e8re.<\/p>\n<p>Plongez dans la magie des f\u00eates en participant \u00e0 la 1\u00e8re \u00e9dition des Foul\u00e9es de No\u00ebl by Cr\u00e9dit Mutuel \u00e0 La Talaudi\u00e8re ! Une course sur route de 10 km en cours de labellisation FFA, ouverte \u00e0 tous : coureurs confirm\u00e9s, passionn\u00e9s ou amateurs venus profiter de l&rsquo;ambiance.<\/p>\n<p>Au programme : <\/p>\n<p>&#8211; Un 10 km rapide et officiel, id\u00e9al pour exploser votre chrono,<br \/>&#8211; Des courses enfants d\u00e8s 4 ans,<br \/>&#8211; Une ambiance festive avec animations, musique, stands\u2026<br \/>\u2026 et pour finir en beaut\u00e9, une raclette g\u00e9ante pour tous les gourmands !<\/p>\n<p>Rendez-vous samedi 20 d\u00e9cembre 2025 \u00e0 partir de 16h, \u00e0 la Talaudi\u00e8re<\/p>\n<p>Infos pratiques :<br \/>&#8211; Adresse : place Gambetta, La Talaudi\u00e8re<br \/>&#8211; Horaires : r\u00e9cup\u00e9ration des dossards de 14h \u00e0 16h30 au p\u00f4le festif de La Talaudi\u00e8re<\/p>\n<p>Plus d&rsquo;infos et inscription sur le site <a class=\"url\" href=\"https:\/\/lesfouleesdenoel.fr\/\" target=\"_blank\" rel=\"noopener\">lesfouleesdenoel.fr<\/a>.<\/p>\n<p>Radio SCOOP est partenaire de l&rsquo;\u00e9v\u00e8nement<\/p>\n<p><\/p>\n","protected":false},"excerpt":{"rendered":"Rendez-vous samedi 20 d\u00e9cembre 2025 \u00e0 partir de 16h, \u00e0 la Talaudi\u00e8re. Plongez dans la magie des f\u00eates&hellip;\n","protected":false},"author":2,"featured_media":556779,"comment_status":"","ping_status":"","sticky":false,"template":"","format":"standard","meta":{"footnotes":""},"categories":[9653],"tags":[1111,11,2430,6466,2622,1777,674,67436,1011,27,18602,12,63629,54962,25,4001,6187],"class_list":{"0":"post-556778","1":"post","2":"type-post","3":"status-publish","4":"format-standard","5":"has-post-thumbnail","7":"category-saint-etienne","8":"tag-actu","9":"tag-actualites","10":"tag-auvergne-rhone-alpes","11":"tag-course","12":"tag-courses","13":"tag-eu","14":"tag-europe","15":"tag-foules","16":"tag-fr","17":"tag-france","18":"tag-la-talaudire","19":"tag-news","20":"tag-nol","21":"tag-raclette","22":"tag-republique-francaise","23":"tag-saint-etienne","24":"tag-trail"},"share_on_mastodon":{"url":"https:\/\/pubeurope.com\/@fr\/115608268721004205","error":""},"_links":{"self":[{"href":"https:\/\/www.europesays.com\/fr\/wp-json\/wp\/v2\/posts\/556778","targetHints":{"allow":["GET"]}}],"collection":[{"href":"https:\/\/www.europesays.com\/fr\/wp-json\/wp\/v2\/posts"}],"about":[{"href":"https:\/\/www.europesays.com\/fr\/wp-json\/wp\/v2\/types\/post"}],"author":[{"embeddable":true,"href":"https:\/\/www.europesays.com\/fr\/wp-json\/wp\/v2\/users\/2"}],"replies":[{"embeddable":true,"href":"https:\/\/www.europesays.com\/fr\/wp-json\/wp\/v2\/comments?post=556778"}],"version-history":[{"count":0,"href":"https:\/\/www.europesays.com\/fr\/wp-json\/wp\/v2\/posts\/556778\/revisions"}],"wp:featuredmedia":[{"embeddable":true,"href":"https:\/\/www.europesays.com\/fr\/wp-json\/wp\/v2\/media\/556779"}],"wp:attachment":[{"href":"https:\/\/www.europesays.com\/fr\/wp-json\/wp\/v2\/media?parent=556778"}],"wp:term":[{"taxonomy":"category","embeddable":true,"href":"https:\/\/www.europesays.com\/fr\/wp-json\/wp\/v2\/categories?post=556778"},{"taxonomy":"post_tag","embeddable":true,"href":"https:\/\/www.europesays.com\/fr\/wp-json\/wp\/v2\/tags?post=556778"}],"curies":[{"name":"wp","href":"https:\/\/api.w.org\/{rel}","templated":true}]}}