{"id":556780,"date":"2025-11-25T03:42:21","date_gmt":"2025-11-25T03:42:21","guid":{"rendered":"https:\/\/www.europesays.com\/fr\/556780\/"},"modified":"2025-11-25T03:42:21","modified_gmt":"2025-11-25T03:42:21","slug":"saint-etienne-les-places-bientot-en-vente-pour-le-grand-public","status":"publish","type":"post","link":"https:\/\/www.europesays.com\/fr\/556780\/","title":{"rendered":"Saint-\u00c9tienne\u00a0: les places bient\u00f4t en vente pour le grand public"},"content":{"rendered":"<p>Avec le derby face au voisin lavallois (en f\u00e9vrier), ce sera le match de la saison au stade Marie-Marvingt. Le samedi 3\u00a0janvier 2026, \u00e0 20\u00a0heures, Le Mans FC recevra l\u2019AS Saint-Etienne pour le compte de la 18e journ\u00e9e du championnat de Ligue 2\u00a0BKT.<\/p>\n<p>Pour cette rencontre, dont on ne doute pas un instant qu\u2019elle se disputera \u00e0 guichets ferm\u00e9s, les places sont en vente \u00e0 partir de cette semaine.<\/p>\n<p><a href=\"https:\/\/laval.maville.com\/sport\/detail_-football.-un-derby-ca-se-gagne-les-supporters-soutiennent-le-mans-fc-avant-le-match-a-laval-_52731-7038579_actu.Htm\" target=\"_blank\" rel=\"noopener\"> <strong>+\u00a0Football. \u00ab\u00a0Un derby, \u00e7a se gagne\u00a0\u00bb\u00a0: les supporters soutiennent Le Mans FC avant le match \u00e0 Laval<\/strong> <\/a><\/p>\n<p>Pour cet \u00e9v\u00e9nement, le club a d\u00e9cid\u00e9 de proposer un pack duo, \u00e0 partir de 16\u00a0\u20ac. \u00a0Il vous garantit une place pour la r\u00e9ception de Saint-Etienne, et la m\u00eame place pour la r\u00e9ception de Dunkerque (le 23, 24 ou 25\u00a0janvier en fonction de la programmation t\u00e9l\u00e9)\u00a0, annonce le club dans un communiqu\u00e9. \u00a0Ce pack duo vous permet d\u2019obtenir 50\u00a0% de r\u00e9duction sur votre billet Le Mans\/Saint-Etienne par rapport \u00e0 la billetterie classique, aux tarifs match de gala, qui ouvrira ult\u00e9rieurement, en fonction des places restantes.\u00a0<\/p>\n<p>Concr\u00e8tement, ce pack duo sera disponible d\u00e8s ce mardi 25\u00a0novembre pour les abonn\u00e9s. Ces derniers sont d\u00e9j\u00e0 d\u00e9tenteurs de leur place pour la venue des Verts, mais ils auront la possibilit\u00e9, en priorit\u00e9, d\u2019acheter ce pack (sans limite sur le nombre), \u00a0pour faire plaisir \u00e0 des proches.\u00a0 Ensuite, d\u00e8s vendredi, le grand public pourra, \u00e0 son tour, faire l\u2019acquisition de ce pack duo, aux points de vente habituels. L\u00e0 non plus, sans limite sur le nombre.<\/p>\n<p>&gt;\u00a0&gt;\u00a0&gt;\u00a0&gt;\u00a0Pratique<\/p>\n<p><strong>Pour les abonn\u00e9s\u00a0:<\/strong> vente du pack duo d\u00e8s ce mardi 25\u00a0novembre, \u00e0 partir de 10\u00a0heures \u00e0 la Pincenardi\u00e8re, ou sur <a href=\"https:\/\/www.lemansfc.fr\/\" rel=\"nofollow noopener\" target=\"_blank\">www.lemansfc.fr<\/a><\/p>\n<p><strong>Pour le grand public\u00a0:<\/strong> vente du pack duo d\u00e8s ce vendredi 28\u00a0novembre, \u00e0 partir de 10\u00a0heures \u00e0 la Pincenardi\u00e8re, dans les magasins Leclerc du Mans, dans les magasins U d\u2019Arnage, Beaumont-sur-Sarthe, Chang\u00e9, \u00c9commoy, Sainte-Jamme, et Sill\u00e9-le-Guillaume, et sur le site www.lemans.fr<\/p>\n<p><strong>Tarifs\u00a0:<\/strong> \u00e0 partir de 16\u00a0\u20ac. Tarifs r\u00e9duits pour les 6 \u00e0 18\u00a0ans, les PMR et les demandeurs d\u2019emploi, sur pr\u00e9sentation d\u2019un justificatif (non disponibles sur le site du club). Le pack duo est offert pour les enfants de moins de 6\u00a0ans (\u00e0 retirer \u00e0 la Pincenardi\u00e8re).<\/p>\n<p>\u00a0<\/p>\n","protected":false},"excerpt":{"rendered":"Avec le derby face au voisin lavallois (en f\u00e9vrier), ce sera le match de la saison au stade&hellip;\n","protected":false},"author":2,"featured_media":556781,"comment_status":"","ping_status":"","sticky":false,"template":"","format":"standard","meta":{"footnotes":""},"categories":[9653],"tags":[1111,11,2430,10334,1777,674,1011,27,2515,2047,12,18433,3532,25,4001,4100],"class_list":{"0":"post-556780","1":"post","2":"type-post","3":"status-publish","4":"format-standard","5":"has-post-thumbnail","7":"category-saint-etienne","8":"tag-actu","9":"tag-actualites","10":"tag-auvergne-rhone-alpes","11":"tag-bientot","12":"tag-eu","13":"tag-europe","14":"tag-fr","15":"tag-france","16":"tag-grand","17":"tag-mans","18":"tag-news","19":"tag-places","20":"tag-public","21":"tag-republique-francaise","22":"tag-saint-etienne","23":"tag-vente"},"share_on_mastodon":{"url":"https:\/\/pubeurope.com\/@fr\/115608272561204507","error":""},"_links":{"self":[{"href":"https:\/\/www.europesays.com\/fr\/wp-json\/wp\/v2\/posts\/556780","targetHints":{"allow":["GET"]}}],"collection":[{"href":"https:\/\/www.europesays.com\/fr\/wp-json\/wp\/v2\/posts"}],"about":[{"href":"https:\/\/www.europesays.com\/fr\/wp-json\/wp\/v2\/types\/post"}],"author":[{"embeddable":true,"href":"https:\/\/www.europesays.com\/fr\/wp-json\/wp\/v2\/users\/2"}],"replies":[{"embeddable":true,"href":"https:\/\/www.europesays.com\/fr\/wp-json\/wp\/v2\/comments?post=556780"}],"version-history":[{"count":0,"href":"https:\/\/www.europesays.com\/fr\/wp-json\/wp\/v2\/posts\/556780\/revisions"}],"wp:featuredmedia":[{"embeddable":true,"href":"https:\/\/www.europesays.com\/fr\/wp-json\/wp\/v2\/media\/556781"}],"wp:attachment":[{"href":"https:\/\/www.europesays.com\/fr\/wp-json\/wp\/v2\/media?parent=556780"}],"wp:term":[{"taxonomy":"category","embeddable":true,"href":"https:\/\/www.europesays.com\/fr\/wp-json\/wp\/v2\/categories?post=556780"},{"taxonomy":"post_tag","embeddable":true,"href":"https:\/\/www.europesays.com\/fr\/wp-json\/wp\/v2\/tags?post=556780"}],"curies":[{"name":"wp","href":"https:\/\/api.w.org\/{rel}","templated":true}]}}