{"id":556782,"date":"2025-11-25T03:43:20","date_gmt":"2025-11-25T03:43:20","guid":{"rendered":"https:\/\/www.europesays.com\/fr\/556782\/"},"modified":"2025-11-25T03:43:20","modified_gmt":"2025-11-25T03:43:20","slug":"la-police-lance-un-appel-a-temoins-10","status":"publish","type":"post","link":"https:\/\/www.europesays.com\/fr\/556782\/","title":{"rendered":"la police lance un appel \u00e0 t\u00e9moins"},"content":{"rendered":"<p>                    Par<br \/>\n        <strong><br \/>\n            <a href=\"https:\/\/actu.fr\/auteur\/pierre-emile-bouchy-actu-fr\" title=\"Consulter tous les articles de Paul-Emile Bouchy\" target=\"_blank\" rel=\"noopener\">Paul-Emile Bouchy<\/a><br \/>\n                    <\/strong><\/p>\n<p>        Publi\u00e9 le<\/p>\n<p>            24 nov. 2025 \u00e0 16h10        <\/p>\n<p>Jeudi 20\u00a0novembre 2025 au matin, <a href=\"https:\/\/actu.fr\/grand-est\/nancy_54395\/nancy-un-etudiant-en-medecine-retrouve-mort-en-bordure-de-l-a33-ce-que-l-on-sait_63477391.html\" target=\"_blank\" rel=\"noopener\">un \u00e9tudiant en m\u00e9decine a \u00e9t\u00e9 retrouv\u00e9 mort en bordure de l\u2019A33<\/a>, pr\u00e8s du <a href=\"https:\/\/actu.fr\/tag\/chru-de-nancy\" target=\"_blank\" rel=\"noopener\">CHRU de Nancy<\/a>. Le jeune homme \u00e2g\u00e9 de 19\u00a0ans rentrait \u00e0 pied d\u2019une soir\u00e9e \u00e9tudiante au moment o\u00f9 <strong>il aurait \u00e9t\u00e9 percut\u00e9 par un v\u00e9hicule<\/strong>.<\/p>\n<p class=\" wall-content\">Alors que le parquet a ouvert <strong>une enqu\u00eate pour d\u00e9lit d\u2019homicide involontaire par conducteur d\u2019un v\u00e9hicule terrestre<\/strong>, la police judiciaire de Nancy lance un <a href=\"https:\/\/actu.fr\/tag\/appel-a-temoins\" target=\"_blank\" rel=\"noopener\">appel \u00e0 t\u00e9moins<\/a>.<\/p>\n<p>Des faits qui ont eu lieu entre 3h et 8h du matin<\/p>\n<p class=\" wall-content\">La <strong>police<\/strong> indique que les faits ont eu lieu <strong>dans le sens Houdemont-Laxou<\/strong>, <strong>proche de la sortie Brabois, entre 3h et 8h du matin<\/strong>.<\/p>\n<p class=\" wall-content\">Elle recherche \u00ab\u2009toute personne susceptible d\u2019apporter des \u00e9l\u00e9ments \u00e0 l\u2019enqu\u00eate afin de d\u00e9terminer les circonstances de cet accident\u2009\u00bb.<\/p>\n<p class=\" wall-content\">Si vous avez des informations, vous pouvez contacter le commissariat de Nancy au <strong>03\u200983\u200917\u200929\u200901<\/strong> ou par mail\u2009: <strong><a href=\"https:\/\/actu.fr\/cdn-cgi\/l\/email-protection\" class=\"__cf_email__\" data-cfemail=\"4a2e233a247f7e673a20672e29253967293823270a23243e2f38232f3f38642d253f3c642c38\" target=\"_blank\" rel=\"noopener\">[email\u00a0protected]<\/a><\/strong>.<\/p>\n<p class=\" wall-content\">Personnalisez votre actualit\u00e9 en ajoutant vos villes et m\u00e9dias en favori avec <a href=\"https:\/\/moncompte.actu.fr\" title=\"D\u00e9couvez Mon Actu\" rel=\"nofollow noopener\" data-trk=\"{&quot;cta&quot;:{&quot;action&quot;:&quot;https:\\\/\\\/moncompte.actu.fr&quot;,&quot;category&quot;:&quot;mon compte&quot;,&quot;from&quot;:&quot;article footer&quot;,&quot;name&quot;:&quot;Mon actu&quot;,&quot;type&quot;:&quot;cta&quot;}}\" target=\"_blank\">Mon Actu<\/a>.<\/p>\n","protected":false},"excerpt":{"rendered":"Par Paul-Emile Bouchy Publi\u00e9 le 24 nov. 2025 \u00e0 16h10 Jeudi 20\u00a0novembre 2025 au matin, un \u00e9tudiant en&hellip;\n","protected":false},"author":2,"featured_media":556783,"comment_status":"","ping_status":"","sticky":false,"template":"","format":"standard","meta":{"footnotes":""},"categories":[9635],"tags":[1111,11,4260,9672,1777,674,118,1011,27,775,1702,12,1072,25],"class_list":{"0":"post-556782","1":"post","2":"type-post","3":"status-publish","4":"format-standard","5":"has-post-thumbnail","7":"category-nancy","8":"tag-actu","9":"tag-actualites","10":"tag-appel-a-temoins","11":"tag-autoroute-33-a33","12":"tag-eu","13":"tag-europe","14":"tag-faits-divers","15":"tag-fr","16":"tag-france","17":"tag-grand-est","18":"tag-nancy","19":"tag-news","20":"tag-police","21":"tag-republique-francaise"},"share_on_mastodon":{"url":"https:\/\/pubeurope.com\/@fr\/115608276435533788","error":""},"_links":{"self":[{"href":"https:\/\/www.europesays.com\/fr\/wp-json\/wp\/v2\/posts\/556782","targetHints":{"allow":["GET"]}}],"collection":[{"href":"https:\/\/www.europesays.com\/fr\/wp-json\/wp\/v2\/posts"}],"about":[{"href":"https:\/\/www.europesays.com\/fr\/wp-json\/wp\/v2\/types\/post"}],"author":[{"embeddable":true,"href":"https:\/\/www.europesays.com\/fr\/wp-json\/wp\/v2\/users\/2"}],"replies":[{"embeddable":true,"href":"https:\/\/www.europesays.com\/fr\/wp-json\/wp\/v2\/comments?post=556782"}],"version-history":[{"count":0,"href":"https:\/\/www.europesays.com\/fr\/wp-json\/wp\/v2\/posts\/556782\/revisions"}],"wp:featuredmedia":[{"embeddable":true,"href":"https:\/\/www.europesays.com\/fr\/wp-json\/wp\/v2\/media\/556783"}],"wp:attachment":[{"href":"https:\/\/www.europesays.com\/fr\/wp-json\/wp\/v2\/media?parent=556782"}],"wp:term":[{"taxonomy":"category","embeddable":true,"href":"https:\/\/www.europesays.com\/fr\/wp-json\/wp\/v2\/categories?post=556782"},{"taxonomy":"post_tag","embeddable":true,"href":"https:\/\/www.europesays.com\/fr\/wp-json\/wp\/v2\/tags?post=556782"}],"curies":[{"name":"wp","href":"https:\/\/api.w.org\/{rel}","templated":true}]}}