{"id":556798,"date":"2025-11-25T03:54:22","date_gmt":"2025-11-25T03:54:22","guid":{"rendered":"https:\/\/www.europesays.com\/fr\/556798\/"},"modified":"2025-11-25T03:54:22","modified_gmt":"2025-11-25T03:54:22","slug":"rencontre-avec-lautrice-d-elles-vont-finir-seules-avec-leur-chat-a-rennes","status":"publish","type":"post","link":"https:\/\/www.europesays.com\/fr\/556798\/","title":{"rendered":"Rencontre avec l\u2019autrice d\u2019\u00ab\u00a0Elles vont finir seules avec leur chat\u00a0\u00bb, \u00e0 Rennes"},"content":{"rendered":"<p>La th\u00e9matique du non-d\u00e9sir d\u2019enfant et du statut des femmes sans enfant, Charlotte Debest en a fait son sujet de th\u00e8se quand elle \u00e9tait \u00e9tudiante en sociologie. Aujourd\u2019hui, elle publie un essai, alors que l\u2019on entend parler de baisse de la natalit\u00e9, de r\u00e9armement d\u00e9mographique, sur ces femmes qui ne r\u00e9pondent pas aux injonctions et comment cela r\u00e9sonne dans la soci\u00e9t\u00e9. Son livre Elles vont finir seules avec leur chat est un\u00a0plaidoyer assum\u00e9 pour l\u2019\u00e9galit\u00e9 homme-femme sur un ton libre.<\/p>\n<p>Une rencontre est organis\u00e9e avec l\u2019autrice \u00e0 <a href=\"https:\/\/rennes.maville.com\/actu\/actudet_-a-rennes-le-laureat-du-goncourt-laurent-mauvignier-comme-a-la-maison-_52674-7065529_actu.Htm\" target=\"_self\" rel=\"noopener\">la librairie La Nuit des temps,<\/a> \u00e0 Rennes,<a href=\"https:\/\/www.instagram.com\/p\/DQZcKtrjUWd\/\" target=\"_self\" rel=\"noopener\"> mercredi 26\u00a0novembre 2025.<\/a> Son \u00e9ditrice, Lorraine Selle-Delevaud, qui a lanc\u00e9 la maison d\u2019\u00e9dition La meute, sera \u00e9galement pr\u00e9sente.<\/p>\n<p>Les d\u00e9dicaces\u00a0d\u00e9marrent \u00e0 18\u00a0h, la rencontre \u00e0 19\u00a0h. R\u00e9servation\u00a0: t\u00e9l. 02\u00a099\u00a053\u00a037\u00a095\u00a0; ou\u00a0mail\u00a0: librairielanuitdestemps@etik.com<\/p>\n<p>\u00ab\u00a0Elles vont finir seules avec leurs chats\u00a0\u00bb, de Charlotte Debest, \u00e9ditions La meute, 112\u00a0pages, 11,50\u00a0\u20ac.<\/p>\n<p>\u00a0<\/p>\n<p>\t\t<script async src=\"\/\/www.instagram.com\/embed.js\"><\/script><\/p>\n","protected":false},"excerpt":{"rendered":"La th\u00e9matique du non-d\u00e9sir d\u2019enfant et du statut des femmes sans enfant, Charlotte Debest en a fait son&hellip;\n","protected":false},"author":2,"featured_media":556799,"comment_status":"","ping_status":"","sticky":false,"template":"","format":"standard","meta":{"footnotes":""},"categories":[2821],"tags":[1111,11,48452,829,7654,1777,674,27064,1011,27,12,5486,584,25,67437],"class_list":{"0":"post-556798","1":"post","2":"type-post","3":"status-publish","4":"format-standard","5":"has-post-thumbnail","7":"category-rennes","8":"tag-actu","9":"tag-actualites","10":"tag-autrice","11":"tag-bretagne","12":"tag-chat","13":"tag-eu","14":"tag-europe","15":"tag-finir","16":"tag-fr","17":"tag-france","18":"tag-news","19":"tag-rencontre","20":"tag-rennes","21":"tag-republique-francaise","22":"tag-seules"},"share_on_mastodon":{"url":"https:\/\/pubeurope.com\/@fr\/115608319696031362","error":""},"_links":{"self":[{"href":"https:\/\/www.europesays.com\/fr\/wp-json\/wp\/v2\/posts\/556798","targetHints":{"allow":["GET"]}}],"collection":[{"href":"https:\/\/www.europesays.com\/fr\/wp-json\/wp\/v2\/posts"}],"about":[{"href":"https:\/\/www.europesays.com\/fr\/wp-json\/wp\/v2\/types\/post"}],"author":[{"embeddable":true,"href":"https:\/\/www.europesays.com\/fr\/wp-json\/wp\/v2\/users\/2"}],"replies":[{"embeddable":true,"href":"https:\/\/www.europesays.com\/fr\/wp-json\/wp\/v2\/comments?post=556798"}],"version-history":[{"count":0,"href":"https:\/\/www.europesays.com\/fr\/wp-json\/wp\/v2\/posts\/556798\/revisions"}],"wp:featuredmedia":[{"embeddable":true,"href":"https:\/\/www.europesays.com\/fr\/wp-json\/wp\/v2\/media\/556799"}],"wp:attachment":[{"href":"https:\/\/www.europesays.com\/fr\/wp-json\/wp\/v2\/media?parent=556798"}],"wp:term":[{"taxonomy":"category","embeddable":true,"href":"https:\/\/www.europesays.com\/fr\/wp-json\/wp\/v2\/categories?post=556798"},{"taxonomy":"post_tag","embeddable":true,"href":"https:\/\/www.europesays.com\/fr\/wp-json\/wp\/v2\/tags?post=556798"}],"curies":[{"name":"wp","href":"https:\/\/api.w.org\/{rel}","templated":true}]}}