{"id":556800,"date":"2025-11-25T03:55:22","date_gmt":"2025-11-25T03:55:22","guid":{"rendered":"https:\/\/www.europesays.com\/fr\/556800\/"},"modified":"2025-11-25T03:55:22","modified_gmt":"2025-11-25T03:55:22","slug":"en-ille-et-vilaine-un-motard-decede-dans-un-accident-de-la-route","status":"publish","type":"post","link":"https:\/\/www.europesays.com\/fr\/556800\/","title":{"rendered":"En Ille-et-Vilaine, un motard d\u00e9c\u00e8de dans un accident de la route"},"content":{"rendered":"<p>Il \u00e9tait 11 h 51 quand les secours ont \u00e9t\u00e9 d\u00e9clench\u00e9s pour un accident de la route impliquant un motard sur la quatre voies dans le sens Paris-Rennes, au niveau d\u2019\u00c9trelles (Ille-et-Vilaine) entre les kilom\u00e8tres 12 et 13. Le motard de 62 ans a \u00e9t\u00e9 retrouv\u00e9 en arr\u00eat cardiaque. Malgr\u00e9 les tentatives de r\u00e9animation sur place, le Smur a constat\u00e9 le d\u00e9c\u00e8s du sexag\u00e9naire. Selon nos informations, les circonstances de l\u2019accident ne sont pas d\u00e9termin\u00e9es. Le motard a fait une sortie de route et a termin\u00e9 sa course dans le foss\u00e9. Aucun autre v\u00e9hicule n\u2019a \u00e9t\u00e9 impliqu\u00e9 dans l\u2019accident.<\/p>\n<p>Pendant l\u2019intervention, 13 pompiers \u00e9taient mobilis\u00e9s. La circulation dans l\u2019axe Paris-Rennes a \u00e9t\u00e9 totalement ferm\u00e9e pendant plus d\u2019une heure pour faciliter l\u2019intervention des secours et permettre \u00e0 l\u2019h\u00e9licopt\u00e8re de se poser.<\/p>\n","protected":false},"excerpt":{"rendered":"Il \u00e9tait 11 h 51 quand les secours ont \u00e9t\u00e9 d\u00e9clench\u00e9s pour un accident de la route impliquant&hellip;\n","protected":false},"author":2,"featured_media":556801,"comment_status":"","ping_status":"","sticky":false,"template":"","format":"standard","meta":{"footnotes":""},"categories":[2821],"tags":[1111,11,829,1777,674,118,3383,1011,27,848,12,584,25],"class_list":{"0":"post-556800","1":"post","2":"type-post","3":"status-publish","4":"format-standard","5":"has-post-thumbnail","7":"category-rennes","8":"tag-actu","9":"tag-actualites","10":"tag-bretagne","11":"tag-eu","12":"tag-europe","13":"tag-faits-divers","14":"tag-faits-divers-a-rennes","15":"tag-fr","16":"tag-france","17":"tag-ille-et-vilaine","18":"tag-news","19":"tag-rennes","20":"tag-republique-francaise"},"share_on_mastodon":{"url":"https:\/\/pubeurope.com\/@fr\/115608323808145478","error":""},"_links":{"self":[{"href":"https:\/\/www.europesays.com\/fr\/wp-json\/wp\/v2\/posts\/556800","targetHints":{"allow":["GET"]}}],"collection":[{"href":"https:\/\/www.europesays.com\/fr\/wp-json\/wp\/v2\/posts"}],"about":[{"href":"https:\/\/www.europesays.com\/fr\/wp-json\/wp\/v2\/types\/post"}],"author":[{"embeddable":true,"href":"https:\/\/www.europesays.com\/fr\/wp-json\/wp\/v2\/users\/2"}],"replies":[{"embeddable":true,"href":"https:\/\/www.europesays.com\/fr\/wp-json\/wp\/v2\/comments?post=556800"}],"version-history":[{"count":0,"href":"https:\/\/www.europesays.com\/fr\/wp-json\/wp\/v2\/posts\/556800\/revisions"}],"wp:featuredmedia":[{"embeddable":true,"href":"https:\/\/www.europesays.com\/fr\/wp-json\/wp\/v2\/media\/556801"}],"wp:attachment":[{"href":"https:\/\/www.europesays.com\/fr\/wp-json\/wp\/v2\/media?parent=556800"}],"wp:term":[{"taxonomy":"category","embeddable":true,"href":"https:\/\/www.europesays.com\/fr\/wp-json\/wp\/v2\/categories?post=556800"},{"taxonomy":"post_tag","embeddable":true,"href":"https:\/\/www.europesays.com\/fr\/wp-json\/wp\/v2\/tags?post=556800"}],"curies":[{"name":"wp","href":"https:\/\/api.w.org\/{rel}","templated":true}]}}