{"id":556812,"date":"2025-11-25T04:02:15","date_gmt":"2025-11-25T04:02:15","guid":{"rendered":"https:\/\/www.europesays.com\/fr\/556812\/"},"modified":"2025-11-25T04:02:15","modified_gmt":"2025-11-25T04:02:15","slug":"un-manege-sinstalle-pour-les-fetes-place-marie-de-gournay","status":"publish","type":"post","link":"https:\/\/www.europesays.com\/fr\/556812\/","title":{"rendered":"un man\u00e8ge s\u2019installe pour les f\u00eates place Marie-de-Gournay"},"content":{"rendered":"<p>La place Marie-de-Gournay, dans le quartier Belv\u00e9d\u00e8re, sur la rive droite de Bordeaux, prend des airs de f\u00eate&#8230;<\/p>\n<p>La place Marie-de-Gournay, dans le quartier Belv\u00e9d\u00e8re, sur la rive droite de Bordeaux, prend des airs de f\u00eate avec l\u2019installation d\u2019un carrousel g\u00e9r\u00e9 par une famille de forains depuis plusieurs g\u00e9n\u00e9rations. Jusqu\u2019au 6\u00a0janvier, les enfants pourront profiter de l\u2019attraction les mercredis, samedis et dimanches de\u00a010\u00a0heures \u00e0\u00a018\u00a0h\u00a030, et tous les jours durant les vacances scolaires.<\/p>\n","protected":false},"excerpt":{"rendered":"La place Marie-de-Gournay, dans le quartier Belv\u00e9d\u00e8re, sur la rive droite de Bordeaux, prend des airs de f\u00eate&#8230;&hellip;\n","protected":false},"author":2,"featured_media":556813,"comment_status":"","ping_status":"","sticky":false,"template":"","format":"standard","meta":{"footnotes":""},"categories":[2817],"tags":[1111,11,1997,1777,674,1011,27,12,2219,25],"class_list":{"0":"post-556812","1":"post","2":"type-post","3":"status-publish","4":"format-standard","5":"has-post-thumbnail","7":"category-bordeaux","8":"tag-actu","9":"tag-actualites","10":"tag-bordeaux","11":"tag-eu","12":"tag-europe","13":"tag-fr","14":"tag-france","15":"tag-news","16":"tag-nouvelle-aquitaine","17":"tag-republique-francaise"},"share_on_mastodon":{"url":"https:\/\/pubeurope.com\/@fr\/115608351162553871","error":""},"_links":{"self":[{"href":"https:\/\/www.europesays.com\/fr\/wp-json\/wp\/v2\/posts\/556812","targetHints":{"allow":["GET"]}}],"collection":[{"href":"https:\/\/www.europesays.com\/fr\/wp-json\/wp\/v2\/posts"}],"about":[{"href":"https:\/\/www.europesays.com\/fr\/wp-json\/wp\/v2\/types\/post"}],"author":[{"embeddable":true,"href":"https:\/\/www.europesays.com\/fr\/wp-json\/wp\/v2\/users\/2"}],"replies":[{"embeddable":true,"href":"https:\/\/www.europesays.com\/fr\/wp-json\/wp\/v2\/comments?post=556812"}],"version-history":[{"count":0,"href":"https:\/\/www.europesays.com\/fr\/wp-json\/wp\/v2\/posts\/556812\/revisions"}],"wp:featuredmedia":[{"embeddable":true,"href":"https:\/\/www.europesays.com\/fr\/wp-json\/wp\/v2\/media\/556813"}],"wp:attachment":[{"href":"https:\/\/www.europesays.com\/fr\/wp-json\/wp\/v2\/media?parent=556812"}],"wp:term":[{"taxonomy":"category","embeddable":true,"href":"https:\/\/www.europesays.com\/fr\/wp-json\/wp\/v2\/categories?post=556812"},{"taxonomy":"post_tag","embeddable":true,"href":"https:\/\/www.europesays.com\/fr\/wp-json\/wp\/v2\/tags?post=556812"}],"curies":[{"name":"wp","href":"https:\/\/api.w.org\/{rel}","templated":true}]}}