{"id":556814,"date":"2025-11-25T04:03:18","date_gmt":"2025-11-25T04:03:18","guid":{"rendered":"https:\/\/www.europesays.com\/fr\/556814\/"},"modified":"2025-11-25T04:03:18","modified_gmt":"2025-11-25T04:03:18","slug":"la-brigade-de-proximite-sagrandit-et-se-deploie","status":"publish","type":"post","link":"https:\/\/www.europesays.com\/fr\/556814\/","title":{"rendered":"la brigade de proximit\u00e9 s\u2019agrandit et se d\u00e9ploie"},"content":{"rendered":"<p>\u00c0 Bordeaux, la municipalit\u00e9 a franchi une nouvelle \u00e9tape dans le renforcement de sa police municipale avec la pr\u00e9sentation, il y a quelques jours, des toutes nouvelles brigades de proximit\u00e9 pour pr\u00e9venir et traiter la petite d\u00e9linquance et les incivilit\u00e9s<\/p>\n<p>Dans le quartier Belv\u00e9d\u00e8re \u00e0 Bordeaux, les agents de la police municipale patrouillent quotidiennement, privil\u00e9giant la pr\u00e9vention et le contact avec les riverains. \u00c9quip\u00e9s uniquement d\u2019un pistolet \u00e0 impulsion \u00e9lectrique et d\u2019un b\u00e2ton t\u00e9lescopique, ils interviennent pour la lutte contre la d\u00e9linquance, le contr\u00f4le du stationnement et le respect du code de la route. \u00ab\u00a0C\u2019est rassurant pour la population\u00a0\u00bb, souligne Fran\u00e7ois Fr\u00e9my, maire adjointe du quartier de La Bastide.<\/p>\n<p>            Une extension progressive sur l\u2019ensemble de la ville<\/p>\n<p>Actuellement, la brigade de proximit\u00e9 du centre-ville est compos\u00e9e de seize agents, et elle sera progressivement d\u00e9ploy\u00e9e dans les secteurs nord, sud et ouest de Bordeaux dans les prochains mois. Cette mesure r\u00e9pond aux demandes des habitants et commer\u00e7ants qui souhaitent voir davantage de policiers municipaux sur le terrain, assurant une pr\u00e9sence r\u00e9guli\u00e8re et des actions pr\u00e9ventives visibles dans l\u2019espace public.<\/p>\n<p><a href=\"https:\/\/www.sudouest.fr\/lachainetv7\/\" target=\"_blank\" rel=\"follow noopener\">TV7<\/a> est disponible gratuitement en Gironde sur le canal 33 de la TNT. Partout ailleurs, l\u2019acc\u00e8s se fait depuis l\u2019offre t\u00e9l\u00e9 de votre \u00ab\u00a0BOX\u00a0\u00bb via la mosa\u00efque des cha\u00eenes locales sur le canal 30. Tous nos programmes en direct et en replay sont \u00e9galement disponibles sur notre site <a href=\"https:\/\/www.sudouest.fr\/lachainetv7\/\" target=\"_blank\" rel=\"follow noopener\">www.sudouest.fr\/lachainetv7<\/a><\/p>\n","protected":false},"excerpt":{"rendered":"\u00c0 Bordeaux, la municipalit\u00e9 a franchi une nouvelle \u00e9tape dans le renforcement de sa police municipale avec la&hellip;\n","protected":false},"author":2,"featured_media":556815,"comment_status":"","ping_status":"","sticky":false,"template":"","format":"standard","meta":{"footnotes":""},"categories":[2817],"tags":[1111,11,1997,1777,674,1011,27,12,2219,25],"class_list":{"0":"post-556814","1":"post","2":"type-post","3":"status-publish","4":"format-standard","5":"has-post-thumbnail","7":"category-bordeaux","8":"tag-actu","9":"tag-actualites","10":"tag-bordeaux","11":"tag-eu","12":"tag-europe","13":"tag-fr","14":"tag-france","15":"tag-news","16":"tag-nouvelle-aquitaine","17":"tag-republique-francaise"},"share_on_mastodon":{"url":"https:\/\/pubeurope.com\/@fr\/115608355121900208","error":""},"_links":{"self":[{"href":"https:\/\/www.europesays.com\/fr\/wp-json\/wp\/v2\/posts\/556814","targetHints":{"allow":["GET"]}}],"collection":[{"href":"https:\/\/www.europesays.com\/fr\/wp-json\/wp\/v2\/posts"}],"about":[{"href":"https:\/\/www.europesays.com\/fr\/wp-json\/wp\/v2\/types\/post"}],"author":[{"embeddable":true,"href":"https:\/\/www.europesays.com\/fr\/wp-json\/wp\/v2\/users\/2"}],"replies":[{"embeddable":true,"href":"https:\/\/www.europesays.com\/fr\/wp-json\/wp\/v2\/comments?post=556814"}],"version-history":[{"count":0,"href":"https:\/\/www.europesays.com\/fr\/wp-json\/wp\/v2\/posts\/556814\/revisions"}],"wp:featuredmedia":[{"embeddable":true,"href":"https:\/\/www.europesays.com\/fr\/wp-json\/wp\/v2\/media\/556815"}],"wp:attachment":[{"href":"https:\/\/www.europesays.com\/fr\/wp-json\/wp\/v2\/media?parent=556814"}],"wp:term":[{"taxonomy":"category","embeddable":true,"href":"https:\/\/www.europesays.com\/fr\/wp-json\/wp\/v2\/categories?post=556814"},{"taxonomy":"post_tag","embeddable":true,"href":"https:\/\/www.europesays.com\/fr\/wp-json\/wp\/v2\/tags?post=556814"}],"curies":[{"name":"wp","href":"https:\/\/api.w.org\/{rel}","templated":true}]}}