{"id":556822,"date":"2025-11-25T04:09:16","date_gmt":"2025-11-25T04:09:16","guid":{"rendered":"https:\/\/www.europesays.com\/fr\/556822\/"},"modified":"2025-11-25T04:09:16","modified_gmt":"2025-11-25T04:09:16","slug":"98-policiers-entre-satisfaction-et-apprehension","status":"publish","type":"post","link":"https:\/\/www.europesays.com\/fr\/556822\/","title":{"rendered":"98 policiers entre satisfaction et appr\u00e9hension"},"content":{"rendered":"<p>C\u2019est la fin de quatre ans et demi d\u2019attente. Le nouveau commissariat des 13e et 14e arrondissements, <a href=\"https:\/\/www.laprovence.com\/actu\/en-direct\/6363988\/commissariat-13-14-push-merci.html\" target=\"_blank\" rel=\"noopener\">annonc\u00e9 en mai\u00a02021 par G\u00e9rald Darmanin<\/a>, alors ministre de l&rsquo;Int\u00e9rieur, est livr\u00e9 et ouvert au public d\u00e8s ce mardi 25 novembre. Le poste de police de 2\u00a0800 m\u00b2 de bureaux, avec cellules de garde \u00e0 vue discr\u00e8tes et stand de tir de 25 m enterr\u00e9, \u00e9tait attendu pour le milieu de l\u2019ann\u00e9e 2024.<\/p>\n<p>Mais d\u00e8s sa gen\u00e8se, le projet avait peu de chances d\u2019arriver \u00e0 l\u2019heure. Son lieu m\u00eame d\u2019implantation &#8211; \u00e0 Ch\u00e2teau-Gombert, presque \u00e0 Plan-de-Cuques &#8211; avait suscit\u00e9 <a href=\"https:\/\/www.laprovence.com\/article\/faits-divers-justice\/6477507\/hotel-de-police-de-marseille-le-serpent-de-mer-devenu-projet-pharaonique.html\" target=\"_blank\" rel=\"noopener\">le d\u00e9bat et l\u2019ire de Samia Ghali<\/a>, adjointe (DVG) au maire en charge des grands \u00e9quipements, avant de trouver <a href=\"https:\/\/www.laprovence.com\/article\/faits-divers-justice\/1728900860164716\/marseille-le-commissariat-dans-les-starting-blocks\" target=\"_blank\" rel=\"noopener\">sa place idoine<\/a>.\u00a0C\u2019est <a href=\"https:\/\/www.laprovence.com\/article\/politique\/6507678\/nouveau-commissariat-dans-les-quartiers-nord-de-marseille-ce-sera-plutot-vers-saint-jerome.html\" target=\"_blank\" rel=\"noopener\">rue du P\u00e8bre d\u2019Ail, derri\u00e8re l\u2019IUT de Saint-J\u00e9r\u00f4me<\/a>, que l\u2019immeuble, prot\u00e9g\u00e9 par des douves et \u00e0 la fa\u00e7ade dot\u00e9e d\u2019une r\u00e9sille en \u00e9cailles, est sorti de terre. Avec un an et demi de retard (<a href=\"https:\/\/www.laprovence.com\/article\/politique\/6690562\/un-nouveau-commissariat-dici-2024.html\" target=\"_blank\" rel=\"noopener\">livraison pr\u00e9vue mi-2024<\/a> puis d\u00e9but\u00a02025).<\/p>\n<p>\u00ab\u00a0On n\u2019est pas \u00e0 quelques semaines pr\u00e8s, temp\u00e9rait, ce lundi matin, la maire (DVD) du secteur, Marion Bareille, lors d\u2019une rencontre informelle avec Martine Vassal, pr\u00e9sidente (DVD) du D\u00e9partement et des policiers d\u00e9j\u00e0 sur site. C\u2019est un projet colossal pour lequel l\u2019\u00c9tat a engag\u00e9 15&#8230;<\/p>\n","protected":false},"excerpt":{"rendered":"C\u2019est la fin de quatre ans et demi d\u2019attente. Le nouveau commissariat des 13e et 14e arrondissements, annonc\u00e9&hellip;\n","protected":false},"author":2,"featured_media":556823,"comment_status":"","ping_status":"","sticky":false,"template":"","format":"standard","meta":{"footnotes":""},"categories":[2814],"tags":[67438,17,1111,11,14367,154,2834,1777,674,1011,27,884,12,4565,6890,882,16,25],"class_list":{"0":"post-556822","1":"post","2":"type-post","3":"status-publish","4":"format-standard","5":"has-post-thumbnail","7":"category-marseille","8":"tag-13e-14e","9":"tag-17","10":"tag-actu","11":"tag-actualites","12":"tag-commissariat","13":"tag-des","14":"tag-entre","15":"tag-eu","16":"tag-europe","17":"tag-fr","18":"tag-france","19":"tag-marseille","20":"tag-news","21":"tag-nouveau","22":"tag-policiers","23":"tag-provence-alpes-cote-dazur","24":"tag-region","25":"tag-republique-francaise"},"share_on_mastodon":{"url":"https:\/\/pubeurope.com\/@fr\/115608378680380538","error":""},"_links":{"self":[{"href":"https:\/\/www.europesays.com\/fr\/wp-json\/wp\/v2\/posts\/556822","targetHints":{"allow":["GET"]}}],"collection":[{"href":"https:\/\/www.europesays.com\/fr\/wp-json\/wp\/v2\/posts"}],"about":[{"href":"https:\/\/www.europesays.com\/fr\/wp-json\/wp\/v2\/types\/post"}],"author":[{"embeddable":true,"href":"https:\/\/www.europesays.com\/fr\/wp-json\/wp\/v2\/users\/2"}],"replies":[{"embeddable":true,"href":"https:\/\/www.europesays.com\/fr\/wp-json\/wp\/v2\/comments?post=556822"}],"version-history":[{"count":0,"href":"https:\/\/www.europesays.com\/fr\/wp-json\/wp\/v2\/posts\/556822\/revisions"}],"wp:featuredmedia":[{"embeddable":true,"href":"https:\/\/www.europesays.com\/fr\/wp-json\/wp\/v2\/media\/556823"}],"wp:attachment":[{"href":"https:\/\/www.europesays.com\/fr\/wp-json\/wp\/v2\/media?parent=556822"}],"wp:term":[{"taxonomy":"category","embeddable":true,"href":"https:\/\/www.europesays.com\/fr\/wp-json\/wp\/v2\/categories?post=556822"},{"taxonomy":"post_tag","embeddable":true,"href":"https:\/\/www.europesays.com\/fr\/wp-json\/wp\/v2\/tags?post=556822"}],"curies":[{"name":"wp","href":"https:\/\/api.w.org\/{rel}","templated":true}]}}