{"id":556824,"date":"2025-11-25T04:10:26","date_gmt":"2025-11-25T04:10:26","guid":{"rendered":"https:\/\/www.europesays.com\/fr\/556824\/"},"modified":"2025-11-25T04:10:26","modified_gmt":"2025-11-25T04:10:26","slug":"meteo-a-marseille-les-previsions-du-lundi-24-novembre-2025","status":"publish","type":"post","link":"https:\/\/www.europesays.com\/fr\/556824\/","title":{"rendered":"M\u00e9t\u00e9o \u00e0 Marseille : les pr\u00e9visions du lundi 24 novembre 2025"},"content":{"rendered":"<p>\u00c0 Marseille, la journ\u00e9e du lundi 24 novembre 2025 sera marqu\u00e9e par des averses intermittentes et un ciel partag\u00e9 entre bruine et \u00e9claircies. Les temp\u00e9ratures resteront fra\u00eeches autour de 12 \u00e0 13 \u00b0C, dans une atmosph\u00e8re humide et venteuse.<\/p>\n<p>    Ce matin \u00e0 Marseille : bruine au lever du soleil<\/p>\n<p>Le soleil s\u2019est lev\u00e9 \u00e0 07 h 43, mais il est rest\u00e9 discret : une bruine persistante enveloppe le Vieux-Port d\u00e8s l\u2019aube.<\/p>\n<p>\u00c0 09 h, la temp\u00e9rature atteint <b>12 \u00b0C<\/b>, avec un ressenti \u00e9quivalent. L\u2019humidit\u00e9 grimpe \u00e0 83 %, tandis que la pression demeure mod\u00e9r\u00e9e \u00e0 1008 hPa.<\/p>\n<p>Un vent d\u2019Ouest souffle \u00e0 17 km\/h, sans rafales marqu\u00e9es. Les chauss\u00e9es restent humides, ce qui allonge les distances de freinage.<\/p>\n<ul>\n<li><b>\u00c9quipez-vous<\/b> d\u2019un v\u00eatement imperm\u00e9able.<\/li>\n<li><b>R\u00e9duisez<\/b> la vitesse en deux-roues sur les pav\u00e9s.<\/li>\n<li><b>Gardez<\/b> vos phares allum\u00e9s pour \u00eatre mieux vus.<\/li>\n<\/ul>\n<p>Les mod\u00e8les num\u00e9riques, confirm\u00e9s par M\u00e9t\u00e9o-France, annoncent une matin\u00e9e fra\u00eeche et humide, typique de la fin novembre, mais sans danger notable.<\/p>\n<p>Apr\u00e8s-midi : timides \u00e9claircies, ambiance fra\u00eeche<\/p>\n<p>Entre midi et 16 h, la couverture nuageuse se morcelle par moments, laissant entrevoir quelques \u00e9claircies.<\/p>\n<p>Le mercure gagne un degr\u00e9 pour atteindre <b>13 \u00b0C<\/b>, une valeur proche des normales saisonni\u00e8res. L\u2019humidit\u00e9 reste \u00e9lev\u00e9e \u00e0 79 %.<\/p>\n<p>La probabilit\u00e9 de pluie demeure \u00e0 100 % ; de br\u00e8ves ond\u00e9es alterneront avec des accalmies, ralentissant le s\u00e9chage du bitume.<\/p>\n<p>Le vent s\u2019oriente au Sud-Ouest \u00e0 15 km\/h, l\u00e0 encore sans rafales significatives.<\/p>\n<p>Ce contraste entre l\u2019air frais et une mer encore ti\u00e8de favorise l\u2019instabilit\u00e9. Les climatologues rappellent qu\u2019une M\u00e9diterran\u00e9e r\u00e9chauff\u00e9e d\u2019environ 1 \u00b0C depuis 1980 encourage ces alternances rapides, t\u00e9moignant du changement climatique.<\/p>\n<p>Soir\u00e9e : reprise d\u2019une pluie faible avant le coucher du soleil<\/p>\n<p>Le soleil se couchera \u00e0 17 h 07 sous un ciel redevenu uniform\u00e9ment gris.<\/p>\n<p>D\u00e8s 18 h, de nouvelles averses gagnent la cit\u00e9 phoc\u00e9enne. \u00c0 21 h, la temp\u00e9rature redescend \u00e0 <b>12 \u00b0C<\/b>, pour un ressenti identique, avec une humidit\u00e9 \u00e0 83 %.<\/p>\n<p>Le vent, tr\u00e8s calme de Nord-Ouest, souffle autour de 8 km\/h : aucun risque maritime particulier.<\/p>\n<p>Sur l\u2019ensemble de la journ\u00e9e, les cumuls atteindront environ <b>5 mm<\/b>. La rencontre de l\u2019OM au V\u00e9lodrome se d\u00e9roulera donc sur un terrain gras ; pr\u00e9voyez des v\u00eatements d\u00e9perlants.<\/p>\n<p>La visibilit\u00e9 pourra localement se r\u00e9duire sous les averses. Redoublez de prudence sur les boulevards p\u00e9riurbains et la L2.<\/p>\n<p>Tendance pour demain : mistral fort, ciel limpide<\/p>\n<p>Au cours de la nuit, le mistral se l\u00e8vera brutalement. D\u00e8s 00 h, on attend un flux de Nord-Ouest \u00e0 <b>58 km\/h<\/b>, avec des pointes \u00e0 60 km\/h.<\/p>\n<p>Cons\u00e9quence imm\u00e9diate : l\u2019air deviendra nettement plus sec, emportant tous les nuages.<\/p>\n<p>Le thermom\u00e8tre chutera \u00e0 <b>7 \u00b0C<\/b>, mais le ressenti descendra jusqu\u2019\u00e0 <b>1 \u00b0C<\/b> sous l\u2019effet du vent. En journ\u00e9e, la maximale ne d\u00e9passera pas <b>10 \u00b0C<\/b>, malgr\u00e9 un ciel parfaitement d\u00e9gag\u00e9.<\/p>\n<p>Pr\u00e9parez gants et \u00e9charpe pour les trajets matinaux. Les usagers de deux-roues devront redoubler de vigilance face aux rafales transversales sur les ponts.<\/p>\n<p>\u00c0 plus long terme, la mi-semaine s\u2019annonce toujours s\u00e8che, vent\u00e9e et assez froide. Pour un suivi heure par heure, consultez <a href=\"https:\/\/www.meteocity.com\/france\/marseille-v2995469\" target=\"_blank\" rel=\"noopener\">notre bulletin complet<\/a>.<\/p>\n","protected":false},"excerpt":{"rendered":"\u00c0 Marseille, la journ\u00e9e du lundi 24 novembre 2025 sera marqu\u00e9e par des averses intermittentes et un ciel&hellip;\n","protected":false},"author":2,"featured_media":556825,"comment_status":"","ping_status":"","sticky":false,"template":"","format":"standard","meta":{"footnotes":""},"categories":[2814],"tags":[1111,11,1777,674,1011,27,884,12,882,25],"class_list":{"0":"post-556824","1":"post","2":"type-post","3":"status-publish","4":"format-standard","5":"has-post-thumbnail","7":"category-marseille","8":"tag-actu","9":"tag-actualites","10":"tag-eu","11":"tag-europe","12":"tag-fr","13":"tag-france","14":"tag-marseille","15":"tag-news","16":"tag-provence-alpes-cote-dazur","17":"tag-republique-francaise"},"share_on_mastodon":{"url":"https:\/\/pubeurope.com\/@fr\/115608382645568594","error":""},"_links":{"self":[{"href":"https:\/\/www.europesays.com\/fr\/wp-json\/wp\/v2\/posts\/556824","targetHints":{"allow":["GET"]}}],"collection":[{"href":"https:\/\/www.europesays.com\/fr\/wp-json\/wp\/v2\/posts"}],"about":[{"href":"https:\/\/www.europesays.com\/fr\/wp-json\/wp\/v2\/types\/post"}],"author":[{"embeddable":true,"href":"https:\/\/www.europesays.com\/fr\/wp-json\/wp\/v2\/users\/2"}],"replies":[{"embeddable":true,"href":"https:\/\/www.europesays.com\/fr\/wp-json\/wp\/v2\/comments?post=556824"}],"version-history":[{"count":0,"href":"https:\/\/www.europesays.com\/fr\/wp-json\/wp\/v2\/posts\/556824\/revisions"}],"wp:featuredmedia":[{"embeddable":true,"href":"https:\/\/www.europesays.com\/fr\/wp-json\/wp\/v2\/media\/556825"}],"wp:attachment":[{"href":"https:\/\/www.europesays.com\/fr\/wp-json\/wp\/v2\/media?parent=556824"}],"wp:term":[{"taxonomy":"category","embeddable":true,"href":"https:\/\/www.europesays.com\/fr\/wp-json\/wp\/v2\/categories?post=556824"},{"taxonomy":"post_tag","embeddable":true,"href":"https:\/\/www.europesays.com\/fr\/wp-json\/wp\/v2\/tags?post=556824"}],"curies":[{"name":"wp","href":"https:\/\/api.w.org\/{rel}","templated":true}]}}