{"id":556826,"date":"2025-11-25T04:11:28","date_gmt":"2025-11-25T04:11:28","guid":{"rendered":"https:\/\/www.europesays.com\/fr\/556826\/"},"modified":"2025-11-25T04:11:28","modified_gmt":"2025-11-25T04:11:28","slug":"lyon-envie-de-revoir-titanic-ou-avatar-des-films-de-james-cameron-de-retour-au-cinema","status":"publish","type":"post","link":"https:\/\/www.europesays.com\/fr\/556826\/","title":{"rendered":"Lyon : envie de revoir Titanic ou Avatar ? Des films de James Cameron de retour au cin\u00e9ma"},"content":{"rendered":"<p>Alors que le film \u00ab\u00a0Avatar 3 : de Feu et de Cendres\u00a0\u00bb sortira le 17 d\u00e9cembre 2025 dans les salles fran\u00e7aises, plusieurs films de James Cameron sont de retour au cin\u00e9ma \u00e0 Lyon. Mille places sont \u00e0 gagner.<\/p>\n<p>Avis aux fans des salles obscures ou du r\u00e9alisateur <b>James Cameron<\/b> ! Le troisi\u00e8me volet de la saga \u00ab\u00a0Avatar\u00a0\u00bb est sur le point de sortir au cin\u00e9ma. Intitul\u00e9 <b>\u00ab\u00a0Avatar 3 : de Feu et de Cendres\u00a0\u00bb<\/b>, le long-m\u00e9trage est attendu sur grand \u00e9cran <b>le 17 d\u00e9cembre prochain<\/b>.<\/p>\n<p>Pour l&rsquo;occasion, plusieurs chefs-d&rsquo;\u0153uvre de James Cameron vont \u00eatre de nouveau projet\u00e9s \u00e0 Lyon.<\/p>\n<p>Cinq s\u00e9ances \u00e0 Lyon, 1.000 places \u00e0 gagner<\/p>\n<p>\u00ab\u00a0Titanic\u00a0\u00bb, \u00ab\u00a0Terminator 2\u00a0\u00bb ou encore \u00ab\u00a0Avatar 1 et 2\u00a0\u00bb repasseront en salle obscure au d\u00e9but du mois de d\u00e9cembre dans le cadre des s\u00e9ances BNP Paribas Cin\u00e9Culte.<\/p>\n<p>Et bonne nouvelle : il y a <b>1.000 places \u00e0 gagner<\/b> pour les spectateurs lyonnais. Un tirage au sort est organis\u00e9 sur le site <a class=\"url\" href=\"https:\/\/welovecinema.bnpparibas\/bnp-paribas-cineculte-revient-lyon-pour-une-edition-special-james-cameron\" target=\"_blank\" rel=\"noopener\">welovecinema.bnpparibas<\/a>.<\/p>\n<p>Les s\u00e9ances auront lieu <b>du 8 au 12 d\u00e9cembre<\/b>\u00a0au cin\u00e9ma UGC Confluence (\u00e0 19h15) :<\/p>\n<p>&#8211; <b>Lundi 8 d\u00e9cembre :<\/b> \u00ab\u00a0Abyss\u00a0\u00bb<\/p>\n<p>&#8211; <b>Mardi 9 d\u00e9cembre :<\/b> \u00ab\u00a0Terminator 2, le jugement dernier\u00a0\u00bb<\/p>\n<p>&#8211; <b>Mercredi 10 d\u00e9cembre :<\/b> \u00ab\u00a0Aliens le retour\u00a0\u00bb<\/p>\n<p>&#8211; <b>Jeudi 11 d\u00e9cembre :<\/b> \u00ab\u00a0Titanic\u00a0\u00bb<\/p>\n<p>&#8211; <b>Vendredi 12 d\u00e9cembre :<\/b> \u00ab\u00a0Avatar\u00a0\u00bb et \u00ab\u00a0Avatar : la voie de l&rsquo;eau\u00a0\u00bb<\/p>\n<p><img loading=\"lazy\" decoding=\"async\" src=\"https:\/\/www.europesays.com\/fr\/wp-content\/uploads\/2025\/11\/1764043888_55_img\" width=\"350\" height=\"200\" border=\"0\" title=\"Un spectacle au festival des Nuits de Fourvi\u00c3\u00a8re\"\/><\/p>\n<p>\u25baCulture<\/p>\n<p style=\"font-size: 22px;\"><b>Nuits de Fourvi\u00e8re 2026 : les premiers billets mis en vente cette semaine<\/b><\/p>\n<p>Ce lundi 24 novembre, trois nouveaux artistes de&#8230;<\/p>\n<p><\/p>\n","protected":false},"excerpt":{"rendered":"Alors que le film \u00ab\u00a0Avatar 3 : de Feu et de Cendres\u00a0\u00bb sortira le 17 d\u00e9cembre 2025 dans&hellip;\n","protected":false},"author":2,"featured_media":556827,"comment_status":"","ping_status":"","sticky":false,"template":"","format":"standard","meta":{"footnotes":""},"categories":[1889],"tags":[1111,11,15630,2430,13618,1972,3157,1777,674,1011,27,28114,2428,12,18433,25,44921,46209],"class_list":{"0":"post-556826","1":"post","2":"type-post","3":"status-publish","4":"format-standard","5":"has-post-thumbnail","7":"category-lyon","8":"tag-actu","9":"tag-actualites","10":"tag-alien","11":"tag-auvergne-rhone-alpes","12":"tag-avatar","13":"tag-cinma","14":"tag-confluence","15":"tag-eu","16":"tag-europe","17":"tag-fr","18":"tag-france","19":"tag-james-cameron","20":"tag-lyon","21":"tag-news","22":"tag-places","23":"tag-republique-francaise","24":"tag-terminator","25":"tag-titanic"},"share_on_mastodon":{"url":"https:\/\/pubeurope.com\/@fr\/115608387219783061","error":""},"_links":{"self":[{"href":"https:\/\/www.europesays.com\/fr\/wp-json\/wp\/v2\/posts\/556826","targetHints":{"allow":["GET"]}}],"collection":[{"href":"https:\/\/www.europesays.com\/fr\/wp-json\/wp\/v2\/posts"}],"about":[{"href":"https:\/\/www.europesays.com\/fr\/wp-json\/wp\/v2\/types\/post"}],"author":[{"embeddable":true,"href":"https:\/\/www.europesays.com\/fr\/wp-json\/wp\/v2\/users\/2"}],"replies":[{"embeddable":true,"href":"https:\/\/www.europesays.com\/fr\/wp-json\/wp\/v2\/comments?post=556826"}],"version-history":[{"count":0,"href":"https:\/\/www.europesays.com\/fr\/wp-json\/wp\/v2\/posts\/556826\/revisions"}],"wp:featuredmedia":[{"embeddable":true,"href":"https:\/\/www.europesays.com\/fr\/wp-json\/wp\/v2\/media\/556827"}],"wp:attachment":[{"href":"https:\/\/www.europesays.com\/fr\/wp-json\/wp\/v2\/media?parent=556826"}],"wp:term":[{"taxonomy":"category","embeddable":true,"href":"https:\/\/www.europesays.com\/fr\/wp-json\/wp\/v2\/categories?post=556826"},{"taxonomy":"post_tag","embeddable":true,"href":"https:\/\/www.europesays.com\/fr\/wp-json\/wp\/v2\/tags?post=556826"}],"curies":[{"name":"wp","href":"https:\/\/api.w.org\/{rel}","templated":true}]}}