{"id":556831,"date":"2025-11-25T04:15:26","date_gmt":"2025-11-25T04:15:26","guid":{"rendered":"https:\/\/www.europesays.com\/fr\/556831\/"},"modified":"2025-11-25T04:15:26","modified_gmt":"2025-11-25T04:15:26","slug":"deux-humanitaires-condamnes-mais-liberes-apres-un-proces-inedit-sur-laide-aux-migrants-non-lieu-pour-trois-autres","status":"publish","type":"post","link":"https:\/\/www.europesays.com\/fr\/556831\/","title":{"rendered":"deux humanitaires condamn\u00e9s mais lib\u00e9r\u00e9s apr\u00e8s un proc\u00e8s in\u00e9dit sur l\u2019aide aux migrants, non-lieu pour trois autres"},"content":{"rendered":"<p>                      <img loading=\"lazy\" decoding=\"async\" src=\"https:\/\/www.europesays.com\/fr\/wp-content\/uploads\/2025\/11\/51a4b16_upload-1-x8p6jmhyafso-screen-shot-2025-11-24-at-5-02-27-pm.png\" alt=\"Un portrait de Mustapha Djemali diffus\u00e9 par Amnesty International.\"   width=\"664\" height=\"443\"\/>    Un portrait de Mustapha Djemali diffus\u00e9 par Amnesty International.  AMNESTY INTERNATIONAL                          <\/p>\n<p class=\"article__paragraph  \">Cinq travailleurs humanitaires, dont un Tuniso-Suisse ancien haut cadre de l\u2019ONU, \u00e9taient jug\u00e9s, lundi 24 novembre, \u00e0 Tunis, pour avoir facilit\u00e9 l\u2019entr\u00e9e ill\u00e9gale de migrants dans le pays. Il s\u2019agissait du premier proc\u00e8s de ce type en Tunisie. Deux des pr\u00e9venus ont \u00e9t\u00e9 condamn\u00e9s \u00e0 des peines plus l\u00e9g\u00e8res que pr\u00e9vu, et les trois autres ont b\u00e9n\u00e9fici\u00e9 d\u2019un non-lieu, selon des sources judiciaires.<\/p>\n<p>                                            Lire aussi |  Article r\u00e9serv\u00e9 \u00e0 nos abonn\u00e9s  <a href=\"https:\/\/www.lemonde.fr\/afrique\/article\/2025\/11\/05\/en-tunisie-les-migrants-prennent-toujours-plus-de-risques-pour-partir_6652361_3212.html\" class=\"js-article-read-also catcher--favoris__link\" data-premium=\"1\" id=\"article-title-3445108\" target=\"_blank\" rel=\"noopener\">En Tunisie, les migrants prennent toujours plus de risques pour partir<\/a>    <\/p>\n<p>   Lire plus tard  <\/p>\n<p class=\"article__paragraph  \">Mustapha Djemali, 81 ans, \u00e9galement citoyen suisse et fondateur du Conseil tunisien des r\u00e9fugi\u00e9s (CTR), Abderrazek Krimi, chef de projet du CTR \u2013 emprisonn\u00e9s depuis un an et demi \u2013 ainsi que trois autres mis en cause comparaissant libres, \u00e9taient accus\u00e9s de \u00ab\u00a0cr\u00e9ation d\u2019une organisation\u00a0\u00bb visant \u00e0 \u00ab\u00a0faciliter l\u2019entr\u00e9e clandestine\u00a0\u00bb et \u00e0 \u00ab\u00a0h\u00e9berger\u00a0\u00bb des migrants.<\/p>\n<p class=\"article__paragraph  \">Les deux d\u00e9tenus, Mustapha Djemali et Abderrazek Krimi, ont \u00e9t\u00e9 condamn\u00e9s \u00e0 deux ans de prison mais, ayant effectu\u00e9 l\u2019essentiel de leur peine apr\u00e8s environ vingt mois de d\u00e9tention, ils \u00ab\u00a0vont \u00eatre lib\u00e9r\u00e9s d\u00e8s ce soir\u00a0\u00bb, a d\u00e9clar\u00e9 \u00e0 l\u2019Agence France-Presse (AFP) leur avocate, Mounira Ayadi. Les trois autres employ\u00e9s du CTR ont b\u00e9n\u00e9fici\u00e9 d\u2019un non-lieu, selon M\u1d49 Ayadi.<\/p>\n<p class=\"article__paragraph  \">Les avocats ont tous plaid\u00e9 en expliquant que le CTR travaillait en \u00ab\u00a0partenariat exclusif\u00a0\u00bb et dans le cadre d\u2019une \u00ab\u00a0convention l\u00e9gale\u00a0\u00bb avec le Haut-Commissariat aux r\u00e9fugi\u00e9s de l\u2019ONU (HCR) en Tunisie afin de trouver des h\u00e9bergements d\u2019urgence aux demandeurs d\u2019asile et aux r\u00e9fugi\u00e9s.<\/p>\n<p class=\"article__paragraph  \">\u00ab\u00a0Nous sommes tr\u00e8s heureux. La condamnation reste injuste mais on est vraiment soulag\u00e9s car la peine est plut\u00f4t l\u00e9g\u00e8re\u00a0\u00bb, a r\u00e9agi aupr\u00e8s de l\u2019AFP Yusra Djemali, l\u2019une des filles du pr\u00e9sident du CTR. \u00ab\u00a0Il lui reste environ quatre mois avec sursis, mais l\u2019important c\u2019est qu\u2019il sorte de prison d\u00e8s ce soir\u00a0\u00bb, a-t-elle ajout\u00e9.<\/p>\n<p class=\"article__paragraph  \">\u00ab\u00a0Nous attendions et restons attach\u00e9s \u00e0 l\u2019acquittement, mais le tribunal a choisi de rester au milieu\u00a0: il a condamn\u00e9 tout en all\u00e9geant la peine\u00a0\u00bb alors que les pr\u00e9venus encouraient plus de dix ans de d\u00e9tention, a indiqu\u00e9 \u00e0 l\u2019AFP M\u1d49 Ayadi.<\/p>\n<p>                                       Lire aussi |  Article r\u00e9serv\u00e9 \u00e0 nos abonn\u00e9s  <a href=\"https:\/\/www.lemonde.fr\/afrique\/article\/2025\/10\/16\/tunisie-ouverture-du-proces-de-mustapha-djemali-juge-pour-etre-venu-en-aide-a-des-migrants_6647146_3212.html\" class=\"js-article-read-also catcher--favoris__link\" data-premium=\"1\" id=\"article-title-3442522\" target=\"_blank\" rel=\"noopener\">Tunisie\u00a0: ouverture du proc\u00e8s de Mustapha Djemali, jug\u00e9 pour \u00eatre venu en aide \u00e0 des migrants<\/a>    <\/p>\n<p>   Lire plus tard  <\/p>\n<p>                          Un proc\u00e8s embl\u00e9matique pour la soci\u00e9t\u00e9 civile tunisienne                    <\/p>\n<p class=\"article__paragraph  \">A l\u2019audience lundi, M. Djemali, haut responsable r\u00e9gional du HCR pendant plus de vingt ans, avait d\u00e9fendu avec \u00e9motion son action, soulignant que l\u2019association s\u2019occupait \u00ab\u00a0de demandeurs d\u2019asile, sans aucun lien avec l\u2019immigration clandestine\u00a0\u00bb.<\/p>\n<p> Le Monde M\u00e9morable  <\/p>\n<p> <a href=\"https:\/\/www.lemonde.fr\/memorable\/?rfextension=inread\" class=\"inread__link js-services-inread-link\" target=\"_blank\" rel=\"noopener\">  <\/p>\n<p>Testez votre culture g\u00e9n\u00e9rale avec la r\u00e9daction du \u00ab Monde \u00bb<\/p>\n<p>Testez votre culture g\u00e9n\u00e9rale avec la r\u00e9daction du \u00ab Monde \u00bb<\/p>\n<p>D\u00e9couvrir<\/p>\n<p> <\/a>      <\/p>\n<p> Newsletter  <\/p>\n<p> <a href=\"https:\/\/www.lemonde.fr\/newsletters\/a-la-une\/\" class=\"inread__link js-services-inread-link\" target=\"_blank\" rel=\"noopener\">  <\/p>\n<p>\u00ab A la une \u00bb<\/p>\n<p>Chaque matin, parcourez l&rsquo;essentiel de l&rsquo;actualit\u00e9 du jour avec les derniers titres du \u00ab Monde \u00bb<\/p>\n<p>S&rsquo;inscrire<\/p>\n<p> <\/a>          <\/p>\n<p> Le Monde Application  <\/p>\n<p> <a href=\"https:\/\/lamatinale.onelink.me\/gKMy\/ahw2ubr3\" class=\"inread__link js-services-inread-link\" target=\"_blank\" rel=\"noopener\">  <\/p>\n<p>La Matinale du Monde<\/p>\n<p>Chaque matin, retrouvez notre s\u00e9lection de 20 articles \u00e0 ne pas manquer <\/p>\n<p>T\u00e9l\u00e9charger l&rsquo;application<\/p>\n<p> <\/a>      <\/p>\n<p> Newsletter abonn\u00e9s  <\/p>\n<p> <a href=\"https:\/\/www.lemonde.fr\/newsletters\/international\/\" class=\"inread__link js-services-inread-link\" target=\"_blank\" rel=\"noopener\">  <\/p>\n<p>\u00ab International \u00bb<\/p>\n<p>L\u2019essentiel de l\u2019actualit\u00e9 internationale de la semaine<\/p>\n<p>S&rsquo;inscrire<\/p>\n<p> <\/a>             <\/p>\n<p class=\"article__paragraph  \">Le CTR travaillait \u00ab\u00a0sous la supervision du Haut-commissariat\u00a0\u00bb pour h\u00e9berger \u00ab\u00a0des migrants sauv\u00e9s en mer\u00a0\u00bb par les autorit\u00e9s, a-t-il soulign\u00e9, avant de demander les yeux emplis de larmes\u00a0: \u00ab\u00a0Pourquoi suis-je ici\u00a0?\u00a0\u00bb. Soulignant \u0153uvrer \u00ab\u00a0dans l\u2019humanitaire depuis plus de quarante ans\u00a0\u00bb, il a ajout\u00e9\u00a0: \u00ab\u00a0Nous n\u2019avons form\u00e9 aucune bande, ni entente.\u00a0\u00bb<\/p>\n<p class=\"article__paragraph  \">M. Krimi s\u2019\u00e9tait interrog\u00e9 de mani\u00e8re similaire\u00a0: \u00ab\u00a0Pourquoi sommes-nous d\u00e9tenus depuis vingt mois\u00a0?\u00a0\u00bb. Le CTR apportait de l\u2019aide \u00ab\u00a0aux cas vuln\u00e9rables, aux enfants, aux femmes victimes de violences sexuelles et aux personnes \u00e2g\u00e9es\u00a0\u00bb, a-t-il argu\u00e9, estimant avoir \u00ab\u00a0agi par devoir national et en coordination avec les autorit\u00e9s\u00a0\u00bb.<\/p>\n<p class=\"article__paragraph  \">Peu avant l\u2019audience, l\u2019ONG am\u00e9ricaine Human Rights Watch (HRW) avait appel\u00e9 lundi \u00ab\u00a0les autorit\u00e9s tunisiennes \u00e0 abandonner des accusations infond\u00e9es, \u00e0 remettre en libert\u00e9 les d\u00e9tenus et \u00e0 arr\u00eater de criminaliser le travail l\u00e9gitime\u00a0\u00bb des associations. \u00ab\u00a0Le CTR a men\u00e9 un travail de protection essentiel en soutien aux r\u00e9fugi\u00e9s et demandeurs d\u2019asile, op\u00e9rant l\u00e9galement avec des organisations internationales accr\u00e9dit\u00e9es en Tunisie\u00a0\u00bb, avait martel\u00e9 Bassam Khawaja, directeur r\u00e9gional adjoint de HRW, dans un communiqu\u00e9 de l\u2019ONG.<\/p>\n<p>                                       Lire aussi |  Article r\u00e9serv\u00e9 \u00e0 nos abonn\u00e9s  <a href=\"https:\/\/www.lemonde.fr\/afrique\/article\/2025\/11\/14\/abir-moussi-une-figure-de-l-opposition-ciblee-une-nouvelle-fois-par-la-justice-tunisienne_6653442_3212.html\" class=\"js-article-read-also catcher--favoris__link\" data-premium=\"1\" id=\"article-title-3446567\" target=\"_blank\" rel=\"noopener\">En Tunisie, Abir Moussi, une figure de l\u2019opposition, cibl\u00e9e une nouvelle fois par la justice<\/a>    <\/p>\n<p>   Lire plus tard  <\/p>\n<p>                          Un contexte politique tendu et des droits en recul                    <\/p>\n<p class=\"article__paragraph  \">Les deux hommes d\u00e9tenus avaient \u00e9t\u00e9 arr\u00eat\u00e9s en mai 2024, en m\u00eame temps qu\u2019une dizaine d\u2019autres travailleurs humanitaires comme Sherifa Riahi, dirigeante de l\u2019association Terre d\u2019asile, et la militante anti-raciste Saadia Mosbah de l\u2019ONG Mnemty, sous le soup\u00e7on d\u2019avoir facilit\u00e9 une entr\u00e9e ill\u00e9gale de migrants. Le proc\u00e8s des militants de Terre d\u2019asile doit d\u00e9marrer le 15 d\u00e9cembre.<\/p>\n<p class=\"article__paragraph  \">Les ONG tunisiennes et \u00e9trang\u00e8res ont d\u00e9plor\u00e9 une r\u00e9gression des droits et libert\u00e9s en Tunisie depuis un coup de force du pr\u00e9sident Kais Saied \u00e0 l\u2019\u00e9t\u00e9 2021, par lequel il s\u2019est empar\u00e9 des pleins pouvoirs.<\/p>\n<p class=\"article__paragraph  \">En f\u00e9vrier 2023, M. Saied avait d\u00e9nonc\u00e9 dans un discours virulent, l\u2019arriv\u00e9e \u00ab\u00a0de hordes de migrants subsahariens\u00a0\u00bb mena\u00e7ant, selon lui, de \u00ab\u00a0changer la composition d\u00e9mographique\u00a0\u00bb du pays. Les semaines suivantes, des milliers de Subsahariens, priv\u00e9s de leur travail et logement, avaient \u00e9t\u00e9 rapatri\u00e9s en urgence par leurs pays ou avaient pris la mer clandestinement pour fuir la Tunisie. D\u2019autres avaient \u00e9t\u00e9 expuls\u00e9s aux fronti\u00e8res d\u00e9sertiques avec l\u2019Alg\u00e9rie et la Libye, o\u00f9 au moins une centaine d\u2019entre eux avaient trouv\u00e9 la mort.<\/p>\n<p>                                       Lire aussi |  Article r\u00e9serv\u00e9 \u00e0 nos abonn\u00e9s  <a href=\"https:\/\/www.lemonde.fr\/idees\/article\/2025\/11\/19\/yosra-frawes-avocate-le-president-tunisien-kais-saied-n-a-jamais-ete-acquis-ni-aux-droits-des-femmes-ni-aux-libertes-ni-aux-droits-humains_6653993_3232.html\" class=\"js-article-read-also catcher--favoris__link\" data-premium=\"1\" id=\"article-title-3445997\" target=\"_blank\" rel=\"noopener\">Yosra Frawes, avocate\u00a0: \u00ab\u00a0Le pr\u00e9sident tunisien, Ka\u00efs Sa\u00efed, n\u2019a jamais \u00e9t\u00e9 acquis ni aux droits des femmes, ni aux libert\u00e9s, ni aux droits humains\u00a0\u00bb<\/a>    <\/p>\n<p>   Lire plus tard  <\/p>\n<p class=\"author__detail\">  Le Monde avec AFP  <\/p>\n<p>                <a href=\"https:\/\/www.lemonde.fr\/syndication\/\" class=\"reuse__content\" title=\"R\u00e9utiliser ce contenu\" target=\"_blank\" rel=\"noopener\">R\u00e9utiliser ce contenu<\/a>      <\/p>\n","protected":false},"excerpt":{"rendered":"Un portrait de Mustapha Djemali diffus\u00e9 par Amnesty International. AMNESTY INTERNATIONAL Cinq travailleurs humanitaires, dont un Tuniso-Suisse ancien&hellip;\n","protected":false},"author":2,"featured_media":556832,"comment_status":"","ping_status":"","sticky":false,"template":"","format":"standard","meta":{"footnotes":""},"categories":[1888],"tags":[1111,1928,11,1927,1777,674,1011,27,12,1926,626,1925,25],"class_list":{"0":"post-556831","1":"post","2":"type-post","3":"status-publish","4":"format-standard","5":"has-post-thumbnail","7":"category-paris","8":"tag-actu","9":"tag-actu-paris","10":"tag-actualites","11":"tag-actualites-paris","12":"tag-eu","13":"tag-europe","14":"tag-fr","15":"tag-france","16":"tag-news","17":"tag-news-paris","18":"tag-paris","19":"tag-paris-news","20":"tag-republique-francaise"},"share_on_mastodon":{"url":"https:\/\/pubeurope.com\/@fr\/115608402982917304","error":""},"_links":{"self":[{"href":"https:\/\/www.europesays.com\/fr\/wp-json\/wp\/v2\/posts\/556831","targetHints":{"allow":["GET"]}}],"collection":[{"href":"https:\/\/www.europesays.com\/fr\/wp-json\/wp\/v2\/posts"}],"about":[{"href":"https:\/\/www.europesays.com\/fr\/wp-json\/wp\/v2\/types\/post"}],"author":[{"embeddable":true,"href":"https:\/\/www.europesays.com\/fr\/wp-json\/wp\/v2\/users\/2"}],"replies":[{"embeddable":true,"href":"https:\/\/www.europesays.com\/fr\/wp-json\/wp\/v2\/comments?post=556831"}],"version-history":[{"count":0,"href":"https:\/\/www.europesays.com\/fr\/wp-json\/wp\/v2\/posts\/556831\/revisions"}],"wp:featuredmedia":[{"embeddable":true,"href":"https:\/\/www.europesays.com\/fr\/wp-json\/wp\/v2\/media\/556832"}],"wp:attachment":[{"href":"https:\/\/www.europesays.com\/fr\/wp-json\/wp\/v2\/media?parent=556831"}],"wp:term":[{"taxonomy":"category","embeddable":true,"href":"https:\/\/www.europesays.com\/fr\/wp-json\/wp\/v2\/categories?post=556831"},{"taxonomy":"post_tag","embeddable":true,"href":"https:\/\/www.europesays.com\/fr\/wp-json\/wp\/v2\/tags?post=556831"}],"curies":[{"name":"wp","href":"https:\/\/api.w.org\/{rel}","templated":true}]}}