{"id":556833,"date":"2025-11-25T04:17:14","date_gmt":"2025-11-25T04:17:14","guid":{"rendered":"https:\/\/www.europesays.com\/fr\/556833\/"},"modified":"2025-11-25T04:17:14","modified_gmt":"2025-11-25T04:17:14","slug":"je-naime-plus-paris-lou-doillon-son-celebre-compagnon-et-leur-fils-laszlo-retires-dans-une-belle-demeure-a-la-campagne-2","status":"publish","type":"post","link":"https:\/\/www.europesays.com\/fr\/556833\/","title":{"rendered":"\u00ab\u00a0Je n&rsquo;aime plus Paris\u00a0\u00bb : Lou Doillon, son c\u00e9l\u00e8bre compagnon et leur fils Laszlo retir\u00e9s dans une belle demeure \u00e0 la campagne"},"content":{"rendered":"<p class=\"mb-4 text-lg md:leading-8 break-words\">Si dans la vie de la fille de Jane Birkin et de son compagnon St\u00e9phane Manel la capitale a une place importante, la petite famille s&rsquo;est aujourd&rsquo;hui am\u00e9nag\u00e9e un petit cocon, loin des embouteillages parisiens : un belle demeure au beau milieu de la nature, et d\u00e9cor\u00e9e d&rsquo;une mani\u00e8re tr\u00e8s vintage.<\/p>\n<p class=\"mb-4 text-lg md:leading-8 break-words\">Si Paris occupe toujours une place importante, dans sa vie, <a href=\"https:\/\/www.purepeople.com\/people\/lou-doillon_p395\" rel=\"nofollow noopener\" target=\"_blank\" data-ylk=\"slk:Lou Doillon;elm:context_link;itc:0;sec:content-canvas\" class=\"link \"><strong>Lou Doillon<\/strong><\/a> s&rsquo;est un peu <strong>\u00e9loign\u00e9e<\/strong>, depuis plusieurs ann\u00e9es, <strong>du tumulte de la ville<\/strong>. La fille de <a href=\"https:\/\/www.purepeople.com\/people\/jane-birkin_p392\" rel=\"nofollow noopener\" target=\"_blank\" data-ylk=\"slk:Jane Birkin;elm:context_link;itc:0;sec:content-canvas\" class=\"link \">Jane Birkin<\/a> et du cin\u00e9aste <a href=\"https:\/\/fr.news.yahoo.com\/jacques-doillon-plac%C3%A9-statut-t%C3%A9moin-092300128.html\" data-ylk=\"slk:Jacques Doillon;elm:context_link;itc:0;sec:content-canvas;outcm:mb_qualified_link;_E:mb_qualified_link;ct:story;\" class=\"link  yahoo-link\" target=\"_blank\" rel=\"noopener\">Jacques Doillon<\/a> \u00e9l\u00e8ve en effet une partie de l&rsquo;ann\u00e9e son petit gar\u00e7on, <a href=\"https:\/\/fr.news.yahoo.com\/lou-doillon-maman-2e-fois-141715720.html\" data-ylk=\"slk:Laszlo Keats Miller Manel;elm:context_link;itc:0;sec:content-canvas;outcm:mb_qualified_link;_E:mb_qualified_link;ct:story;\" class=\"link  yahoo-link\" target=\"_blank\" rel=\"noopener\">Laszlo Keats Miller Manel<\/a>, n\u00e9 le 26 juillet 2022, \u00e0 la campagne, <strong>en Normandie<\/strong>, dans <strong>une belle demeure traditionnelle<\/strong> dont elle partage souvent des photos, sur son compte Instagram. <a href=\"https:\/\/fr.news.yahoo.com\/lou-doillon-maison-isol%C3%A9e-%C3%A0-203700356.html\" data-ylk=\"slk:&quot;Je vis en partie \u00e0 la campagne&quot;;elm:context_link;itc:0;sec:content-canvas;outcm:mb_qualified_link;_E:mb_qualified_link;ct:story;\" class=\"link  yahoo-link\" target=\"_blank\" rel=\"noopener\">\u00ab\u00a0Je vis en partie \u00e0 la campagne\u00a0\u00bb<\/a>, a r\u00e9cemment confi\u00e9 la demi-s\u0153ur de <a href=\"https:\/\/www.purepeople.com\/people\/charlotte-gainsbourg_p393\" rel=\"nofollow noopener\" target=\"_blank\" data-ylk=\"slk:Charlotte Gainsbourg;elm:context_link;itc:0;sec:content-canvas\" class=\"link \">Charlotte Gainsbourg<\/a> \u00e0 Madame Figaro, avant de d\u00e9tailler les gestes \u00e9colos qu&rsquo;elle avait mis en place, dans son havre de paix. \u00ab\u00a0J&rsquo;ai un compost, un potager, une r\u00e9serve d&rsquo;eau de pluie et des panneaux photovolta\u00efques, avait indiqu\u00e9 la quadrag\u00e9naire dans les colonnes de l&rsquo;hebdomadaire. C&rsquo;est la moindre des choses de recycler, de ne plus acheter de bouteilles en plastique&#8230; De faire des efforts ordinaires, en somme.\u00a0\u00bb<\/p>\n<p class=\"mb-4 text-lg md:leading-8 break-words\">Le 24 ao\u00fbt 2025, Lou Doillon avait notamment partag\u00e9 des clich\u00e9s de son \u00e9t\u00e9 \u00e0 la campagne, avec <a href=\"https:\/\/fr.news.yahoo.com\/charlotte-gainsbourg-lou-doillon-enfants-074400269.html\" data-ylk=\"slk:ses enfants;elm:context_link;itc:0;sec:content-canvas;outcm:mb_qualified_link;_E:mb_qualified_link;ct:story;\" class=\"link  yahoo-link\" target=\"_blank\" rel=\"noopener\">ses enfants<\/a>, profitant du soleil, mais aussi des fruits et des l\u00e9gumes du jardin, loin, tr\u00e8s loin des embouteillages parisiens. L&rsquo;\u00e9t\u00e9 pr\u00e9c\u00e9dent, le 27 ao\u00fbt 2024, <a href=\"https:\/\/fr.news.yahoo.com\/lou-doillon-maman-fi%C3%A8re-fils-091700311.html\" data-ylk=\"slk:la mannequin et cr\u00e9atrice de 43 ans;elm:context_link;itc:0;sec:content-canvas;outcm:mb_qualified_link;_E:mb_qualified_link;ct:story;\" class=\"link  yahoo-link\" target=\"_blank\" rel=\"noopener\">la mannequin et cr\u00e9atrice de 43 ans<\/a> avait d\u00e9j\u00e0 post\u00e9 quelques-uns de <strong>ses instants \u00e0 vie dans sa maison<\/strong>, o\u00f9 <a href=\"https:\/\/fr.news.yahoo.com\/jane-birkin-laszlo-petit-fils-100600402.html\" data-ylk=\"slk:le petit Laszlo Keats Miller Manel;elm:context_link;itc:0;sec:content-canvas;outcm:mb_qualified_link;_E:mb_qualified_link;ct:story;\" class=\"link  yahoo-link\" target=\"_blank\" rel=\"noopener\">le petit Laszlo Keats Miller Manel<\/a> semble appr\u00e9cier les choses simples, comme la cueillette ou les promenades dans les champs. Et \u00e7a, \u00e7a n&rsquo;est visiblement pas pour d\u00e9plaire, non plus, \u00e0 son papa, <a href=\"https:\/\/fr.news.yahoo.com\/jane-birkin-repose-pr%C3%A8s-kate-091900627.html\" data-ylk=\"slk:l&#039;illustrateur St\u00e9phane Manel;elm:context_link;itc:0;sec:content-canvas;outcm:mb_qualified_link;_E:mb_qualified_link;ct:story;\" class=\"link  yahoo-link\" target=\"_blank\" rel=\"noopener\"><strong>l&rsquo;illustrateur St\u00e9phane Manel<\/strong><\/a>. <a href=\"https:\/\/fr.news.yahoo.com\/lou-doillon-f%C3%AAte-40-ans-092400862.html\" data-ylk=\"slk:Le compagnon de Lou Doillon;elm:context_link;itc:0;sec:content-canvas;outcm:mb_qualified_link;_E:mb_qualified_link;ct:story;\" class=\"link  yahoo-link\" target=\"_blank\" rel=\"noopener\">Le compagnon de Lou Doillon<\/a> s&rsquo;est en effet r\u00e9cemment livr\u00e9 \u00e0 quelques confidences sur son rejet de la vie parisienne, dans <a href=\"https:\/\/www.gala.fr\/l_actu\/news_de_stars\/rencontre-stephane-manel-depuis-toujours-j-ai-un-crayon-a-la-main-20251017\" rel=\"nofollow noopener\" target=\"_blank\" data-ylk=\"slk:Gala;elm:context_link;itc:0;sec:content-canvas\" class=\"link \">Gala<\/a>.<\/p>\n<p class=\"mb-4 text-lg md:leading-8 break-words\">\u00ab\u00a0Je n&rsquo;aime plus Paris\u00a0\u00bb, confie St\u00e9phane Manel<\/p>\n<p class=\"mb-4 text-lg md:leading-8 break-words\">Dans le num\u00e9ro dat\u00e9 du 9 octobre 2025 de Gala, St\u00e9phane Manel confie en effet qu&rsquo;<strong>il n&rsquo;est plus vraiment attach\u00e9 \u00e0 Paris<\/strong>, qui a pourtant une place tr\u00e8s importante dans sa vie. \u00ab\u00a0Moi, <strong>je n&rsquo;aime plus Paris, enfin le Paris d&rsquo;aujourd&rsquo;hui<\/strong>\u00ab\u00a0, confie l&rsquo;illustrateur, qui s&rsquo;est notamment fait conna\u00eetre en 1998 avec r\u00e9alisant <a href=\"https:\/\/fr.news.yahoo.com\/lou-doillon-compagnon-st%C3%A9phane-p%C3%A8re-205600873.html\" data-ylk=\"slk:la pochette de la r\u00e9\u00e9dition du Poin\u00e7onneur des Lilas;elm:context_link;itc:0;sec:content-canvas;outcm:mb_qualified_link;_E:mb_qualified_link;ct:story;\" class=\"link  yahoo-link\" target=\"_blank\" rel=\"noopener\">la pochette de la r\u00e9\u00e9dition du Poin\u00e7onneur des Lilas<\/a>, de <a href=\"https:\/\/www.purepeople.com\/people\/serge-gainsbourg_p391\" rel=\"nofollow noopener\" target=\"_blank\" data-ylk=\"slk:Serge Gainsbourg;elm:context_link;itc:0;sec:content-canvas\" class=\"link \">Serge Gainsbourg<\/a>. \u00ab\u00a0Il ne m&rsquo;inspire pas\u00a0\u00bb, ajoute le compagnon de Lou Doillon. Contrairement \u00e0 sa grande fille, Tess, \u00e2g\u00e9e de 14 ans, qui, elle, est fan de la capitale. \u00ab\u00a0Il y a un an, elle m&rsquo;avouait qu&rsquo;elle ne pouvait pas vivre ailleurs que dans cette ville qu&rsquo;elle adore\u00a0\u00bb, poursuit l&rsquo;artiste de 54 ans, qui dit comprendre, toutefois, son point de vue. \u00ab\u00a0Pour moi, \u00e0 son \u00e2ge, Paris \u00e9tait un r\u00eave\u00a0\u00bb, confie-t-il. St\u00e9phane Manel a en effet grandi dans la banlieue chic de Paris, a \u00e9tudi\u00e9 et a travaill\u00e9 dans la capitale. Mais aujourd&rsquo;hui, <strong>c&rsquo;est en Normandie qu&rsquo;il aime se retirer r\u00e9guli\u00e8rement<\/strong>, avec Lou Doillon et <a href=\"https:\/\/fr.news.yahoo.com\/lou-doillon-sexile-loin-paris-141100076.html\" data-ylk=\"slk:son petit gar\u00e7on;elm:context_link;itc:0;sec:content-canvas;outcm:mb_qualified_link;_E:mb_qualified_link;ct:story;\" class=\"link  yahoo-link\" target=\"_blank\" rel=\"noopener\">son petit gar\u00e7on<\/a>. Gala pr\u00e9cise d&rsquo;ailleurs que ses prochains projets, il a pr\u00e9vu de les concr\u00e9tiser dans leur maison \u00e0 la campagne, o\u00f9 \u00ab\u00a0le t\u00e9l\u00e9phone portable ne passe pas\u00a0\u00bb. \u00ab\u00a0Pour le joindre, il faut l&rsquo;appeler \u00e0 l&rsquo;ancienne, sur une ligne fixe\u00a0\u00bb, d\u00e9taille le magazine. \u00catre coup\u00e9 du monde, ou presque, St\u00e9phane Manel \u00ab\u00a0appr\u00e9cie l&rsquo;id\u00e9e\u00a0\u00bb.<\/p>\n<p class=\"mb-4 text-lg md:leading-8 break-words\">Il faut dire que <strong>la maison que Lou Doillon et St\u00e9phane Manel occupent en Normandie a un charme fou<\/strong>. Sur les photos que <a href=\"https:\/\/fr.news.yahoo.com\/charlotte-gainsbourg-lou-doillon-deux-205800312.html\" data-ylk=\"slk:la fille de Jane Birkin;elm:context_link;itc:0;sec:content-canvas;outcm:mb_qualified_link;_E:mb_qualified_link;ct:story;\" class=\"link  yahoo-link\" target=\"_blank\" rel=\"noopener\">la fille de Jane Birkin<\/a> publient sur son compte Instagram, on distingue une demeure \u00e0 l&rsquo;ancienne, en pierres apparentes, au beau milieu de la nature, avec des champs et des arbres fruitiers \u00e0 perte de vue. L&rsquo;int\u00e9rieur de cette maison est, lui aussi, tr\u00e8s charmant. Lou Doillon et St\u00e9phane Manel en ont fait un cocon \u00e0 la d\u00e9coration tr\u00e8s old school, avec des objets et du mobilier, on l&rsquo;imagine, chin\u00e9s dans les brocantes.<\/p>\n<p class=\"mb-4 text-lg md:leading-8 break-words\"><a href=\"https:\/\/www.purepeople.com\/article\/je-naime-plus-paris-lou-doillon-son-celebre-compagnon-et-leur-fils-laszlo-retires-dans-une-belle-demeure-a-la-campagne_a544905\/1\" rel=\"nofollow noopener\" target=\"_blank\" data-ylk=\"slk:Article original sur Purepeople;elm:context_link;itc:0;sec:content-canvas\" class=\"link \">Article original sur Purepeople<\/a><\/p>\n","protected":false},"excerpt":{"rendered":"Si dans la vie de la fille de Jane Birkin et de son compagnon St\u00e9phane Manel la capitale&hellip;\n","protected":false},"author":2,"featured_media":556834,"comment_status":"","ping_status":"","sticky":false,"template":"","format":"standard","meta":{"footnotes":""},"categories":[1888],"tags":[1111,1928,11,1927,8927,1777,674,1011,27,4909,60727,12,1926,626,1925,67440,25,67439],"class_list":{"0":"post-556833","1":"post","2":"type-post","3":"status-publish","4":"format-standard","5":"has-post-thumbnail","7":"category-paris","8":"tag-actu","9":"tag-actu-paris","10":"tag-actualites","11":"tag-actualites-paris","12":"tag-compagnon","13":"tag-eu","14":"tag-europe","15":"tag-fr","16":"tag-france","17":"tag-la-capitale","18":"tag-lou-doillon","19":"tag-news","20":"tag-news-paris","21":"tag-paris","22":"tag-paris-news","23":"tag-petit-garcon","24":"tag-republique-francaise","25":"tag-stephane-manel"},"share_on_mastodon":{"url":"https:\/\/pubeurope.com\/@fr\/115608410139031126","error":""},"_links":{"self":[{"href":"https:\/\/www.europesays.com\/fr\/wp-json\/wp\/v2\/posts\/556833","targetHints":{"allow":["GET"]}}],"collection":[{"href":"https:\/\/www.europesays.com\/fr\/wp-json\/wp\/v2\/posts"}],"about":[{"href":"https:\/\/www.europesays.com\/fr\/wp-json\/wp\/v2\/types\/post"}],"author":[{"embeddable":true,"href":"https:\/\/www.europesays.com\/fr\/wp-json\/wp\/v2\/users\/2"}],"replies":[{"embeddable":true,"href":"https:\/\/www.europesays.com\/fr\/wp-json\/wp\/v2\/comments?post=556833"}],"version-history":[{"count":0,"href":"https:\/\/www.europesays.com\/fr\/wp-json\/wp\/v2\/posts\/556833\/revisions"}],"wp:featuredmedia":[{"embeddable":true,"href":"https:\/\/www.europesays.com\/fr\/wp-json\/wp\/v2\/media\/556834"}],"wp:attachment":[{"href":"https:\/\/www.europesays.com\/fr\/wp-json\/wp\/v2\/media?parent=556833"}],"wp:term":[{"taxonomy":"category","embeddable":true,"href":"https:\/\/www.europesays.com\/fr\/wp-json\/wp\/v2\/categories?post=556833"},{"taxonomy":"post_tag","embeddable":true,"href":"https:\/\/www.europesays.com\/fr\/wp-json\/wp\/v2\/tags?post=556833"}],"curies":[{"name":"wp","href":"https:\/\/api.w.org\/{rel}","templated":true}]}}