{"id":556841,"date":"2025-11-25T04:21:26","date_gmt":"2025-11-25T04:21:26","guid":{"rendered":"https:\/\/www.europesays.com\/fr\/556841\/"},"modified":"2025-11-25T04:21:26","modified_gmt":"2025-11-25T04:21:26","slug":"au-milieu-des-negociations-un-changement-de-plan-bien-fragile-liberation","status":"publish","type":"post","link":"https:\/\/www.europesays.com\/fr\/556841\/","title":{"rendered":"au milieu des n\u00e9gociations, un changement de plan bien fragile \u2013 Lib\u00e9ration"},"content":{"rendered":"<p class=\"sc-cPiKLX AiZTS text-element\">De Washington \u00e0 Kyiv, de Moscou aux capitales europ\u00e9ennes, et jusqu\u2019en Angola, la valse diplomatique autour de la guerre en Ukraine \u2013 et des efforts pour y mettre un terme \u2013 se poursuit. Incessante, intense, et toujours aussi incertaine. Apr\u00e8s plusieurs jours d\u2019agitation confuse et d\u2019indignation provoqu\u00e9e par la divulgation d\u2019un \u00abplan de paix\u00bb \u00e9labor\u00e9 en secret par deux \u00e9missaires russe et am\u00e9ricain, les principaux acteurs ont renou\u00e9, <a href=\"https:\/\/www.liberation.fr\/international\/europe\/plan-de-paix-en-ukraine-trump-recule-les-negociateurs-avancent-poutine-observe-20251123_P6HYYQ25CRB5XKH62YVQIFDFPI\/\" target=\"_blank\" rel=\"noopener\" title=\"https:\/\/www.liberation.fr\/international\/europe\/plan-de-paix-en-ukraine-trump-recule-les-negociateurs-avancent-poutine-observe-20251123_P6HYYQ25CRB5XKH62YVQIFDFPI\/\">dimanche \u00e0 Gen\u00e8ve<\/a>, avec les codes plus traditionnels de la diplomatie : des pourparlers tenus par des d\u00e9l\u00e9gations officielles.<\/p>\n<p class=\"sc-cPiKLX AiZTS text-element\">Au terme de discussions qualifi\u00e9es de \u00abconstructives\u00bb et \u00abrespectueuses\u00bb par la Maison Blanche, <a href=\"https:\/\/www.liberation.fr\/international\/europe\/ukraine-une-nouvelle-version-du-plan-de-paix-americain-redigee-pour-respecter-pleinement-la-souverainete-de-kyiv-20251124_UDPY5AJYSVAIDLFB3IYAAOR6JU\/\" target=\"_blank\" rel=\"noopener\" title=\"https:\/\/www.liberation.fr\/international\/europe\/ukraine-une-nouvelle-version-du-plan-de-paix-americain-redigee-pour-respecter-pleinement-la-souverainete-de-kyiv-20251124_UDPY5AJYSVAIDLFB3IYAAOR6JU\/\">un document profon<\/a><\/p>\n","protected":false},"excerpt":{"rendered":"De Washington \u00e0 Kyiv, de Moscou aux capitales europ\u00e9ennes, et jusqu\u2019en Angola, la valse diplomatique autour de la&hellip;\n","protected":false},"author":2,"featured_media":556842,"comment_status":"","ping_status":"","sticky":false,"template":"","format":"standard","meta":{"footnotes":""},"categories":[1590],"tags":[11,75,73,1777,674,12,132,220,297,364],"class_list":{"0":"post-556841","1":"post","2":"type-post","3":"status-publish","4":"format-standard","5":"has-post-thumbnail","7":"category-ukraine","8":"tag-actualites","9":"tag-donald-trump","10":"tag-etats-unis","11":"tag-eu","12":"tag-europe","13":"tag-news","14":"tag-russie","15":"tag-ukraine","16":"tag-ukraine-la-crise","17":"tag-union-europeenne"},"share_on_mastodon":{"url":"https:\/\/pubeurope.com\/@fr\/115608425888388110","error":""},"_links":{"self":[{"href":"https:\/\/www.europesays.com\/fr\/wp-json\/wp\/v2\/posts\/556841","targetHints":{"allow":["GET"]}}],"collection":[{"href":"https:\/\/www.europesays.com\/fr\/wp-json\/wp\/v2\/posts"}],"about":[{"href":"https:\/\/www.europesays.com\/fr\/wp-json\/wp\/v2\/types\/post"}],"author":[{"embeddable":true,"href":"https:\/\/www.europesays.com\/fr\/wp-json\/wp\/v2\/users\/2"}],"replies":[{"embeddable":true,"href":"https:\/\/www.europesays.com\/fr\/wp-json\/wp\/v2\/comments?post=556841"}],"version-history":[{"count":0,"href":"https:\/\/www.europesays.com\/fr\/wp-json\/wp\/v2\/posts\/556841\/revisions"}],"wp:featuredmedia":[{"embeddable":true,"href":"https:\/\/www.europesays.com\/fr\/wp-json\/wp\/v2\/media\/556842"}],"wp:attachment":[{"href":"https:\/\/www.europesays.com\/fr\/wp-json\/wp\/v2\/media?parent=556841"}],"wp:term":[{"taxonomy":"category","embeddable":true,"href":"https:\/\/www.europesays.com\/fr\/wp-json\/wp\/v2\/categories?post=556841"},{"taxonomy":"post_tag","embeddable":true,"href":"https:\/\/www.europesays.com\/fr\/wp-json\/wp\/v2\/tags?post=556841"}],"curies":[{"name":"wp","href":"https:\/\/api.w.org\/{rel}","templated":true}]}}