{"id":556843,"date":"2025-11-25T04:22:14","date_gmt":"2025-11-25T04:22:14","guid":{"rendered":"https:\/\/www.europesays.com\/fr\/556843\/"},"modified":"2025-11-25T04:22:14","modified_gmt":"2025-11-25T04:22:14","slug":"le-camp-maga-se-dechire-deja-sur-lapres-trump","status":"publish","type":"post","link":"https:\/\/www.europesays.com\/fr\/556843\/","title":{"rendered":"Le camp Maga se d\u00e9chire d\u00e9j\u00e0 sur l\u2019apr\u00e8s-Trump"},"content":{"rendered":"\n<p>Au moment m\u00eame o\u00f9 le pr\u00e9sident Trump semblait en train de perdre la mainmise sur son parti, son adversaire r\u00e9publicaine la plus bruyante a paru abandonner la bataille.<\/p>\n<p>Apr\u00e8s avoir \u00e9t\u00e9 l\u2019un de ses plus fid\u00e8les soutiens au sein du mouvement Maga [Make America great again, \u201cRendre sa grandeur \u00e0 l\u2019Am\u00e9rique\u201d], Marjorie Taylor Greene, d\u00e9put\u00e9e de G\u00e9orgie, s\u2019\u00e9tait mu\u00e9e contre toute attente en d\u00e9tractrice du pr\u00e9sident.<\/p>\n<p>L\u2019annonce surprise de sa prochaine d\u00e9mission montre \u00e0 quel point Trump reste redout\u00e9 parmi les r\u00e9publicains. M\u00eame en tant que \u201ccanard boiteux\u201d [on qualifie ainsi les pr\u00e9sidents dans leur dernier mandat], il est encore capable de punir les apostats conservateurs et de faire tomber d\u2019anciens partisans qui osent se mettre en travers de son chemin.<\/p>\n<p> Un clivage in\u00e9dit depuis 2016 <\/p>\n<p>En m\u00eame temps, le d\u00e9part de Taylor Greene, annonc\u00e9 le 21\u00a0novembre, n\u2019est pas qu\u2019un nouveau troph\u00e9e au tableau de chasse de Trump, loin de l\u00e0. Son annonce aux airs de d\u00e9fi, dans une vid\u00e9o de pr\u00e8s de onze\u00a0minutes rapidement devenue virale, r\u00e9v\u00e8le les divisions du mouvement pr\u00e9sidentiel. Dressant une longue liste de d\u00e9saccords politiques avec Trump, ainsi qu\u2019avec l\u2019establishment trumpiste, l\u2019\u00e9lue se positionne comme la vraie championne du mouvement Maga et fait valoir que, si elle a \u00e9t\u00e9 \u201cmise \u00e0 l\u2019\u00e9cart\u201d, \u201c<\/p>\n<p>  Offres sp\u00e9ciales  Pour lire la suite de cet article, abonnez-vous <\/p>\n<p class=\"paywall-text\">Acc\u00e9dez \u00e0\u00a0l\u2019int\u00e9gralit\u00e9 de\u00a0nos contenus sur le\u00a0site et\u00a0l\u2019application en\u00a0vous abonnant \u00e0\u00a0<strong>l\u2019offre sp\u00e9ciale.<\/strong><\/p>\n<p class=\"price\">D\u00e8s <strong>3,99\u00a0\u20ac<\/strong>\/mois<\/p>\n<p> Sans engagement \u2022 R\u00e9siliable en ligne                <\/p>\n<p class=\"article-authors\">                         <a href=\"https:\/\/www.courrierinternational.com\/auteur\/lisa-lerer-et-reid-j-epstein\" target=\"_blank\" rel=\"noopener\">Lisa Lerer et Reid J. Epstein<\/a>    <\/p>\n<p>Nos lecteurs ont lu\u00a0aussi<\/p>\n<p>Source de l\u2019article<\/p>\n<p>   <img decoding=\"async\" class=\"source-logo\" src=\"https:\/\/www.europesays.com\/fr\/wp-content\/uploads\/2025\/08\/c878735_1643653451901-the-new-york-times.jpg\"  alt=\"Logo\" loading=\"lazy\" width=\"32\" height=\"32\"\/>  The New York Times  (New York)       <\/p>\n<p>Avec 1\u00a0700 journalistes, une trentaine de bureaux \u00e0 l\u2019\u00e9tranger, plus de 130 prix Pulitzer et\u00a0plus de 11\u00a0millions d\u2019abonn\u00e9s au total \u00e0 la fin de l\u2019ann\u00e9e 2024, The New York Times est le quotidien de r\u00e9f\u00e9rence aux \u00c9tats-Unis, dans lequel on peut lire \u201call the news that\u2019s fit to print\u201d (\u201ctoute l\u2019information digne d\u2019\u00eatre publi\u00e9e\u201d).<\/p>\n<p>Dans son \u00e9dition dominicale, on trouve notamment The New York Times Book Review, un suppl\u00e9ment livres qui fait autorit\u00e9, et l\u2019in\u00e9gal\u00e9 New York Times Magazine. La famille Ochs-Sulzberger, qui, en 1896, a pris la direction de ce journal cr\u00e9\u00e9 en 1851, est toujours \u00e0 la t\u00eate du quotidien de centre gauche.<\/p>\n<p>Quant \u00e0 l\u2019\u00e9dition web, qui revendique \u00e0 elle seule plus de 10\u00a0millions d\u2019abonn\u00e9s \u00e0 la fin de 2024, elle propose tout ce que l\u2019on peut attendre d\u2019un service en ligne, avec en plus des dizaines de rubriques sp\u00e9cifiques. Les archives regroupent des articles parus depuis 1851, consultables en ligne \u00e0 partir de 1981.<\/p>\n<p>      <a href=\"https:\/\/www.courrierinternational.com\/notule-source\/the-new-york-times\" class=\"source-link\" target=\"_blank\" rel=\"noopener\">Lire la suite<\/a>                 <\/p>\n<p>Nos services<\/p>\n","protected":false},"excerpt":{"rendered":"Au moment m\u00eame o\u00f9 le pr\u00e9sident Trump semblait en train de perdre la mainmise sur son parti, son&hellip;\n","protected":false},"author":2,"featured_media":556844,"comment_status":"","ping_status":"","sticky":false,"template":"","format":"standard","meta":{"footnotes":""},"categories":[1589],"tags":[11,3822,75,73,1866,12,28109,316,770,1864,1865,1863,308],"class_list":{"0":"post-556843","1":"post","2":"type-post","3":"status-publish","4":"format-standard","5":"has-post-thumbnail","7":"category-etats-unis","8":"tag-actualites","9":"tag-amu00e9riques","10":"tag-donald-trump","11":"tag-etats-unis","12":"tag-etats-unis-damerique","13":"tag-news","14":"tag-parti-ru00e9publicain-u00e9tats-unis","15":"tag-politique","16":"tag-u00e9tats-unis","17":"tag-united-states","18":"tag-united-states-of-america","19":"tag-us","20":"tag-usa"},"share_on_mastodon":{"url":"https:\/\/pubeurope.com\/@fr\/115608431064051803","error":""},"_links":{"self":[{"href":"https:\/\/www.europesays.com\/fr\/wp-json\/wp\/v2\/posts\/556843","targetHints":{"allow":["GET"]}}],"collection":[{"href":"https:\/\/www.europesays.com\/fr\/wp-json\/wp\/v2\/posts"}],"about":[{"href":"https:\/\/www.europesays.com\/fr\/wp-json\/wp\/v2\/types\/post"}],"author":[{"embeddable":true,"href":"https:\/\/www.europesays.com\/fr\/wp-json\/wp\/v2\/users\/2"}],"replies":[{"embeddable":true,"href":"https:\/\/www.europesays.com\/fr\/wp-json\/wp\/v2\/comments?post=556843"}],"version-history":[{"count":0,"href":"https:\/\/www.europesays.com\/fr\/wp-json\/wp\/v2\/posts\/556843\/revisions"}],"wp:featuredmedia":[{"embeddable":true,"href":"https:\/\/www.europesays.com\/fr\/wp-json\/wp\/v2\/media\/556844"}],"wp:attachment":[{"href":"https:\/\/www.europesays.com\/fr\/wp-json\/wp\/v2\/media?parent=556843"}],"wp:term":[{"taxonomy":"category","embeddable":true,"href":"https:\/\/www.europesays.com\/fr\/wp-json\/wp\/v2\/categories?post=556843"},{"taxonomy":"post_tag","embeddable":true,"href":"https:\/\/www.europesays.com\/fr\/wp-json\/wp\/v2\/tags?post=556843"}],"curies":[{"name":"wp","href":"https:\/\/api.w.org\/{rel}","templated":true}]}}