{"id":556851,"date":"2025-11-25T04:26:14","date_gmt":"2025-11-25T04:26:14","guid":{"rendered":"https:\/\/www.europesays.com\/fr\/556851\/"},"modified":"2025-11-25T04:26:14","modified_gmt":"2025-11-25T04:26:14","slug":"pourquoi-samuel-na-pas-eu-de-pretendante-dans-lamour-est-dans-le-pre-2025","status":"publish","type":"post","link":"https:\/\/www.europesays.com\/fr\/556851\/","title":{"rendered":"Pourquoi Samuel n&rsquo;a pas eu de pr\u00e9tendante dans l&rsquo;Amour est dans le pr\u00e9 2025\u00a0?"},"content":{"rendered":"<p>        <a href=\"https:\/\/www.linternaute.com\/television\/programme\/7057240-les-candidats-de-l-amour-est-dans-le-pre-2025-ont-ils-trouve-l-ame-soeur-decouvrez-le-bilan-et-qui-est-avec-qui\/7057244-la-vie-sentimentale-compliquee-d-oceane-apres-l-amour-est-dans-le-pre\" class=\"app_button_nav_prev jMiddlePreviousButton\" target=\"_blank\" rel=\"noopener\"><\/a><a href=\"https:\/\/www.linternaute.com\/television\/programme\/7057240-les-candidats-de-l-amour-est-dans-le-pre-2025-ont-ils-trouve-l-ame-soeur-decouvrez-le-bilan-et-qui-est-avec-qui\/7057258-jean-baptiste-et-steven-ont-ils-fini-ensemble-apres-l-amour-est-dans-le-pre\" class=\"app_button_nav_next jMiddleNextButton\" target=\"_blank\" rel=\"noopener\"><\/a><a href=\"https:\/\/www.linternaute.com\/television\/programme\/7057240-les-candidats-de-l-amour-est-dans-le-pre-2025-ont-ils-trouve-l-ame-soeur-decouvrez-le-bilan-et-qui-est-avec-qui\/7057244-la-vie-sentimentale-compliquee-d-oceane-apres-l-amour-est-dans-le-pre\" class=\"ccmcss_cms_figure__linkleft jMiddlePreviousZone\" target=\"_blank\" rel=\"noopener\"><\/p>\n<p>                <\/a><a href=\"https:\/\/www.linternaute.com\/television\/programme\/7057240-les-candidats-de-l-amour-est-dans-le-pre-2025-ont-ils-trouve-l-ame-soeur-decouvrez-le-bilan-et-qui-est-avec-qui\/7057258-jean-baptiste-et-steven-ont-ils-fini-ensemble-apres-l-amour-est-dans-le-pre\" class=\"ccmcss_cms_figure__linkright jMiddleNextZone\" target=\"_blank\" rel=\"noopener\"><\/p>\n<p>                <\/a><a href=\"https:\/\/img-4.linternaute.com\/bpwGSapRRyn_tRHav-IoAQ1ig2s=\/1240x\/smart\/38e3e9a1b0294bf1a2f554819e0387f3\/ccmcms-linternaute\/69998671.jpg\" class=\"fancy app_btn_1 app_btn--ico jZoomDiapo\" target=\"_blank\" rel=\"noopener\"><\/a><img loading=\"lazy\" decoding=\"async\" width=\"620\" height=\"414\" src=\"https:\/\/www.europesays.com\/fr\/wp-content\/uploads\/2025\/11\/69998671.jpg\" alt=\"Pourquoi Samuel n'a pas eu de pr\u00e9tendante dans l'Amour est dans le pr\u00e9 2025\u00a0?\"\/><\/p>\n<p class=\"app_entry_diapo__description jDiaporamaLegend\" data-length=\"980\">Samuel, le viticulteur de 48\u00a0ans en Nouvelle-Aquitaine, n&rsquo;a malheureusement pas eu le loisir de recevoir des pr\u00e9tendantes. Plusieurs lettres sont arriv\u00e9es \u00e0 la production de <a href=\"https:\/\/www.linternaute.com\/television\/programme\/7057344-l-amour-est-dans-le-pre-2025-maman-lucette-lanceuse-de-bottes-alpagas-et-figure-du-village-decouvrez-les-candidats\/\" title=\"L&#039;amour est dans le pr\u00e9\" target=\"_blank\" rel=\"noopener\">l&rsquo;Amour est dans le Pr\u00e9<\/a>, mais \u00ab\u00a0beaucoup de femmes ne voulaient pas passer \u00e0 la t\u00e9l\u00e9vision\u2026\u00a0\u00bb Un ph\u00e9nom\u00e8ne soulign\u00e9 par Karine Le Marchand qui indique que de plus en plus de candidats et candidates ont peur des commentaires et insultes des r\u00e9seaux sociaux. On ne sait pas pourquoi la production n&rsquo;a pas laiss\u00e9 Samuel rencontrer ces femmes hors cam\u00e9ras, mais Karine Le Marchand fait r\u00e9f\u00e9rence \u00e0 une \u00ab\u00a0dame qui nous a \u00e9crit\u00a0\u00bb. Lisant sa lettre,\u00a0Samuel la trouvera \u00ab\u00a0plut\u00f4t int\u00e9ressante\u00a0\u00bb et va d\u00e9cider de la rencontrer\u00a0 \u00ab\u00a0pour discuter et voir si le feeling passe\u00a0\u00bb. L&rsquo;espoir est toujours l\u00e0.<br \/>\u00a9\u00a0 Julien THEUIL \/ M6<\/p>\n","protected":false},"excerpt":{"rendered":"Samuel, le viticulteur de 48\u00a0ans en Nouvelle-Aquitaine, n&rsquo;a malheureusement pas eu le loisir de recevoir des pr\u00e9tendantes. Plusieurs&hellip;\n","protected":false},"author":2,"featured_media":556852,"comment_status":"","ping_status":"","sticky":false,"template":"","format":"standard","meta":{"footnotes":""},"categories":[1586],"tags":[11,67451,51761,1777,674,1779,53051,1011,27,42835,12,5240,25,1778,364],"class_list":{"0":"post-556851","1":"post","2":"type-post","3":"status-publish","4":"format-standard","5":"has-post-thumbnail","7":"category-europe","8":"tag-actualites","9":"tag-cms-linternaute-7057252","10":"tag-controller-content","11":"tag-eu","12":"tag-europe","13":"tag-european-union","14":"tag-format-diaporama","15":"tag-fr","16":"tag-france","17":"tag-l-amour-est-dans-le-pre","18":"tag-news","19":"tag-programme","20":"tag-republique-francaise","21":"tag-ue","22":"tag-union-europeenne"},"share_on_mastodon":{"url":"https:\/\/pubeurope.com\/@fr\/115608445634534645","error":""},"_links":{"self":[{"href":"https:\/\/www.europesays.com\/fr\/wp-json\/wp\/v2\/posts\/556851","targetHints":{"allow":["GET"]}}],"collection":[{"href":"https:\/\/www.europesays.com\/fr\/wp-json\/wp\/v2\/posts"}],"about":[{"href":"https:\/\/www.europesays.com\/fr\/wp-json\/wp\/v2\/types\/post"}],"author":[{"embeddable":true,"href":"https:\/\/www.europesays.com\/fr\/wp-json\/wp\/v2\/users\/2"}],"replies":[{"embeddable":true,"href":"https:\/\/www.europesays.com\/fr\/wp-json\/wp\/v2\/comments?post=556851"}],"version-history":[{"count":0,"href":"https:\/\/www.europesays.com\/fr\/wp-json\/wp\/v2\/posts\/556851\/revisions"}],"wp:featuredmedia":[{"embeddable":true,"href":"https:\/\/www.europesays.com\/fr\/wp-json\/wp\/v2\/media\/556852"}],"wp:attachment":[{"href":"https:\/\/www.europesays.com\/fr\/wp-json\/wp\/v2\/media?parent=556851"}],"wp:term":[{"taxonomy":"category","embeddable":true,"href":"https:\/\/www.europesays.com\/fr\/wp-json\/wp\/v2\/categories?post=556851"},{"taxonomy":"post_tag","embeddable":true,"href":"https:\/\/www.europesays.com\/fr\/wp-json\/wp\/v2\/tags?post=556851"}],"curies":[{"name":"wp","href":"https:\/\/api.w.org\/{rel}","templated":true}]}}