{"id":556853,"date":"2025-11-25T04:27:15","date_gmt":"2025-11-25T04:27:15","guid":{"rendered":"https:\/\/www.europesays.com\/fr\/556853\/"},"modified":"2025-11-25T04:27:15","modified_gmt":"2025-11-25T04:27:15","slug":"une-reserve-de-gens-capables-de-manier-les-armes-que-sait-on-du-projet-de-service-militaire-demmanuel-macron","status":"publish","type":"post","link":"https:\/\/www.europesays.com\/fr\/556853\/","title":{"rendered":"\u00ab\u00a0Une r\u00e9serve de gens capables de manier les armes\u00a0\u00bb\u00a0: que sait-on du projet de service militaire d\u2019Emmanuel Macron\u00a0?"},"content":{"rendered":"<p class=\"paragraph text_align_left lp-f-body-02\">Devrait, car la nature de la d\u00e9cision n\u2019est pas encore confirm\u00e9e par l\u2019\u00c9lys\u00e9e, de derniers arbitrages seraient en suspens, notamment sur la forme pr\u00e9cise que prendra ce SNV \u2013 Service national volontaire, sa d\u00e9nomination officielle \u2013, sur la n\u00e9cessit\u00e9 d\u2019une loi ou non pour le cr\u00e9er, ainsi que sur le nombre de jeunes hommes et femmes qu\u2019il concernerait, et dans quelles conditions.<\/p>\n","protected":false},"excerpt":{"rendered":"Devrait, car la nature de la d\u00e9cision n\u2019est pas encore confirm\u00e9e par l\u2019\u00c9lys\u00e9e, de derniers arbitrages seraient en&hellip;\n","protected":false},"author":2,"featured_media":556854,"comment_status":"","ping_status":"","sticky":false,"template":"","format":"standard","meta":{"footnotes":""},"categories":[2],"tags":[11,1011,27,12,316,25],"class_list":{"0":"post-556853","1":"post","2":"type-post","3":"status-publish","4":"format-standard","5":"has-post-thumbnail","7":"category-actualites","8":"tag-actualites","9":"tag-fr","10":"tag-france","11":"tag-news","12":"tag-politique","13":"tag-republique-francaise"},"share_on_mastodon":{"url":"https:\/\/pubeurope.com\/@fr\/115608449609805350","error":""},"_links":{"self":[{"href":"https:\/\/www.europesays.com\/fr\/wp-json\/wp\/v2\/posts\/556853","targetHints":{"allow":["GET"]}}],"collection":[{"href":"https:\/\/www.europesays.com\/fr\/wp-json\/wp\/v2\/posts"}],"about":[{"href":"https:\/\/www.europesays.com\/fr\/wp-json\/wp\/v2\/types\/post"}],"author":[{"embeddable":true,"href":"https:\/\/www.europesays.com\/fr\/wp-json\/wp\/v2\/users\/2"}],"replies":[{"embeddable":true,"href":"https:\/\/www.europesays.com\/fr\/wp-json\/wp\/v2\/comments?post=556853"}],"version-history":[{"count":0,"href":"https:\/\/www.europesays.com\/fr\/wp-json\/wp\/v2\/posts\/556853\/revisions"}],"wp:featuredmedia":[{"embeddable":true,"href":"https:\/\/www.europesays.com\/fr\/wp-json\/wp\/v2\/media\/556854"}],"wp:attachment":[{"href":"https:\/\/www.europesays.com\/fr\/wp-json\/wp\/v2\/media?parent=556853"}],"wp:term":[{"taxonomy":"category","embeddable":true,"href":"https:\/\/www.europesays.com\/fr\/wp-json\/wp\/v2\/categories?post=556853"},{"taxonomy":"post_tag","embeddable":true,"href":"https:\/\/www.europesays.com\/fr\/wp-json\/wp\/v2\/tags?post=556853"}],"curies":[{"name":"wp","href":"https:\/\/api.w.org\/{rel}","templated":true}]}}