{"id":556855,"date":"2025-11-25T04:28:18","date_gmt":"2025-11-25T04:28:18","guid":{"rendered":"https:\/\/www.europesays.com\/fr\/556855\/"},"modified":"2025-11-25T04:28:18","modified_gmt":"2025-11-25T04:28:18","slug":"jegou-en-impose-aldegheri-recule-le-bilan-complet-des-avants-du-xv-de-france","status":"publish","type":"post","link":"https:\/\/www.europesays.com\/fr\/556855\/","title":{"rendered":"J\u00e9gou en impose, Aldegheri recule&#8230; le bilan complet des avants du XV de France"},"content":{"rendered":"<p>                    Par<br \/>\n        <strong><br \/>\n            <a href=\"https:\/\/actu.fr\/auteur\/clement-mazella\" title=\"Consulter tous les articles de Cl\u00e9ment Mazella\" target=\"_blank\" rel=\"noopener\">Cl\u00e9ment Mazella<\/a><br \/>\n                    <\/strong><\/p>\n<p>        Publi\u00e9 le<\/p>\n<p>            24 nov. 2025 \u00e0 16h28        <\/p>\n<p>2 victoires, 1 d\u00e9faite : voici le bilan du <a href=\"https:\/\/actu.fr\/rugby\/xv-de-france\" target=\"_blank\" rel=\"noopener\">XV de France<\/a> durant cette <strong>tourn\u00e9e d\u2019automne<\/strong>. Les questions sont nombreuses, \u00e0 moins de deux ans de la Coupe du monde 2027. Place aux performances individuelles, avec le temps de jeu de chaque joueur. <a href=\"https:\/\/actu.fr\/sports\/rugby\/xv-de-france\/ntamack-interroge-depoortere-brille-le-bilan-complet-des-arrieres-du-xv-de-france_63476454.html\" target=\"_blank\" rel=\"noopener\">Apr\u00e8s les arri\u00e8res<\/a>, <a href=\"https:\/\/actu.fr\/rugby\/\" target=\"_blank\" rel=\"noopener\">Actu Rugby<\/a> se penche sur <strong>les avants<\/strong> : Oscar J\u00e9gou a pris de l\u2019\u00e9paisseur.<\/p>\n<p>Premi\u00e8re ligne : Montagne s\u2019installe, Aldegheri d\u00e9\u00e7oit<\/p>\n<p class=\" wall-content\">Atonio et Tatafu forfait, Baille et Wardi en m\u00e9forme : le staff du XV de France a d\u00fb innover chez les piliers. \u00c0 gauche, le Montpelli\u00e9rain <strong>Baptiste Erdocio<\/strong>, propuls\u00e9 n\u00b01, n\u2019a gu\u00e8re pu s\u2019exprimer. Cela n\u2019a toutefois pas \u00e9t\u00e9 simple pour lui contre l\u2019Afrique du Sud. Le Toulonnais <strong>Jean-Baptiste Gros<\/strong>, lui, s\u2019est appliqu\u00e9 en m\u00eal\u00e9e et s\u2019est particuli\u00e8rement investi en d\u00e9fense. C\u2019est toujours s\u00e9rieux. <strong>Rodrigue Neti<\/strong> est pour sa part revenu dans le game. Il n\u2019est pas \u00e0 exclure des options, mais il semble derri\u00e8re Gros et Erdocio.<\/p>\n<p class=\" wall-content\">\u00c0 droite, on a beaucoup parl\u00e9 de <strong>R\u00e9gis Montagne<\/strong>. Du mal en m\u00eal\u00e9e contre l\u2019Afrique du Sud, des soucis de circulation d\u00e9fensive, mais aussi beaucoup d\u2019efforts. <a href=\"https:\/\/actu.fr\/auvergne-rhone-alpes\/clermont-ferrand_63113\/xv-de-france-c-est-degueulasse-la-defense-explosive-d-urios-pour-regis-montagne_63465832.html\" target=\"_blank\" rel=\"noopener\">Christophe Urios est mont\u00e9 au cr\u00e9neau pour le d\u00e9fendre<\/a>. Galthi\u00e9, lui, est \u00ab\u00a0content\u00a0\u00bb du Clermontois, titulaire 3 fois. Un bilan plus positif qu\u2019il n\u2019y para\u00eet. <strong>Thomas Laclayat<\/strong> n\u2019a pas eu beaucoup de temps de jeu pour s\u2019exprimer, alors que <strong>Dorian Aldegheri<\/strong> a d\u00e9\u00e7u lors de lors son entr\u00e9e sur le terrain contre l\u2019Afrique du Sud. Le Toulousain pourrait reculer dans la hi\u00e9rarchie.<\/p>\n<p class=\" wall-content\">Chez les talonneurs, <strong>Julien Marchand<\/strong> reste un taulier, et sur cette tourn\u00e9e, le Toulousain a \u00e9t\u00e9 \u00e0 son avantage, en \u00e9tant solide dans les duels, performants sur ses lancers en touche, et l\u2019un des rares avants \u00e0 gratter des ballons. Le Bordelais <strong>Maxime Lamothe<\/strong> a enfin honor\u00e9 sa premi\u00e8re cape, apr\u00e8s 3 ans d\u2019attente, et il s\u2019est bien comport\u00e9. <strong>Guillaume Cramont<\/strong> a aussi d\u00e9but\u00e9 sur la sc\u00e8ne internationale : du peps sur un raid solitaire, mais il s\u2019est aussi rendu combien \u00e7a tapait fort au plus haut niveau.<\/p>\n<ul class=\" wall-content\">\n<li>R\u00e9gis Montagne : 178 minutes<\/li>\n<li>Julien Marchand : 163 minutes<\/li>\n<li>Jean-Baptiste Gros : 149 minutes<\/li>\n<li>Baptiste Erdocio : 47 minutes<\/li>\n<li>Rodrigue Neti : 44 minutes<\/li>\n<li>Maxime Lamothe : 44 minutes<\/li>\n<li>Dorian Aldegheri : 33 minutes<\/li>\n<li>Guillaume Cramont : 33 minutes<\/li>\n<li>Thomas Laclayat : 30 minutes<\/li>\n<\/ul>\n<p class=\" wall-content\"><strong>Notre avis<\/strong> : R\u00e9gis Montagne pla\u00eet au staff tricolore. Mais le poste de pilier droit demeure probl\u00e9matique. \u00c0 gauche, Gros appara\u00eet comme une \u00e9vidence. Lamothe a tout du 3e choix derri\u00e8re Marchand et Mauvaka.<\/p>\n<p class=\" wall-content\">\n<p>Deuxi\u00e8me ligne : Flament est incontournable<\/p>\n<p class=\" wall-content\">\u00ab\u00a0En titulaires indiscutables aujourd\u2019hui en deuxi\u00e8me ligne, c\u2019est <strong>Thibaud Flament<\/strong> et <strong>Emmanuel Meafou<\/strong>\u00ab\u00a0. En peu de mots, Fabien a confirm\u00e9 sa vision. Sur cette tourn\u00e9e, Flament a confirm\u00e9 qu\u2019il \u00e9tait <a href=\"https:\/\/actu.fr\/sports\/rugby\/xv-de-france\/thibaud-flament-de-l-exterieur-j-ai-eu-l-impression-qu-on-ne-se-regalait-pas-vraiment-sur-le-terrain_63458329.html\" target=\"_blank\" rel=\"noopener\">le meilleur \u00e0 son poste<\/a> en France, voire en Europe. En revanche, on n\u2019a pas encore retrouv\u00e9 le grand Meafou. Sa puissance fait un bien fou, mais il a besoin de retrouver du rythme \u00e0 haut niveau, et de se ma\u00eetriser niveau discipline.<\/p>\n<p class=\" wall-content\"><strong>Romain Taofifenua<\/strong>, lui, est apparu emprunt\u00e9. Une masse, c\u2019est certain, mais aussi du d\u00e9chet. Fort dans les airs, <strong>Hugo Auradou<\/strong> est encore \u00ab\u00a0en d\u00e9veloppement\u00a0\u00bb comme le r\u00e9sume Fabien Galthi\u00e9 alors que <strong>Jimi Maximim<\/strong> a pu voir ce qui le s\u00e9parait encore du niveau international.<\/p>\n<ul class=\" wall-content\">\n<li>Thibaud Flament : 160 minutes<\/li>\n<li>Emmanuel Meafou : 113 minutes<\/li>\n<li>Romain Taofifenua : 111 minutes<\/li>\n<li>Hugo Auradou : 50 minutes<\/li>\n<li>Jimi Maximin : 16 minutes<\/li>\n<\/ul>\n<p>Votre r\u00e9gion, votre actu !<\/p>\n<p>Recevez chaque jour les infos qui comptent pour vous.<\/p>\n<p>\t<a href=\"https:\/\/actu.fr\/newsletter\" class=\"ac-btn ac-btn--corner ac-btn--medium ac-btn--blue800\" target=\"_blank\" rel=\"noopener\">S&rsquo;incrire<\/a><\/p>\n<p class=\" wall-content\"><strong>Notre avis<\/strong> : Le duo Flament-Meafou a clairement les faveurs du staff. C\u2019est compl\u00e9mentaire, \u00e7a a ses habitudes. Mais l\u2019option Guillard en n\u00b05, avec Meafou en finisseur, a de quoi s\u00e9duire.\u00a0<\/p>\n<p>    <img   decoding=\"async\" loading=\"lazy\" src=\"https:\/\/www.europesays.com\/fr\/wp-content\/uploads\/2025\/11\/anthony-jelonch-gregory-alldritt-xv-de-france-rugby-960x640.jpg\" alt=\"Au contraire d'Anthony Jelonch, Gr\u00e9gory Alldritt ne sera pas align\u00e9 lors du choc France\/Afrique du Sud.\" width=\"960\" height=\"640\"\/><br \/>\n    Anthony Jelonch est le seul avant fran\u00e7ais \u00e0 avoir disput\u00e9 l\u2019int\u00e9gralit\u00e9 des 3 tests durant la tourn\u00e9e d\u2019automne 2025. (\u00a9Icon Sport)Troisi\u00e8me ligne : la confirmation Jegou<\/p>\n<p class=\" wall-content\">Seul avant \u00e0 avoir disput\u00e9 l\u2019int\u00e9gralit\u00e9 des 3 tests, <strong>Anthony Jelonch<\/strong>, pas avare pour coller des timbres \u00e0 l\u2019adversaire, est apparu incontournable. Titulaire en d\u00e9but de tourn\u00e9e, <strong>Paul Boudehent<\/strong> a montr\u00e9 une densit\u00e9 physique monumentale (il a \u00e9t\u00e9 l\u2019un des rares \u00e0 rivaliser face aux Boks) mais a laiss\u00e9 un genou face aux Fidji.<\/p>\n<p class=\" wall-content\">De son c\u00f4t\u00e9, <strong>Charles Ollivon<\/strong> a sign\u00e9 <a href=\"https:\/\/actu.fr\/sports\/rugby\/xv-de-france\/il-a-tout-pour-etre-un-n-4-de-haut-niveau-ollivon-en-deuxieme-ligne-plus-qu-un-simple-one-shot_63434593.html\" target=\"_blank\" rel=\"noopener\">un retour remarqu\u00e9<\/a>. N\u00b04 face aux Fidji, 3e ligne contre l\u2019Australie, son impact et son leadership font de lui un joueur indispensable aux Bleus. <strong>Gr\u00e9gory Alldritt<\/strong>, lui, aussi, m\u00eame si on n\u2019a pas encore retrouv\u00e9 le Rochelais ravageur qui renvers\u00e9 tout sur son passage.<\/p>\n<p class=\" wall-content\">Enfin, la grosse satisfaction se nomme <strong>Oscar J\u00e9gou<\/strong>. Que ce soit au centre o\u00f9 il a d\u00e9pann\u00e9, ou bien en 3e ligne aile, le Rochelais a couvert un terrain monstre. On a envie de dire qu\u2019il est toujours bon quand il est sur le terrain. Galthi\u00e9 a lou\u00e9 sa mentalit\u00e9, et fait comprendre qu\u2019il repr\u00e9sentait un luxe pour son banc 6-2, qui est \u00ab\u00a0un 5-3 hybride avec J\u00e9gou\u00a0\u00bb.<\/p>\n<ul class=\" wall-content\">\n<li>Anthony Jelonch : 240 minutes<\/li>\n<li>Oscar J\u00e9gou : 177 minutes<\/li>\n<li>Gr\u00e9gory Alldritt : 146 minutes<\/li>\n<li>Charles Ollivon : 96 minutes<\/li>\n<li>Paul Boudehent : 94 minutes<\/li>\n<li>Micka\u00ebl Guillard : 47 minutes<\/li>\n<\/ul>\n<p class=\" wall-content\"><strong>Notre avis<\/strong> : Cros a manqu\u00e9, mais le rugby fran\u00e7ais n\u2019est pas \u00e0 plaindre en 3e ligne aile. Et J\u00e9gou est une solution plus que fiable. En n\u00b08, on attend plus de Gr\u00e9gory Alldritt.\u00a0<\/p>\n<p class=\" wall-content\">Personnalisez votre actualit\u00e9 en ajoutant vos villes et m\u00e9dias en favori avec <a href=\"https:\/\/moncompte.actu.fr\" title=\"D\u00e9couvez Mon Actu\" rel=\"nofollow noopener\" data-trk=\"{&quot;cta&quot;:{&quot;action&quot;:&quot;https:\\\/\\\/moncompte.actu.fr&quot;,&quot;category&quot;:&quot;mon compte&quot;,&quot;from&quot;:&quot;article footer&quot;,&quot;name&quot;:&quot;Mon actu&quot;,&quot;type&quot;:&quot;cta&quot;}}\" target=\"_blank\">Mon Actu<\/a>.<\/p>\n","protected":false},"excerpt":{"rendered":"Par Cl\u00e9ment Mazella Publi\u00e9 le 24 nov. 2025 \u00e0 16h28 2 victoires, 1 d\u00e9faite : voici le bilan&hellip;\n","protected":false},"author":2,"featured_media":556856,"comment_status":"","ping_status":"","sticky":false,"template":"","format":"standard","meta":{"footnotes":""},"categories":[2],"tags":[11,1011,27,12,25,479,60,513],"class_list":{"0":"post-556855","1":"post","2":"type-post","3":"status-publish","4":"format-standard","5":"has-post-thumbnail","7":"category-actualites","8":"tag-actualites","9":"tag-fr","10":"tag-france","11":"tag-news","12":"tag-republique-francaise","13":"tag-rugby","14":"tag-sports","15":"tag-xv-de-france"},"share_on_mastodon":{"url":"https:\/\/pubeurope.com\/@fr\/115608454526048897","error":""},"_links":{"self":[{"href":"https:\/\/www.europesays.com\/fr\/wp-json\/wp\/v2\/posts\/556855","targetHints":{"allow":["GET"]}}],"collection":[{"href":"https:\/\/www.europesays.com\/fr\/wp-json\/wp\/v2\/posts"}],"about":[{"href":"https:\/\/www.europesays.com\/fr\/wp-json\/wp\/v2\/types\/post"}],"author":[{"embeddable":true,"href":"https:\/\/www.europesays.com\/fr\/wp-json\/wp\/v2\/users\/2"}],"replies":[{"embeddable":true,"href":"https:\/\/www.europesays.com\/fr\/wp-json\/wp\/v2\/comments?post=556855"}],"version-history":[{"count":0,"href":"https:\/\/www.europesays.com\/fr\/wp-json\/wp\/v2\/posts\/556855\/revisions"}],"wp:featuredmedia":[{"embeddable":true,"href":"https:\/\/www.europesays.com\/fr\/wp-json\/wp\/v2\/media\/556856"}],"wp:attachment":[{"href":"https:\/\/www.europesays.com\/fr\/wp-json\/wp\/v2\/media?parent=556855"}],"wp:term":[{"taxonomy":"category","embeddable":true,"href":"https:\/\/www.europesays.com\/fr\/wp-json\/wp\/v2\/categories?post=556855"},{"taxonomy":"post_tag","embeddable":true,"href":"https:\/\/www.europesays.com\/fr\/wp-json\/wp\/v2\/tags?post=556855"}],"curies":[{"name":"wp","href":"https:\/\/api.w.org\/{rel}","templated":true}]}}