{"id":556863,"date":"2025-11-25T04:37:14","date_gmt":"2025-11-25T04:37:14","guid":{"rendered":"https:\/\/www.europesays.com\/fr\/556863\/"},"modified":"2025-11-25T04:37:14","modified_gmt":"2025-11-25T04:37:14","slug":"cc-flamanville-les-belges-selectionnes-actualite","status":"publish","type":"post","link":"https:\/\/www.europesays.com\/fr\/556863\/","title":{"rendered":"CC &#8211; Flamanville : Les Belges s\u00e9lectionn\u00e9s &#8211; Actualit\u00e9"},"content":{"rendered":"<p style=\"text-align: justify;\">La deuxi\u00e8me manche de la Coupe du Monde de cyclo-cross se disputera ce dimanche 30 novembre \u00e0\u00a0Flamanville (Manche). Voici la liste des coureurs Belges s\u00e9lectionn\u00e9s par Angelo De Clercq.<\/p>\n<p><strong>La s\u00e9lection belge :<\/strong><br \/><strong>Juniors Femmes<\/strong><br \/>Phebe BLIECK<br \/>Melanie LEMMENS<br \/>Zita PEETERS<\/p>\n<p><strong>Juniors Hommes<\/strong><br \/>Lars CORSUS<br \/>Arthur JANSSENS<br \/>Giel LEJEUNE<br \/>Emiel OSAER<br \/>Bas VANDEN EYNDE<br \/>Jari VAN LEE<\/p>\n<p><strong>Espoirs Hommes<\/strong><br \/>Yordi CORSUS<br \/>Sil DE BRAUWERE<br \/>Kay DE BRUYCKERE<br \/>Aaron DOCKX<br \/>Viktor VANDENBERGHE<br \/>Arthur VAN DEN BOER<\/p>\n<p><strong>\u00c9lite Femmes<\/strong><br \/>Julie BROUWERS<br \/>Kiona CRABB\u00c9<br \/>Shanyl DE SCHOESITTER<br \/>Fleur MOORS<br \/>Marion NORBERT RIBEROLLE &#8211; notre photo<br \/>Jinse PEETERS<br \/>Laura VERDONSCHOT<br \/>Sterre VERVLOET<\/p>\n<p><strong>\u00c9lite Hommes<\/strong><br \/>Toon AERTS<br \/>Witse MEEUSSEN<br \/>Jente MICHELS<br \/>Thibau NYS<br \/>Laurens SWEECK<br \/>Toon VANDEBOSCH<br \/>Victor VAN DE PUTTE<br \/>Niels VANDEPUTTE<br \/>Michael VANTHOURENHOUT<br \/>Emiel VERSTRYNGE<br \/>Joran WYSEURE<\/p>\n","protected":false},"excerpt":{"rendered":"La deuxi\u00e8me manche de la Coupe du Monde de cyclo-cross se disputera ce dimanche 30 novembre \u00e0\u00a0Flamanville (Manche).&hellip;\n","protected":false},"author":2,"featured_media":556864,"comment_status":"","ping_status":"","sticky":false,"template":"","format":"standard","meta":{"footnotes":""},"categories":[1411],"tags":[834,828,836,829,837,827,83,826,824,823,1154,207,814,817,815,816,822,821,832,211,839,1011,27,820,818,819,835,831,830,833,838,60,212,208,825],"class_list":{"0":"post-556863","1":"post","2":"type-post","3":"status-publish","4":"format-standard","5":"has-post-thumbnail","7":"category-cyclisme","8":"tag-attaque","9":"tag-belgique","10":"tag-braquet","11":"tag-bretagne","12":"tag-chute","13":"tag-competition","14":"tag-coupe-de-france","15":"tag-coureur","16":"tag-course-cyclisme","17":"tag-course-cycliste","18":"tag-cycling","19":"tag-cyclisme","20":"tag-direct","21":"tag-direct-velo","22":"tag-directvelo","23":"tag-directvelo-com","24":"tag-epreuve","25":"tag-epreuve-cycliste","26":"tag-federation-francaise-de-cyclisme","27":"tag-ffc","28":"tag-flandres","29":"tag-fr","30":"tag-france","31":"tag-live","32":"tag-live-course","33":"tag-live-epreuve","34":"tag-peloton","35":"tag-radio-peloton","36":"tag-radio-tour","37":"tag-ravitaillement","38":"tag-relance","39":"tag-sports","40":"tag-uci","41":"tag-velo","42":"tag-velos"},"share_on_mastodon":{"url":"https:\/\/pubeurope.com\/@fr\/115608488783517693","error":""},"_links":{"self":[{"href":"https:\/\/www.europesays.com\/fr\/wp-json\/wp\/v2\/posts\/556863","targetHints":{"allow":["GET"]}}],"collection":[{"href":"https:\/\/www.europesays.com\/fr\/wp-json\/wp\/v2\/posts"}],"about":[{"href":"https:\/\/www.europesays.com\/fr\/wp-json\/wp\/v2\/types\/post"}],"author":[{"embeddable":true,"href":"https:\/\/www.europesays.com\/fr\/wp-json\/wp\/v2\/users\/2"}],"replies":[{"embeddable":true,"href":"https:\/\/www.europesays.com\/fr\/wp-json\/wp\/v2\/comments?post=556863"}],"version-history":[{"count":0,"href":"https:\/\/www.europesays.com\/fr\/wp-json\/wp\/v2\/posts\/556863\/revisions"}],"wp:featuredmedia":[{"embeddable":true,"href":"https:\/\/www.europesays.com\/fr\/wp-json\/wp\/v2\/media\/556864"}],"wp:attachment":[{"href":"https:\/\/www.europesays.com\/fr\/wp-json\/wp\/v2\/media?parent=556863"}],"wp:term":[{"taxonomy":"category","embeddable":true,"href":"https:\/\/www.europesays.com\/fr\/wp-json\/wp\/v2\/categories?post=556863"},{"taxonomy":"post_tag","embeddable":true,"href":"https:\/\/www.europesays.com\/fr\/wp-json\/wp\/v2\/tags?post=556863"}],"curies":[{"name":"wp","href":"https:\/\/api.w.org\/{rel}","templated":true}]}}