{"id":556867,"date":"2025-11-25T04:39:12","date_gmt":"2025-11-25T04:39:12","guid":{"rendered":"https:\/\/www.europesays.com\/fr\/556867\/"},"modified":"2025-11-25T04:39:12","modified_gmt":"2025-11-25T04:39:12","slug":"cette-astuce-de-yannick-noah-pour-se-fair","status":"publish","type":"post","link":"https:\/\/www.europesays.com\/fr\/556867\/","title":{"rendered":"cette astuce de Yannick Noah pour se fair &#8230;"},"content":{"rendered":"<p>EN BREF<\/p>\n<ul class=\"bloc_resume_post_list\">\n<li>Yannick Noah, c\u00e9l\u00e8bre pour sa victoire \u00e0 Roland-Garros en<br \/>\n1983 et sa carri\u00e8re musicale, se lance dans la com\u00e9die avec un r\u00f4le<br \/>\nsur France 2.<\/li>\n<li>Il incarne un directeur de tournoi de tennis<br \/>\ncharismatique et myst\u00e9rieux dans le polar \u00ab\u00a0Mort sur terre<br \/>\nbattue&rsquo;.<\/li>\n<li>Son look transform\u00e9 et l&rsquo;aide de sa fille et d&rsquo;une coach<br \/>\npersonnelle l&rsquo;ont aid\u00e9 \u00e0 se fondre dans son personnage.<\/li>\n<\/ul>\n<p>Apr\u00e8s avoir marqu\u00e9 l\u2019histoire du tennis fran\u00e7ais <a href=\"https:\/\/www.telestar.fr\/people\/instant-vintage-quand-yannick-noah-remportait-roland-garros-face-a-mats-wilander-en-1983-825061\" target=\"_blank\" rel=\"noopener\"><br \/>\nen remportant Roland-Garros en 1983<\/a> et conquis le public avec<br \/>\nsa carri\u00e8re musicale, notamment gr\u00e2ce \u00e0 Saga Africa,<br \/>\n<strong>Yannick Noah<\/strong> se lance dans un nouveau d\u00e9fi : la<br \/>\ncom\u00e9die. Ce soir sur France 2, il appara\u00eet dans le polar Mort<br \/>\nsur terre battue.\u00a0<\/p>\n<p>Dans une interview accord\u00e9e au Figaro, il confie :<br \/>\n\u00ab\u00a0C&rsquo;\u00e9tait une belle opportunit\u00e9 car c&rsquo;est la premi\u00e8re fois qu&rsquo;on<br \/>\nme propose un r\u00f4le pareil. Je me suis pris au jeu. Au d\u00e9part, je<br \/>\nressentais un m\u00e9lange <strong>d&rsquo;inqui\u00e9tude et de<br \/>\ncuriosit\u00e9<\/strong>. J&rsquo;avais fait quelques apparitions, notamment<br \/>\ndans le dernier Nicolas Vanier, mais, l\u00e0, j&rsquo;avais beaucoup de<br \/>\ntexte. J&rsquo;\u00e9tais tr\u00e8s motiv\u00e9. J&rsquo;ai beaucoup appris pendant le<br \/>\ntournage. C&rsquo;\u00e9tait agr\u00e9able de me retrouver comme un petit junior<br \/>\n(rires). Il n&rsquo;y a rien de pire que de se dire qu&rsquo;on a fait le tour<br \/>\ndes choses.\u00a0\u00bb<\/p>\n<p>Yannick Noah incarne le directeur d&rsquo;un tournoi de tennis<\/p>\n<p>Yannick Noah y joue <strong data-start=\"1059\" data-end=\"1098\">le<br \/>\ndirecteur d\u2019un tournoi de tennis<\/strong>, un homme au double<br \/>\nvisage, \u00e0 la fois charismatique et myst\u00e9rieux. \u00ab\u00a0Au niveau du<br \/>\nd\u00e9paysement, ce n&rsquo;est pas vraiment ce que je recherchais&#8230; Et<br \/>\npuis, l&rsquo;ai d\u00e9couvert mon personnage, un homme ambigu avec une face<br \/>\ncach\u00e9e, qui joue un double jeu. Il y avait aussi des sc\u00e8nes de<br \/>\nbaston o\u00f9 il n&rsquo;est pas clair, \u00e7a me plaisait\u00a0\u00bb,<br \/>\nexplique-t-il.<\/p>\n<p>Pour l\u2019aider \u00e0 entrer pleinement dans ce r\u00f4le, l\u2019ancien champion<br \/>\na pu compter sur une <strong data-start=\"1476\" data-end=\"1497\">coach personnelle<\/strong>, mais aussi sur sa fille, qui a<br \/>\nelle-m\u00eame un petit r\u00f4le dans la fiction. \u00ab\u00a0C&rsquo;\u00e9tait doublement<br \/>\nbien : elle me faisait travailler et on passait du temps ensemble.<br \/>\nJ\u2019ai fait de mon mieux. Je ne voulais pas peser sur l\u2019\u00e9quipe.<br \/>\nFlorent Peyre m\u2019a aussi beaucoup aid\u00e9. Quand il jouait, j\u2019avais<br \/>\nl\u2019impression d\u2019\u00eatre dans une situation r\u00e9elle, c\u2019est un grand<br \/>\nprofessionnel. Et entre les prises, tout le monde \u00e9tait<br \/>\nbienveillant et m\u2019encourageait. Je me suis \u00e9clat\u00e9\u00a0\u00bb,<br \/>\nraconte-t-il.<\/p>\n<p>Yannick Noah son astuce pour \u00eatre<br \/>\nm\u00e9connaissable<\/p>\n<p>Pour se d\u00e9tacher de son image de star, <a href=\"https:\/\/www.telestar.fr\/people\/du-genre-a-aller-chez-drucker-ou-delahousse-thierry-ardisson-cinglant-avec-yannick-noah-quil-setait-mis-a-dos-1731297\" target=\"_blank\" rel=\"noopener\"><br \/>\nYannick Noah<\/a> a trouv\u00e9 une petite astuce. \u00ab\u00a0Je voulais<br \/>\nvraiment qu\u2019on oublie Yannick. On a tourn\u00e9 dans mon club de tennis<br \/>\no\u00f9 je joue depuis quarante ans et les gens ne me reconnaissaient<br \/>\npas. Je me suis dit : \u00ab\u202f\u00c7a marche\u202f!\u202f\u00bb\u00a0\u00bb, confie-t-il. Le look<br \/>\nsoign\u00e9 avec cheveux gomin\u00e9s, chemise et veste l\u2019aidait \u00e0 se glisser<br \/>\nimm\u00e9diatement dans la peau de son personnage. \u00ab\u00a0Moi, avec une<br \/>\nchemise et une veste, je me sens d\u00e9guis\u00e9\u202f!\u00a0\u00bb ajoute-t-il.<\/p>\n<p>Avant de conclure : \u00ab\u00a0J&rsquo;ai vraiment pris du plaisir \u00e0 jouer,<br \/>\net l&rsquo;\u00e9quipe avait l&rsquo;air de dire que \u00e7a fonctionnait. Il y a des<br \/>\nmoments o\u00f9 je me suis senti vraiment \u00e0 l&rsquo;aise, j&rsquo;\u00e9tais dans le<br \/>\npersonnage et j&rsquo;ai ador\u00e9 ca. J&rsquo;ai eu l<strong>a m\u00eame sensation que<br \/>\nlorsque je suis sur sc\u00e8ne<\/strong>, que je vis la chanson et que je<br \/>\nne pense \u00e0 rien d&rsquo;autre.\u00a0\u00bb<\/p>\n","protected":false},"excerpt":{"rendered":"EN BREF Yannick Noah, c\u00e9l\u00e8bre pour sa victoire \u00e0 Roland-Garros en 1983 et sa carri\u00e8re musicale, se lance&hellip;\n","protected":false},"author":2,"featured_media":556868,"comment_status":"","ping_status":"","sticky":false,"template":"","format":"standard","meta":{"footnotes":""},"categories":[1359],"tags":[548,58,59,1011,27,973],"class_list":{"0":"post-556867","1":"post","2":"type-post","3":"status-publish","4":"format-standard","5":"has-post-thumbnail","7":"category-people","8":"tag-article-simple","9":"tag-divertissement","10":"tag-entertainment","11":"tag-fr","12":"tag-france","13":"tag-people"},"share_on_mastodon":{"url":"https:\/\/pubeurope.com\/@fr\/115608496556606440","error":""},"_links":{"self":[{"href":"https:\/\/www.europesays.com\/fr\/wp-json\/wp\/v2\/posts\/556867","targetHints":{"allow":["GET"]}}],"collection":[{"href":"https:\/\/www.europesays.com\/fr\/wp-json\/wp\/v2\/posts"}],"about":[{"href":"https:\/\/www.europesays.com\/fr\/wp-json\/wp\/v2\/types\/post"}],"author":[{"embeddable":true,"href":"https:\/\/www.europesays.com\/fr\/wp-json\/wp\/v2\/users\/2"}],"replies":[{"embeddable":true,"href":"https:\/\/www.europesays.com\/fr\/wp-json\/wp\/v2\/comments?post=556867"}],"version-history":[{"count":0,"href":"https:\/\/www.europesays.com\/fr\/wp-json\/wp\/v2\/posts\/556867\/revisions"}],"wp:featuredmedia":[{"embeddable":true,"href":"https:\/\/www.europesays.com\/fr\/wp-json\/wp\/v2\/media\/556868"}],"wp:attachment":[{"href":"https:\/\/www.europesays.com\/fr\/wp-json\/wp\/v2\/media?parent=556867"}],"wp:term":[{"taxonomy":"category","embeddable":true,"href":"https:\/\/www.europesays.com\/fr\/wp-json\/wp\/v2\/categories?post=556867"},{"taxonomy":"post_tag","embeddable":true,"href":"https:\/\/www.europesays.com\/fr\/wp-json\/wp\/v2\/tags?post=556867"}],"curies":[{"name":"wp","href":"https:\/\/api.w.org\/{rel}","templated":true}]}}